{"id":121970,"date":"2019-12-05T13:23:45","date_gmt":"2019-12-05T12:23:45","guid":{"rendered":"http:\/\/gazdasagportal.hu\/?p=121970"},"modified":"2019-12-05T13:23:45","modified_gmt":"2019-12-05T12:23:45","slug":"50-kal-tobb-utas-2020-ra-duplazodo-elofoglalas-az-aldi-utazasnal","status":"publish","type":"post","link":"https:\/\/gazdasagportal.hu\/index.php\/50-kal-tobb-utas-2020-ra-duplazodo-elofoglalas-az-aldi-utazasnal\/","title":{"rendered":"50%-kal t\u00f6bb utas, 2020-ra dupl\u00e1z\u00f3d\u00f3 el\u0151foglal\u00e1s az ALDI UTAZ\u00c1SN\u00c1L"},"content":{"rendered":"<p style=\"font-weight: 400;\"><strong>Jelent\u0151sen b\u0151v\u00fclt 2019-ben az ALDI UTAZ\u00c1S magyarorsz\u00e1gi tev\u00e9kenys\u00e9ge: az \u00e9v els\u0151 11 h\u00f3napja sor\u00e1n mintegy 50%-kal n\u0151tt az utasok sz\u00e1ma az el\u0151z\u0151 \u00e9v hasonl\u00f3 id\u0151szak\u00e1hoz k\u00e9pest, mik\u00f6zben a forgalom k\u00f6zel 60%-kal mutatott magasabb \u00e9rt\u00e9ket. A magyarorsz\u00e1gi utasok ALDI UTAZ\u00c1S ir\u00e1nti bizalm\u00e1t mutatja, hogy az \u00e9rt\u00e9kes\u00edt\u00e9s nagyobb r\u00e9sz\u00e9t kitev\u0151, k\u00f6rnyez\u0151 orsz\u00e1gokba sz\u00f3l\u00f3, kedvezm\u00e9nyes, jellemz\u0151en n\u00e9h\u00e1ny t\u00edzezer forint \u00e9rt\u00e9k\u0171 utak \u00e9s sz\u00e1ll\u00e1sok mellett rendk\u00edv\u00fcl kelend\u0151k voltak a k\u00fcl\u00f6nb\u00f6z\u0151, t\u00f6bb sz\u00e1zezer, n\u00e9ha egymilli\u00f3 forintot is meghalad\u00f3 \u00e9rt\u00e9k\u0171 tengeri haj\u00f3s k\u00f6rutak is. Az ALDI UTAZ\u00c1S 2019-es szezonj\u00e1ban a legdr\u00e1g\u00e1bb \u00e9s egyben legt\u00e1volabbi \u00fat egy Ausztr\u00e1li\u00e1t \u00e9s \u00daj-Z\u00e9landot is mag\u00e1ban foglal\u00f3 tengeri k\u00f6rutaz\u00e1s volt, amely szint\u00e9n megtal\u00e1lta utaz\u00f3k\u00f6z\u00f6ns\u00e9g\u00e9t. Mindezek k\u00f6vetkezt\u00e9ben n\u0151tt az egy utasra jut\u00f3 foglal\u00e1sok \u00e1tlag\u00e1ra: az elm\u00falt 11 h\u00f3napban b\u0151 10%-kal emelkedett ez az \u00e9rt\u00e9k.<\/strong><\/p>\n<p style=\"font-weight: 400;\"><strong>\u00a0<\/strong><\/p>\n<p><!--more--><\/p>\n<div class=\"ads-in-post1\"><div id=\"gazdasagportal.hu_fullbanner_wideboard\"><\/div>\r\n<\/div>\n<p style=\"font-weight: 400;\"><strong>V\u00e1ltoz\u00f3 foglal\u00e1si szok\u00e1sok<\/strong><\/p>\n<p style=\"font-weight: 400;\">A v\u00e1llalat v\u00e1ltoz\u00f3 fogyaszt\u00f3i trendeket tapasztal mind a ny\u00e1ri, mind a s\u00edszezon alatti utakn\u00e1l, a magyar utasok a last minute aj\u00e1nlatok helyett egyre ink\u00e1bb az \u201eearly bird\u201d aj\u00e1nlatokat keresik, \u00e9s h\u00f3napokkal el\u0151re terveznek. Az utaz\u00f3k z\u00f6me az aut\u00f3val is k\u00f6nnyen el\u00e9rhet\u0151 desztin\u00e1ci\u00f3kat r\u00e9szes\u00edti el\u0151nyben, de rendk\u00edv\u00fcli m\u00e9rt\u00e9kben fejl\u0151dik a tengeri utaz\u00e1sok szegmense is. A telefonos \u00fcgyf\u00e9lszolg\u00e1lat adatai alapj\u00e1n a v\u00e1llalat \u00fcgyfelei kiemelt figyelmet ford\u00edtanak a megb\u00edzhat\u00f3s\u00e1gra \u2013 ha befizetik az utat, a biztos hazajut\u00e1s megnyugtat\u00f3 tudat\u00e1ban szeretn\u00e9nek \u00fatra kelni.<\/p><div id=\"gazda-667489124\" class=\"gazda-tartalomban gazda-entity-placement\"><script async src=\"https:\/\/pagead2.googlesyndication.com\/pagead\/js\/adsbygoogle.js\"><\/script>\r\n<ins class=\"adsbygoogle\"\r\n     style=\"display:block\"\r\n     data-ad-format=\"fluid\"\r\n     data-ad-layout-key=\"-6t+ed+2i-1n-4w\"\r\n     data-ad-client=\"ca-pub-1959107119989764\"\r\n     data-ad-slot=\"4008251320\"><\/ins>\r\n<script>\r\n     (adsbygoogle = window.adsbygoogle || []).push({});\r\n<\/script><\/div>\n<p style=\"font-weight: 400;\"><strong>\u00a0<\/strong><\/p>\n<p style=\"font-weight: 400;\"><strong>Ausztria a legn\u00e9pszer\u0171bb, felj\u00f6v\u0151ben a haj\u00f3s k\u00f6rutak<\/strong><\/p>\n<p style=\"font-weight: 400;\">A szolg\u00e1ltat\u00e1st ny\u00fajt\u00f3 osztr\u00e1k Eurotours tapasztalata szerint a ny\u00e1ri foglal\u00e1sokn\u00e1l a horv\u00e1t \u00e9s olasz tengerparti nyaral\u00e1sok mellett a belf\u00f6ldi \u00e9s a haj\u00f3s k\u00f6rutak lettek a legn\u00e9pszer\u0171bbek: ez ut\u00f3bbiak k\u00f6z\u00fcl a magyar utaz\u00f3k a mediterr\u00e1n haj\u00f3s k\u00f6rutakat v\u00e1lasztj\u00e1k a leggyakrabban.<\/p>\n<p style=\"font-weight: 400;\">Az ALDI UTAZ\u00c1S c\u00e9lorsz\u00e1gai k\u00f6z\u00fcl m\u00e9g mindig Ausztria a legn\u00e9pszer\u0171bb, minden harmadik foglal\u00e1s ide \u00e9rkezik. Els\u0151sorban az osztr\u00e1k s\u00edutak \u00e9s v\u00e1rosn\u00e9z\u0151s programok kedveltek, vagyis B\u00e9cs \u00e9s Salzburg a legl\u00e1togatottabbak, de Karintia \u00e9s St\u00e1jerorsz\u00e1g szint\u00e9n felkapott a magyarok k\u00f6r\u00e9ben. Nem v\u00e9letlen, hiszen az ALDI UTAZ\u00c1S k\u00edn\u00e1lat\u00e1ban rendk\u00edv\u00fcl jut\u00e1nyos \u00e1ron is tal\u00e1lni min\u0151s\u00e9gi sz\u00e1ll\u00e1sokat \u2013 volt olyan osztr\u00e1k apartman, amelyben 4 feln\u0151tt r\u00e9sz\u00e9re 7 \u00e9jszak\u00e1ra \u00e9jszak\u00e1nk\u00e9nt 4 812 Ft-t\u00f3l lehetett sz\u00e1ll\u00e1st b\u00e9relni, azaz 1 203 Ft-ba ker\u00fclt egy f\u0151re egy \u00e9jszaka.<\/p>\n<p style=\"font-weight: 400;\">Ausztria m\u00f6g\u00f6tt m\u00e1sodik helyen \u2013 holtversenyben \u2013 k\u00f6vetkezik Horv\u00e1torsz\u00e1g \u00e9s Olaszorsz\u00e1g, majd a belf\u00f6ldi utak j\u00f6nnek: a harmadik legt\u00f6bb foglal\u00e1s m\u00e1r Magyarorsz\u00e1gra \u00e9rkezik. Kedveltek a wellness hotelek, illetve felj\u00f6v\u0151ben van a Balaton. Negyedikk\u00e9nt \u2013 a foglal\u00e1sok k\u00f6zel 7%-\u00e1val \u2013 a szlov\u00e9niai utakra foglalnak legt\u00f6bben az ALDI UTAZ\u00c1S vev\u0151i k\u00f6z\u00fcl, \u00e9s \u00f6t\u00f6dik helyre j\u00f6ttek fel a k\u00fcl\u00f6nf\u00e9le haj\u00f3s k\u00f6rutak, amelyekb\u0151l szint\u00e9n sz\u00e9les v\u00e1laszt\u00e9kot k\u00edn\u00e1l az ALDI UTAZ\u00c1S.<\/p>\n<p style=\"font-weight: 400;\">Az ALDI UTAZ\u00c1S \u00fcgyfelei k\u00f6r\u00e9ben a legkedveltebb ausztriai desztin\u00e1ci\u00f3 ny\u00e1ron Salzburg \u00e9s Karintia volt, t\u00e9len pedig Semmering \u00e9s a Rauris s\u00edparadicsom. Horv\u00e1torsz\u00e1gban Krk szigete \u00e9s Gradac, Olaszorsz\u00e1gban pedig Jesolo \u00e9s Lignano a legkeresettebbek, m\u00edg Magyarorsz\u00e1gon a Balatonra \u00e9s S\u00e1rv\u00e1rra utaznak a legt\u00f6bben a v\u00e1llalat utasai k\u00f6z\u00fcl.<\/p>\n<p style=\"font-weight: 400;\">\n<p style=\"font-weight: 400;\"><strong>Dupl\u00e1j\u00e1ra n\u0151tt az el\u0151foglal\u00e1sok sz\u00e1ma 2020-ra<\/strong><\/p>\n<p style=\"font-weight: 400;\">A 2020-as szezonra k\u00e9tszer annyi el\u0151foglal\u00e1st regisztr\u00e1lt a v\u00e1llalat, mint egy \u00e9vvel kor\u00e1bban. A be\u00e9rkez\u0151 el\u0151foglal\u00e1sok eset\u00e9ben imm\u00e1r k\u00f6zel 80%-kal magasabb az egy utasra jut\u00f3 foglal\u00e1sok \u00e1tlag\u00e1ra \u2013 vagyis a dr\u00e1g\u00e1bb utakat m\u00e1r id\u00e9n lefoglalj\u00e1k a magyar utasok. J\u00f6v\u0151re a v\u00e1llalat m\u00e9g t\u00f6bb magyar nyelv\u0171 k\u00f6rutat tervez be\u00e9p\u00edteni k\u00edn\u00e1lat\u00e1ba, k\u00f6zt\u00fck az Egyes\u00fclt Arab Emir\u00e1tusokba (Dubaiba \u00e9s Abu Dhabiba), T\u00f6r\u00f6korsz\u00e1gba, Izraelbe \u00e9s Jord\u00e1ni\u00e1ba, K\u00edn\u00e1ba, Thaif\u00f6ldre, Vietn\u00e1mba, Kambodzs\u00e1ba \u00e9s Kub\u00e1ba utazhatnak majd az ALDI UTAZ\u00c1S \u00fcgyfelei.<\/p>\n<p style=\"font-weight: 400;\"><strong>\u00a0<\/strong><\/p>\n<p style=\"font-weight: 400;\"><strong>\u00c9vente \u00e1tlagosan 10\u00a0000 utas<\/strong><\/p>\n<p style=\"font-weight: 400;\">Ugyancsak a bizalmat mutatja, hogy alig t\u00f6bb mint k\u00e9t \u00e9v alatt mintegy 20\u00a0000 utas v\u00e1lasztott a v\u00e1llalat \u00e1ltal online k\u00edn\u00e1lt utaz\u00e1sok \u00e9s sz\u00e1ll\u00e1sok k\u00f6z\u00fcl. Szint\u00e9n a v\u00e1s\u00e1rl\u00f3i elk\u00f6telezetts\u00e9g \u00e9s rugalmass\u00e1g jele, hogy az ALDI UTAZ\u00c1S b\u00e9csi indul\u00e1s\u00fa \u00fatjait is el\u0151szeretettel v\u00e1lasztj\u00e1k a v\u00e1s\u00e1rl\u00f3k. Az utasok 20%-a az utaz\u00e1s id\u0151tartam\u00e1ra sz\u00f3l\u00f3 utasbiztos\u00edt\u00e1s\u00e1t is az ALDI UTAZ\u00c1S online fel\u00fclet\u00e9n kereszt\u00fcl k\u00f6ti meg. Az ALDI UTAZ\u00c1S az indul\u00e1sa \u00f3ta brutt\u00f3 \u00e1raz\u00e1st alkalmaz, vagyis a meghirdetett \u00e1rak az ad\u00f3kat \u00e9s illet\u00e9keket is tartalmazz\u00e1k, illetve minden \u00fat tov\u00e1bbra is ingyenesen lemondhat\u00f3 a foglal\u00e1st k\u00f6vet\u0151 24 \u00f3r\u00e1n bel\u00fcl.<\/p>\n<p style=\"font-weight: 400;\">\n<div class=\"ads-in-post2\"><script async src=\"https:\/\/pagead2.googlesyndication.com\/pagead\/js\/adsbygoogle.js\"><\/script>\r\n<ins class=\"adsbygoogle\"\r\n     style=\"display:block\"\r\n     data-ad-format=\"fluid\"\r\n     data-ad-layout-key=\"-6t+ed+2i-1n-4w\"\r\n     data-ad-client=\"ca-pub-1959107119989764\"\r\n     data-ad-slot=\"4008251320\"><\/ins>\r\n<script>\r\n     (adsbygoogle = window.adsbygoogle || []).push({});\r\n<\/script><\/div>\n<p style=\"font-weight: 400;\"><strong>Az ALDI-r\u00f3l<\/strong><\/p>\n<p style=\"font-weight: 400;\">Az ALDI a diszkont filoz\u00f3fia megalkot\u00f3jak\u00e9nt kiv\u00e1l\u00f3 min\u0151s\u00e9g\u0171 \u00e9lelmiszereket \u00e9s non-food term\u00e9keket biztos\u00edt v\u00e1s\u00e1rl\u00f3i sz\u00e1m\u00e1ra a lehet\u0151 legkedvez\u0151bb \u00e1ron. Az ALDI Magyarorsz\u00e1g \u00c9lelmiszer Bt. 2008-ban nyitotta meg h\u00e1l\u00f3zat\u00e1nak els\u0151 \u00e1ruh\u00e1z\u00e1t Magyarorsz\u00e1gon, jelenleg orsz\u00e1gszerte 143 \u00fczlettel van jelen a magyar kiskereskedelemben \u00e9s mintegy 3600 f\u0151t foglalkoztat. A v\u00e1llalat ALDI UTAZ\u00c1S m\u00e1rkan\u00e9v alatt egy\u00e9ni \u00e9s csoportos utaz\u00e1sok, sz\u00e1ll\u00e1sok \u00e9s sz\u00e9les k\u00f6r\u00e9t k\u00edn\u00e1lja online platformon, tov\u00e1bb\u00e1 \u00f6t \u00fczlet\u00e9nek parkol\u00f3j\u00e1ban diszkont benzinkutakat \u00fczemeltet. Az ALDI mind a biatorb\u00e1gyi logisztikai k\u00f6zpontj\u00e1nak, mind pedig boltjainak teljes \u00e1ramszolg\u00e1ltat\u00e1s\u00e1t z\u00f6ld\u00e1rammal biztos\u00edtja, tov\u00e1bb\u00e1 kl\u00edmav\u00e9delmi projektek t\u00e1mogat\u00e1s\u00e1val ellent\u00e9telezi az operat\u00edv m\u0171k\u00f6d\u00e9s\u00e9b\u0151l sz\u00e1rmaz\u00f3 \u00fcvegh\u00e1zhat\u00e1s\u00fa-g\u00e1zkibocs\u00e1t\u00e1s\u00e1t, \u00edgy karbonsemleges m\u0171k\u00f6d\u00e9s\u0171. A v\u00e1llalatr\u00f3l b\u0151vebb inform\u00e1ci\u00f3 a\u00a0<a href=\"http:\/\/www.aldi.hu\/\" data-saferedirecturl=\"https:\/\/www.google.com\/url?q=http:\/\/www.aldi.hu&amp;source=gmail&amp;ust=1575634967130000&amp;usg=AFQjCNEfkpKzuJ-l2xOlhMZON5OLtd0D7w\" target=\"_blank\" rel=\"noopener\">www.aldi.hu<\/a>\u00a0honlapon tal\u00e1lhat\u00f3.<\/p>\n","protected":false},"excerpt":{"rendered":"<p>Jelent\u0151sen b\u0151v\u00fclt 2019-ben az ALDI UTAZ\u00c1S magyarorsz\u00e1gi tev\u00e9kenys\u00e9ge: az \u00e9v els\u0151 11 h\u00f3napja sor\u00e1n mintegy 50%-kal n\u0151tt az utasok sz\u00e1ma az el\u0151z\u0151 \u00e9v hasonl\u00f3 id\u0151szak\u00e1hoz k\u00e9pest, mik\u00f6zben a forgalom k\u00f6zel 60%-kal mutatott magasabb \u00e9rt\u00e9ket. A magyarorsz\u00e1gi utasok ALDI UTAZ\u00c1S ir\u00e1nti bizalm\u00e1t mutatja, hogy az \u00e9rt\u00e9kes\u00edt\u00e9s nagyobb r\u00e9sz\u00e9t kitev\u0151, k\u00f6rnyez\u0151 orsz\u00e1gokba sz\u00f3l\u00f3, kedvezm\u00e9nyes, jellemz\u0151en n\u00e9h\u00e1ny t\u00edzezer &#8230;<\/p>\n","protected":false},"author":1,"featured_media":0,"comment_status":"closed","ping_status":"open","sticky":false,"template":"","format":"standard","meta":[],"categories":[19],"tags":[],"_links":{"self":[{"href":"https:\/\/gazdasagportal.hu\/index.php\/wp-json\/wp\/v2\/posts\/121970"}],"collection":[{"href":"https:\/\/gazdasagportal.hu\/index.php\/wp-json\/wp\/v2\/posts"}],"about":[{"href":"https:\/\/gazdasagportal.hu\/index.php\/wp-json\/wp\/v2\/types\/post"}],"author":[{"embeddable":true,"href":"https:\/\/gazdasagportal.hu\/index.php\/wp-json\/wp\/v2\/users\/1"}],"replies":[{"embeddable":true,"href":"https:\/\/gazdasagportal.hu\/index.php\/wp-json\/wp\/v2\/comments?post=121970"}],"version-history":[{"count":1,"href":"https:\/\/gazdasagportal.hu\/index.php\/wp-json\/wp\/v2\/posts\/121970\/revisions"}],"predecessor-version":[{"id":121971,"href":"https:\/\/gazdasagportal.hu\/index.php\/wp-json\/wp\/v2\/posts\/121970\/revisions\/121971"}],"wp:attachment":[{"href":"https:\/\/gazdasagportal.hu\/index.php\/wp-json\/wp\/v2\/media?parent=121970"}],"wp:term":[{"taxonomy":"category","embeddable":true,"href":"https:\/\/gazdasagportal.hu\/index.php\/wp-json\/wp\/v2\/categories?post=121970"},{"taxonomy":"post_tag","embeddable":true,"href":"https:\/\/gazdasagportal.hu\/index.php\/wp-json\/wp\/v2\/tags?post=121970"}],"curies":[{"name":"wp","href":"https:\/\/api.w.org\/{rel}","templated":true}]}}