{"id":121966,"date":"2019-12-05T12:41:45","date_gmt":"2019-12-05T11:41:45","guid":{"rendered":"http:\/\/gazdasagportal.hu\/?p=121966"},"modified":"2019-12-05T12:41:45","modified_gmt":"2019-12-05T11:41:45","slug":"a-kiskereskedelem-a-negyedik-negyedevben-is-eros-tamasza-lehet-a-gazdasagi-novekedesnek","status":"publish","type":"post","link":"https:\/\/gazdasagportal.hu\/index.php\/a-kiskereskedelem-a-negyedik-negyedevben-is-eros-tamasza-lehet-a-gazdasagi-novekedesnek\/","title":{"rendered":"A kiskereskedelem a negyedik negyed\u00e9vben is er\u0151s t\u00e1masza lehet a gazdas\u00e1gi n\u00f6veked\u00e9snek"},"content":{"rendered":"<p><strong>A gazdas\u00e1gi n\u00f6veked\u00e9si lend\u00fclet folytat\u00f3d\u00e1s\u00e1ra utal a kiskereskedelmi forgalom v\u00e1rakoz\u00e1sokat meghalad\u00f3 okt\u00f3beri adata, amely az els\u0151 a negyedik negyed\u00e9vi jelz\u0151sz\u00e1mok k\u00f6z\u00fcl. A lakoss\u00e1gi fogyaszt\u00e1st a re\u00e1lkeresetek t\u00f6retlen emelked\u00e9se t\u00e1pl\u00e1lja &#8211; \u00e1llap\u00edtott\u00e1k meg az MTI-nek nyilatkoz\u00f3 elemz\u0151k a K\u00f6zponti Statisztikai Hivatal (KSH) adatait komment\u00e1lva.<\/strong><!--more--><\/p>\n<div class=\"ads-in-post1\"><div id=\"gazdasagportal.hu_fullbanner_wideboard\"><\/div>\r\n<\/div>\n<p>    A KSH jelent\u00e9se szerint okt\u00f3berben a kiskereskedelmi \u00fczletek forgalma 6,2 sz\u00e1zal\u00e9kkal haladta meg az el\u0151z\u0151 \u00e9v azonos id\u0151szak\u00e1\u00e9t.<br \/>\n    A nem \u00e9lelmiszer-kiskereskedelmi \u00fczletekben 9,8 sz\u00e1zal\u00e9kkal n\u0151tt a napt\u00e1rhat\u00e1st\u00f3l megtiszt\u00edtott forgalom \u00e9ves \u00f6sszehasonl\u00edt\u00e1sban az el\u0151z\u0151 havi 8,5 sz\u00e1zal\u00e9kot k\u00f6vet\u0151en. Az \u00e9lelmiszer- \u00e9s \u00e9lelmiszer jelleg\u0171 vegyes kiskereskedelmi \u00fczletekben 3,4 sz\u00e1zal\u00e9kosra gyorsult a forgalom n\u00f6veked\u00e9se. Az \u00fczemanyag v\u00e1s\u00e1rl\u00e1sok 5,4 sz\u00e1zal\u00e9kkal emelkedtek, a szeptemberi 6,1 sz\u00e1zal\u00e9kn\u00e1l valamivel lassabban.<br \/>\n    Suppan Gergely, a Takar\u00e9kbank vezet\u0151 elemz\u0151je komment\u00e1rj\u00e1ban azt hangs\u00falyozta, hogy a negyedik negyed\u00e9vben sem l\u00e1tszik lassul\u00e1s a kiskereskedelemben, ami er\u0151s t\u00e1masz maradhat GDP n\u00f6veked\u00e9si \u00fctem\u00e9nek fenntart\u00e1s\u00e1hoz is. Id\u00e9n a b\u00e9rek k\u00e9tsz\u00e1mjegy\u0171 n\u00f6veked\u00e9se miatt a re\u00e1lb\u00e9rek n\u00f6veked\u00e9se meghaladhatja a 7 sz\u00e1zal\u00e9kot, \u00edgy folytat\u00f3dhat a kiskereskedelmi forgalom dinamikus n\u00f6veked\u00e9se. Ennek m\u00e9rt\u00e9ke id\u00e9n 5,9 sz\u00e1zal\u00e9kra, j\u00f6v\u0151re 4,3 sz\u00e1zal\u00e9kra lassulhat a tavalyi 6,7 sz\u00e1zal\u00e9kr\u00f3l. A kiskereskedelemnek tov\u00e1bbi l\u00f6k\u00e9st adhat az \u00faj lak\u00e1sok id\u00e9n \u00e9s j\u00f6v\u0151re v\u00e1rhat\u00f3 \u00e1tad\u00e1si hull\u00e1ma, valamint a csal\u00e1dv\u00e9delmi akci\u00f3terv is.<br \/>\n<div class=\"ads-in-post2\"><script async src=\"https:\/\/pagead2.googlesyndication.com\/pagead\/js\/adsbygoogle.js\"><\/script>\r\n<ins class=\"adsbygoogle\"\r\n     style=\"display:block\"\r\n     data-ad-format=\"fluid\"\r\n     data-ad-layout-key=\"-6t+ed+2i-1n-4w\"\r\n     data-ad-client=\"ca-pub-1959107119989764\"\r\n     data-ad-slot=\"4008251320\"><\/ins>\r\n<script>\r\n     (adsbygoogle = window.adsbygoogle || []).push({});\r\n<\/script><\/div>\n    Virov\u00e1cz P\u00e9ter, az ING Bank vezet\u0151 elemz\u0151je az MTI-hez eljuttatott komment\u00e1rj\u00e1ban lesz\u00f6gezte: a kiskereskedelmi forgalom  v\u00e1rakoz\u00e1sokat fel\u00fclm\u00fal\u00f3 n\u00f6veked\u00e9se tov\u00e1bbra is egy\u00e9rtelm\u0171en a nem \u00e9lelmiszer-kiskereskedelemhez k\u00f6thet\u0151. A h\u00e1ztart\u00e1sok kihaszn\u00e1lj\u00e1k a kedvez\u0151 anyagi helyzet\u00fcket, \u00e9s nem l\u00e1tszik a tartal\u00e9kol\u00e1s sem a november v\u00e9gi akci\u00f3k el\u0151tt, amely a novemberi kiskereskedelmi forgalmat v\u00e9lhet\u0151en tov\u00e1bb er\u0151s\u00edti majd. Az ING Bank vezet\u0151 elemz\u0151j\u00e9t nem lepte meg, hogy az \u00fczemanyag elad\u00e1sok  visszafogottabban alakultak, ami \u00f6sszhangban van az \u00e1rak emelked\u00e9s\u00e9vel. A kiskereskedelmi adat az els\u0151, a negyedik negyed\u00e9v gazdas\u00e1gi teljes\u00edtm\u00e9ny\u00e9r\u0151l, \u00e9s egy\u00e9rtelm\u0171en er\u0151s kezdetet jelez.     Virov\u00e1cz P\u00e9ter v\u00e1rakoz\u00e1sa szerint a j\u00f3 teljes\u00edtm\u00e9ny az \u00e9v h\u00e1tral\u00e9v\u0151 r\u00e9sz\u00e9ben is fennmarad, \u00edgy az idei \u00e9v eg\u00e9sz\u00e9t tekintve valamivel 6 sz\u00e1zal\u00e9k feletti \u00e1tlagos n\u00f6veked\u00e9ssel sz\u00e1mol a kiskereskedelmi forgalomban.<br \/>\n    Reg\u0151s G\u00e1bor, a Sz\u00e1zadv\u00e9g Gazdas\u00e1gkutat\u00f3 makrogazdas\u00e1gi \u00fczlet\u00e1g\u00e1nak vezet\u0151je a kiskereskedelmi forgalom stabil b\u0151v\u00fcl\u00e9s\u00e9t  tov\u00e1bbra is az infl\u00e1ci\u00f3t jelent\u0151sen meghalad\u00f3 b\u00e9remelked\u00e9ssel  magyar\u00e1zta. Az okt\u00f3beri adatb\u00f3l az is l\u00e1tszik, hogy a fogyaszt\u00e1s a negyedik negyed\u00e9vben is a gazdas\u00e1gi n\u00f6veked\u00e9s f\u0151 h\u00faz\u00f3ereje lehet, amely \u00edgy ism\u00e9t meghaladhatja a 4 sz\u00e1zal\u00e9kot.<br \/>\n    A kiskereskedelmi forgalom n\u00f6veked\u00e9s\u00e9t 2020-ban nagyban befoly\u00e1solja majd, hogy hogyan alakul a b\u00e9rek emelked\u00e9se. B\u00e1r a magyar munkaer\u0151piacot tov\u00e1bbra is a munkaer\u0151hi\u00e1ny jellemzi, de a gyenge k\u00fcls\u0151 kereslet a c\u00e9geket \u00f3vatoss\u00e1gra intheti, azonban a b\u00e9rn\u00f6veked\u00e9s m\u00e9g \u00edgy is dinamikus maradhat. A kiskereskedelmi forgalmon bel\u00fcl tov\u00e1bbra is l\u00e1tszik az internetes kereskedelem el\u0151ret\u00f6r\u00e9se, ami az \u00e9rt\u00e9kes\u00edt\u00e9si m\u00f3dok \u00e1talakul\u00e1s\u00e1t jelenti &#8211; f\u0171zte hozz\u00e1.(MTI)<\/p>\n","protected":false},"excerpt":{"rendered":"<p>A gazdas\u00e1gi n\u00f6veked\u00e9si lend\u00fclet folytat\u00f3d\u00e1s\u00e1ra utal a kiskereskedelmi forgalom v\u00e1rakoz\u00e1sokat meghalad\u00f3 okt\u00f3beri adata, amely az els\u0151 a negyedik negyed\u00e9vi jelz\u0151sz\u00e1mok k\u00f6z\u00fcl. A lakoss\u00e1gi fogyaszt\u00e1st a re\u00e1lkeresetek t\u00f6retlen emelked\u00e9se t\u00e1pl\u00e1lja &#8211; \u00e1llap\u00edtott\u00e1k meg az MTI-nek nyilatkoz\u00f3 elemz\u0151k a K\u00f6zponti Statisztikai Hivatal (KSH) adatait komment\u00e1lva.<\/p>\n","protected":false},"author":1,"featured_media":0,"comment_status":"closed","ping_status":"open","sticky":false,"template":"","format":"standard","meta":[],"categories":[19],"tags":[],"_links":{"self":[{"href":"https:\/\/gazdasagportal.hu\/index.php\/wp-json\/wp\/v2\/posts\/121966"}],"collection":[{"href":"https:\/\/gazdasagportal.hu\/index.php\/wp-json\/wp\/v2\/posts"}],"about":[{"href":"https:\/\/gazdasagportal.hu\/index.php\/wp-json\/wp\/v2\/types\/post"}],"author":[{"embeddable":true,"href":"https:\/\/gazdasagportal.hu\/index.php\/wp-json\/wp\/v2\/users\/1"}],"replies":[{"embeddable":true,"href":"https:\/\/gazdasagportal.hu\/index.php\/wp-json\/wp\/v2\/comments?post=121966"}],"version-history":[{"count":1,"href":"https:\/\/gazdasagportal.hu\/index.php\/wp-json\/wp\/v2\/posts\/121966\/revisions"}],"predecessor-version":[{"id":121967,"href":"https:\/\/gazdasagportal.hu\/index.php\/wp-json\/wp\/v2\/posts\/121966\/revisions\/121967"}],"wp:attachment":[{"href":"https:\/\/gazdasagportal.hu\/index.php\/wp-json\/wp\/v2\/media?parent=121966"}],"wp:term":[{"taxonomy":"category","embeddable":true,"href":"https:\/\/gazdasagportal.hu\/index.php\/wp-json\/wp\/v2\/categories?post=121966"},{"taxonomy":"post_tag","embeddable":true,"href":"https:\/\/gazdasagportal.hu\/index.php\/wp-json\/wp\/v2\/tags?post=121966"}],"curies":[{"name":"wp","href":"https:\/\/api.w.org\/{rel}","templated":true}]}}