{"id":121964,"date":"2019-12-05T11:48:08","date_gmt":"2019-12-05T10:48:08","guid":{"rendered":"http:\/\/gazdasagportal.hu\/?p=121964"},"modified":"2019-12-05T11:48:08","modified_gmt":"2019-12-05T10:48:08","slug":"magyarorszag-a-masodik-legnagyobb-negyedeves-gdp-novekedest-erte-el-a-harmadik-negyedevben-az-eu-ban","status":"publish","type":"post","link":"https:\/\/gazdasagportal.hu\/index.php\/magyarorszag-a-masodik-legnagyobb-negyedeves-gdp-novekedest-erte-el-a-harmadik-negyedevben-az-eu-ban\/","title":{"rendered":"Magyarorsz\u00e1g a m\u00e1sodik legnagyobb negyed\u00e9ves GDP-n\u00f6veked\u00e9st \u00e9rte el a harmadik negyed\u00e9vben az EU-ban"},"content":{"rendered":"<p><strong>A m\u00e1sodik negyed\u00e9vivel megegyez\u0151 0,2 sz\u00e1zal\u00e9kos GDP-n\u00f6veked\u00e9st \u00e9rt el a harmadik negyed\u00e9vben az eur\u00f3\u00f6vezet, az EU n\u00f6veked\u00e9se 0,1 sz\u00e1zal\u00e9kponttal javult az el\u0151z\u0151 negyed\u00e9vhez viszony\u00edtva. Az Eur\u00f3pai Uni\u00f3 statisztikai hivatala, az Eurostat cs\u00fct\u00f6rt\u00f6k\u00f6n k\u00f6zz\u00e9tett el\u0151zetes adatai alapj\u00e1n Magyarorsz\u00e1g Lengyelorsz\u00e1g ut\u00e1n a m\u00e1sodik legnagyobb negyed\u00e9ves n\u00f6veked\u00e9st produk\u00e1lta az Eur\u00f3pai Uni\u00f3ban.<\/strong><!--more--><\/p>\n<div class=\"ads-in-post1\"><div id=\"gazdasagportal.hu_fullbanner_wideboard\"><\/div>\r\n<\/div>\n<p>    A harmadik negyed\u00e9vben az eur\u00f3\u00f6vezet 19 tag\u00e1llam\u00e1ban 0,2 sz\u00e1zal\u00e9kkal n\u0151tt szezon\u00e1lis kiigaz\u00edt\u00e1ssal a brutt\u00f3 hazai term\u00e9k (GDP) az el\u0151z\u0151 negyed\u00e9vhez k\u00e9pest, az Eur\u00f3pai Uni\u00f3 28 tag\u00e1llam\u00e1ban pedig 0,3 sz\u00e1zal\u00e9kkal. A m\u00e1sodik negyed\u00e9vben mindk\u00e9t r\u00e9gi\u00f3ban 0,2 sz\u00e1zal\u00e9k volt a negyed\u00e9ves GDP-n\u00f6veked\u00e9s.<br \/>\n    Az egy \u00e9vvel kor\u00e1bbihoz k\u00e9pest az eur\u00f3\u00f6vezetben 1,2 sz\u00e1zal\u00e9kkal, az EU-ban 1,4 sz\u00e1zal\u00e9kkal n\u0151tt a GDP, azaz a m\u00e1sodik negyed\u00e9vivel megegyez\u0151 \u00fctemben.<br \/>\n    A harmadik negyed\u00e9vben a legnagyobb negyed\u00e9ves GDP-n\u00f6veked\u00e9si \u00fctemet Lengyelorsz\u00e1g \u00e9rte el, 1,3 sz\u00e1zal\u00e9kkal, a m\u00e1sodik legnagyobbat pedig Magyarorsz\u00e1g 1,1 sz\u00e1zal\u00e9kkal. \u00c9sztorsz\u00e1g 1,0 sz\u00e1zal\u00e9kos negyed\u00e9ves n\u00f6veked\u00e9ssel a harmadik lett a rangsorban. A negyedik helyen Bulg\u00e1ria, Horv\u00e1torsz\u00e1g \u00e9s Szlov\u00e9nia \u00e1ll, mindh\u00e1rom orsz\u00e1g gazdas\u00e1ga 0,8 sz\u00e1zal\u00e9kkal n\u0151tt.<br \/>\n    A legalacsonyabb negyed\u00e9ves n\u00f6veked\u00e9si \u00fctemet N\u00e9metorsz\u00e1g, Olaszorsz\u00e1g \u00e9s Ausztria produk\u00e1lta a harmadik negyed\u00e9vben, 0,1 sz\u00e1zal\u00e9kosat.<br \/>\n    A foglalkoztat\u00e1s az eur\u00f3\u00f6vezetben \u00e9s az EU-ban egyar\u00e1nt 0,1 sz\u00e1zal\u00e9kkal n\u0151tt a harmadik negyed\u00e9vben az el\u0151z\u0151 negyed\u00e9vhez k\u00e9pest. A m\u00e1sodik negyed\u00e9vben az eur\u00f3\u00f6vezetben 0,2 sz\u00e1zal\u00e9kos, az EU-ban 0,3 sz\u00e1zal\u00e9kos volt a foglalkoztat\u00e1s negyed\u00e9ves n\u00f6veked\u00e9se.<br \/>\n<div class=\"ads-in-post2\"><script async src=\"https:\/\/pagead2.googlesyndication.com\/pagead\/js\/adsbygoogle.js\"><\/script>\r\n<ins class=\"adsbygoogle\"\r\n     style=\"display:block\"\r\n     data-ad-format=\"fluid\"\r\n     data-ad-layout-key=\"-6t+ed+2i-1n-4w\"\r\n     data-ad-client=\"ca-pub-1959107119989764\"\r\n     data-ad-slot=\"4008251320\"><\/ins>\r\n<script>\r\n     (adsbygoogle = window.adsbygoogle || []).push({});\r\n<\/script><\/div>\n    Az egy \u00e9vvel kor\u00e1bbihoz k\u00e9pest az eur\u00f3\u00f6vezetben 0,9 sz\u00e1zal\u00e9kkal n\u0151tt a foglalkoztat\u00e1s a harmadik negyed\u00e9vben, az EU-ban pedig 0,8 sz\u00e1zal\u00e9kkal. A m\u00e1sodik negyed\u00e9vben az eur\u00f3\u00f6vezetben 1,2 sz\u00e1zal\u00e9k, az EU-ban 1,0 sz\u00e1zal\u00e9k volt a foglalkoztat\u00e1s \u00e9ves n\u00f6veked\u00e9se.<br \/>\n    A foglalkoztat\u00e1s \u00c9sztorsz\u00e1gban \u00e9s Lettorsz\u00e1gban n\u0151tt a legnagyobb m\u00e9rt\u00e9kben a harmadik negyed\u00e9vben az el\u0151z\u0151 negyed\u00e9vhez k\u00e9pest, 1,0 sz\u00e1zal\u00e9kkal. Szlov\u00e9ni\u00e1ban 0,5 sz\u00e1zal\u00e9kkal, Belgiumban 0,4 sz\u00e1zal\u00e9kkal n\u0151tt a foglalkoztat\u00e1s negyed\u00e9ves b\u00e1zison. A legnagyobb negyed\u00e9ves cs\u00f6kken\u00e9st Litv\u00e1ni\u00e1ban regisztr\u00e1lt\u00e1k a foglalkoztat\u00e1sban a harmadik negyed\u00e9vben, 1,2 sz\u00e1zal\u00e9kosat. Rom\u00e1ni\u00e1ban 1,1 sz\u00e1zal\u00e9kkal, Finnorsz\u00e1gban 0,5 sz\u00e1zal\u00e9kkal, G\u00f6r\u00f6gorsz\u00e1gban 0,3 sz\u00e1zal\u00e9kkal cs\u00f6kkent a foglalkoztat\u00e1s a harmadik negyed\u00e9vben az el\u0151z\u0151 negyed\u00e9vhez k\u00e9pest.<br \/>\n    A harmadik negyed\u00e9vben az EU-ban 241,5 milli\u00f3an \u00e1lltak munkaviszonyban, ebb\u0151l 160,1 milli\u00f3an az eur\u00f3\u00f6vezetben. Mindk\u00e9t r\u00e9gi\u00f3ban ez foglalkoztat\u00e1si rekord.(MTI)<\/p>\n","protected":false},"excerpt":{"rendered":"<p>A m\u00e1sodik negyed\u00e9vivel megegyez\u0151 0,2 sz\u00e1zal\u00e9kos GDP-n\u00f6veked\u00e9st \u00e9rt el a harmadik negyed\u00e9vben az eur\u00f3\u00f6vezet, az EU n\u00f6veked\u00e9se 0,1 sz\u00e1zal\u00e9kponttal javult az el\u0151z\u0151 negyed\u00e9vhez viszony\u00edtva. Az Eur\u00f3pai Uni\u00f3 statisztikai hivatala, az Eurostat cs\u00fct\u00f6rt\u00f6k\u00f6n k\u00f6zz\u00e9tett el\u0151zetes adatai alapj\u00e1n Magyarorsz\u00e1g Lengyelorsz\u00e1g ut\u00e1n a m\u00e1sodik legnagyobb negyed\u00e9ves n\u00f6veked\u00e9st produk\u00e1lta az Eur\u00f3pai Uni\u00f3ban.<\/p>\n","protected":false},"author":1,"featured_media":0,"comment_status":"closed","ping_status":"open","sticky":false,"template":"","format":"standard","meta":[],"categories":[19],"tags":[],"_links":{"self":[{"href":"https:\/\/gazdasagportal.hu\/index.php\/wp-json\/wp\/v2\/posts\/121964"}],"collection":[{"href":"https:\/\/gazdasagportal.hu\/index.php\/wp-json\/wp\/v2\/posts"}],"about":[{"href":"https:\/\/gazdasagportal.hu\/index.php\/wp-json\/wp\/v2\/types\/post"}],"author":[{"embeddable":true,"href":"https:\/\/gazdasagportal.hu\/index.php\/wp-json\/wp\/v2\/users\/1"}],"replies":[{"embeddable":true,"href":"https:\/\/gazdasagportal.hu\/index.php\/wp-json\/wp\/v2\/comments?post=121964"}],"version-history":[{"count":1,"href":"https:\/\/gazdasagportal.hu\/index.php\/wp-json\/wp\/v2\/posts\/121964\/revisions"}],"predecessor-version":[{"id":121965,"href":"https:\/\/gazdasagportal.hu\/index.php\/wp-json\/wp\/v2\/posts\/121964\/revisions\/121965"}],"wp:attachment":[{"href":"https:\/\/gazdasagportal.hu\/index.php\/wp-json\/wp\/v2\/media?parent=121964"}],"wp:term":[{"taxonomy":"category","embeddable":true,"href":"https:\/\/gazdasagportal.hu\/index.php\/wp-json\/wp\/v2\/categories?post=121964"},{"taxonomy":"post_tag","embeddable":true,"href":"https:\/\/gazdasagportal.hu\/index.php\/wp-json\/wp\/v2\/tags?post=121964"}],"curies":[{"name":"wp","href":"https:\/\/api.w.org\/{rel}","templated":true}]}}