{"id":121935,"date":"2019-12-04T14:38:51","date_gmt":"2019-12-04T13:38:51","guid":{"rendered":"http:\/\/gazdasagportal.hu\/?p=121935"},"modified":"2019-12-04T14:38:51","modified_gmt":"2019-12-04T13:38:51","slug":"eltoroltek-romaniaban-az-uzemanyag-tobbletadojat-es-a-reszmunkaidos-dolgozok-tobblet-tb-jarulekat","status":"publish","type":"post","link":"https:\/\/gazdasagportal.hu\/index.php\/eltoroltek-romaniaban-az-uzemanyag-tobbletadojat-es-a-reszmunkaidos-dolgozok-tobblet-tb-jarulekat\/","title":{"rendered":"Elt\u00f6r\u00f6lt\u00e9k Rom\u00e1ni\u00e1ban az \u00fczemanyag t\u00f6bbletad\u00f3j\u00e1t \u00e9s a r\u00e9szmunkaid\u0151s dolgoz\u00f3k t\u00f6bblet tb-j\u00e1rul\u00e9k\u00e1t"},"content":{"rendered":"<p><strong>A rom\u00e1n parlament szerd\u00e1n m\u00f3dos\u00edtotta az ad\u00f3t\u00f6rv\u00e9nyk\u00f6nyvet \u00e9s elt\u00f6r\u00f6lte janu\u00e1r 1-jei hat\u00e1llyal az \u00fczemanyagra kivetett t\u00f6bbletad\u00f3t, valamint a r\u00e9szmunkaid\u0151s dolgoz\u00f3kra kivetett t\u00f6bblet t\u00e1rsadalombiztos\u00edt\u00e1si j\u00e1rul\u00e9kot.<\/strong><!--more--><\/p>\n<div class=\"ads-in-post1\"><div id=\"gazdasagportal.hu_fullbanner_wideboard\"><\/div>\r\n<\/div>\n<p>    A jogszab\u00e1ly-m\u00f3dos\u00edt\u00e1st 280 t\u00f6rv\u00e9nyhoz\u00f3 t\u00e1mogatta egy honatya ellene szavazott k\u00e9t tart\u00f3zkod\u00e1s mellett. Az \u00fczemanyag j\u00f6ved\u00e9ki ad\u00f3j\u00e1ra kivetett 7 eur\u00f3centes t\u00f6bbletad\u00f3t 2014-ben vezette be a Victor Ponta minisztereln\u00f6k vezette szoci\u00e1ldemokrata korm\u00e1ny. Az ideiglenes int\u00e9zked\u00e9st 2016-ban nem hosszabb\u00edtotta meg a Dacian Ciolos \u00e1ltal vezetett technokrata kabinet, ez\u00e9rt 2017-ben a szoci\u00e1ldemokrata Mihai Tudose vezette korm\u00e1ny meger\u0151s\u00edtette az el\u0151z\u0151 szoci\u00e1ldemokrata kabinet d\u00f6nt\u00e9s\u00e9t, \u00edgy l\u00e9nyeg\u00e9ben a j\u00f6ved\u00e9ki ad\u00f3 ugyanazon a szinten maradt. Most a 7 eurocentnek megfelel\u0151 32 banival cs\u00f6kkentett\u00e9k az \u00fczemanyag j\u00f6ved\u00e9ki ad\u00f3j\u00e1t.<br \/>\n    A tervezetet a novemberben korm\u00e1nyra ker\u00fclt liber\u00e1lisok kezdem\u00e9nyezt\u00e9k, akik azt v\u00e1rj\u00e1k az int\u00e9zked\u00e9st\u0151l, hogy cs\u00f6kkenjen az \u00fczemanyag \u00e1ra. Igazs\u00e1gtalannak tartott\u00e1k ezt a t\u00f6bbletad\u00f3t, amelyet azzal az \u00fcr\u00fcggyel vezettek be, hogy aut\u00f3p\u00e1ly\u00e1kat \u00e9p\u00edtsenek bel\u0151le, de val\u00f3j\u00e1ban a korm\u00e1nynak t\u00f6bb bev\u00e9telre volt sz\u00fcks\u00e9ge az ad\u00f3cs\u00f6kkent\u00e9sek, valamint a b\u00e9r- \u00e9s nyugd\u00edjemel\u00e9sek fedez\u00e9s\u00e9re &#8211; \u00e1ll\u00edtj\u00e1k a liber\u00e1lisok.<br \/>\n<div class=\"ads-in-post2\"><script async src=\"https:\/\/pagead2.googlesyndication.com\/pagead\/js\/adsbygoogle.js\"><\/script>\r\n<ins class=\"adsbygoogle\"\r\n     style=\"display:block\"\r\n     data-ad-format=\"fluid\"\r\n     data-ad-layout-key=\"-6t+ed+2i-1n-4w\"\r\n     data-ad-client=\"ca-pub-1959107119989764\"\r\n     data-ad-slot=\"4008251320\"><\/ins>\r\n<script>\r\n     (adsbygoogle = window.adsbygoogle || []).push({});\r\n<\/script><\/div>\n    Hasonl\u00f3an igazs\u00e1gtalannak tartott\u00e1k a 2017-t\u0151l hat\u00e1lyban lev\u0151, a r\u00e9szmunkaid\u0151s dolgoz\u00f3kat \u00e9s az \u0151ket alkalmaz\u00f3 v\u00e1llalatokat s\u00fajt\u00f3 t\u00f6bblet tb-j\u00e1rul\u00e9kot, hiszen minim\u00e1lb\u00e9r ut\u00e1ni j\u00e1rul\u00e9kot voltak k\u00e9nytelenek fizetni azok is, akik a minim\u00e1lb\u00e9rn\u00e9l kevesebbet kerestek. Ez megnehez\u00edtette a r\u00e9szmunkaid\u0151s dolgoz\u00f3k alkalmaz\u00e1s\u00e1t. A tervezet ellen p\u00e9ld\u00e1ul az \u00fajs\u00e1gkihord\u00f3 c\u00e9gek tiltakoztak. A szoci\u00e1ldemokrat\u00e1k szerint mintegy 4,5 milli\u00e1rd lej (942,5 milli\u00f3 eur\u00f3) bev\u00e9telt\u0151l esik el az \u00e1llamh\u00e1ztart\u00e1s a k\u00e9t int\u00e9zked\u00e9s nyom\u00e1n.<br \/>\n    A rom\u00e1n \u00e1llamh\u00e1ztart\u00e1si hi\u00e1ny az id\u00e9n el\u00e9ri a brutt\u00f3 hazai term\u00e9k 4,4 sz\u00e1zal\u00e9k\u00e1t, a j\u00f6v\u0151 \u00e9vi pedig 3,5 sz\u00e1zal\u00e9k lehet. A kisebbs\u00e9gi liber\u00e1lis korm\u00e1ny december k\u00f6zep\u00e9re \u00edg\u00e9rte a 2020-as \u00e1llami k\u00f6lts\u00e9gvet\u00e9s bemutat\u00e1s\u00e1t.(MTI)<\/p>\n","protected":false},"excerpt":{"rendered":"<p>A rom\u00e1n parlament szerd\u00e1n m\u00f3dos\u00edtotta az ad\u00f3t\u00f6rv\u00e9nyk\u00f6nyvet \u00e9s elt\u00f6r\u00f6lte janu\u00e1r 1-jei hat\u00e1llyal az \u00fczemanyagra kivetett t\u00f6bbletad\u00f3t, valamint a r\u00e9szmunkaid\u0151s dolgoz\u00f3kra kivetett t\u00f6bblet t\u00e1rsadalombiztos\u00edt\u00e1si j\u00e1rul\u00e9kot.<\/p>\n","protected":false},"author":1,"featured_media":0,"comment_status":"closed","ping_status":"open","sticky":false,"template":"","format":"standard","meta":[],"categories":[12,246],"tags":[],"_links":{"self":[{"href":"https:\/\/gazdasagportal.hu\/index.php\/wp-json\/wp\/v2\/posts\/121935"}],"collection":[{"href":"https:\/\/gazdasagportal.hu\/index.php\/wp-json\/wp\/v2\/posts"}],"about":[{"href":"https:\/\/gazdasagportal.hu\/index.php\/wp-json\/wp\/v2\/types\/post"}],"author":[{"embeddable":true,"href":"https:\/\/gazdasagportal.hu\/index.php\/wp-json\/wp\/v2\/users\/1"}],"replies":[{"embeddable":true,"href":"https:\/\/gazdasagportal.hu\/index.php\/wp-json\/wp\/v2\/comments?post=121935"}],"version-history":[{"count":1,"href":"https:\/\/gazdasagportal.hu\/index.php\/wp-json\/wp\/v2\/posts\/121935\/revisions"}],"predecessor-version":[{"id":121936,"href":"https:\/\/gazdasagportal.hu\/index.php\/wp-json\/wp\/v2\/posts\/121935\/revisions\/121936"}],"wp:attachment":[{"href":"https:\/\/gazdasagportal.hu\/index.php\/wp-json\/wp\/v2\/media?parent=121935"}],"wp:term":[{"taxonomy":"category","embeddable":true,"href":"https:\/\/gazdasagportal.hu\/index.php\/wp-json\/wp\/v2\/categories?post=121935"},{"taxonomy":"post_tag","embeddable":true,"href":"https:\/\/gazdasagportal.hu\/index.php\/wp-json\/wp\/v2\/tags?post=121935"}],"curies":[{"name":"wp","href":"https:\/\/api.w.org\/{rel}","templated":true}]}}