{"id":121918,"date":"2019-12-04T04:44:43","date_gmt":"2019-12-04T03:44:43","guid":{"rendered":"http:\/\/gazdasagportal.hu\/?p=121918"},"modified":"2019-12-03T21:59:36","modified_gmt":"2019-12-03T20:59:36","slug":"szinte-mindenutt-ingyen-lehet-parkolni-december-24-etol-ujevig-budapesten","status":"publish","type":"post","link":"https:\/\/gazdasagportal.hu\/index.php\/szinte-mindenutt-ingyen-lehet-parkolni-december-24-etol-ujevig-budapesten\/","title":{"rendered":"Szinte minden\u00fctt ingyen lehet parkolni december 24-\u00e9t\u0151l \u00faj\u00e9vig Budapesten"},"content":{"rendered":"<p><strong>Budapest k\u00f6zter\u00fcleti v\u00e1rakoz\u00e1si \u00f6vezeteiben a december 23-ai \u00fczemz\u00e1r\u00e1st\u00f3l 2020. janu\u00e1r 2-\u00e1n reggel 8 \u00f3r\u00e1ig d\u00edjmentesen lehet parkolni &#8211; t\u00e1j\u00e9koztatta a Budapesti K\u00f6zleked\u00e9si K\u00f6zpont (BKK) kedden az MTI-t.<\/strong><!--more--><\/p>\n<div class=\"ads-in-post1\"><div id=\"gazdasagportal.hu_fullbanner_wideboard\"><\/div>\r\n<\/div>\n<p>    N\u00e9h\u00e1ny v\u00e1rakoz\u00f3helyen azonban abban az id\u0151szakban is kell fizetni parkol\u00e1si d\u00edjat &#8211; h\u00edvt\u00e1k fel a figyelmet a k\u00f6zlem\u00e9nyben.<br \/>\n    A szok\u00e1sos rend szerint kell fizetni a V\u00e1rban l\u00e9v\u0151 \u00e9s a Citadella alatti, a Fl\u00f3ri\u00e1n \u00fczletk\u00f6zpont melletti \u00e9s a Margitsziget \u00e9szaki r\u00e9sz\u00e9n tal\u00e1lhat\u00f3 parkol\u00f3ban, valamint a VIII. ker\u00fcleti R\u00e1k\u00f3czi t\u00e9r alatti m\u00e9lygar\u00e1zsban.<br \/>\n<div class=\"ads-in-post2\"><script async src=\"https:\/\/pagead2.googlesyndication.com\/pagead\/js\/adsbygoogle.js\"><\/script>\r\n<ins class=\"adsbygoogle\"\r\n     style=\"display:block\"\r\n     data-ad-format=\"fluid\"\r\n     data-ad-layout-key=\"-6t+ed+2i-1n-4w\"\r\n     data-ad-client=\"ca-pub-1959107119989764\"\r\n     data-ad-slot=\"4008251320\"><\/ins>\r\n<script>\r\n     (adsbygoogle = window.adsbygoogle || []).push({});\r\n<\/script><\/div>\n    A d\u00edjmentess\u00e9g nem vonatkozik az \u0151rz\u00f6tt, fizet\u0151s P+R parkol\u00f3kra sem, ezek: a H\u0171v\u00f6sv\u00f6lgy v\u00e9g\u00e1llom\u00e1sn\u00e1l, a Pillang\u00f3 utcai metr\u00f3\u00e1llom\u00e1sn\u00e1l, az \u00d6rs vez\u00e9r tere metr\u00f3v\u00e9g\u00e1llom\u00e1s mellett, az \u00dajpest-V\u00e1roskapu metr\u00f3\u00e1llom\u00e1sn\u00e1l, a K\u0151b\u00e1nya-Kispest metr\u00f3v\u00e9g\u00e1llom\u00e1s mellett, valamint a K\u00d6KI Termin\u00e1ln\u00e1l l\u00e9v\u0151 parkol\u00f3k.(MTI)<\/p>\n","protected":false},"excerpt":{"rendered":"<p>Budapest k\u00f6zter\u00fcleti v\u00e1rakoz\u00e1si \u00f6vezeteiben a december 23-ai \u00fczemz\u00e1r\u00e1st\u00f3l 2020. janu\u00e1r 2-\u00e1n reggel 8 \u00f3r\u00e1ig d\u00edjmentesen lehet parkolni &#8211; t\u00e1j\u00e9koztatta a Budapesti K\u00f6zleked\u00e9si K\u00f6zpont (BKK) kedden az MTI-t.<\/p>\n","protected":false},"author":1001003,"featured_media":0,"comment_status":"closed","ping_status":"open","sticky":false,"template":"","format":"standard","meta":[],"categories":[4],"tags":[],"_links":{"self":[{"href":"https:\/\/gazdasagportal.hu\/index.php\/wp-json\/wp\/v2\/posts\/121918"}],"collection":[{"href":"https:\/\/gazdasagportal.hu\/index.php\/wp-json\/wp\/v2\/posts"}],"about":[{"href":"https:\/\/gazdasagportal.hu\/index.php\/wp-json\/wp\/v2\/types\/post"}],"author":[{"embeddable":true,"href":"https:\/\/gazdasagportal.hu\/index.php\/wp-json\/wp\/v2\/users\/1001003"}],"replies":[{"embeddable":true,"href":"https:\/\/gazdasagportal.hu\/index.php\/wp-json\/wp\/v2\/comments?post=121918"}],"version-history":[{"count":1,"href":"https:\/\/gazdasagportal.hu\/index.php\/wp-json\/wp\/v2\/posts\/121918\/revisions"}],"predecessor-version":[{"id":121919,"href":"https:\/\/gazdasagportal.hu\/index.php\/wp-json\/wp\/v2\/posts\/121918\/revisions\/121919"}],"wp:attachment":[{"href":"https:\/\/gazdasagportal.hu\/index.php\/wp-json\/wp\/v2\/media?parent=121918"}],"wp:term":[{"taxonomy":"category","embeddable":true,"href":"https:\/\/gazdasagportal.hu\/index.php\/wp-json\/wp\/v2\/categories?post=121918"},{"taxonomy":"post_tag","embeddable":true,"href":"https:\/\/gazdasagportal.hu\/index.php\/wp-json\/wp\/v2\/tags?post=121918"}],"curies":[{"name":"wp","href":"https:\/\/api.w.org\/{rel}","templated":true}]}}