{"id":121912,"date":"2019-12-03T20:43:56","date_gmt":"2019-12-03T19:43:56","guid":{"rendered":"http:\/\/gazdasagportal.hu\/?p=121912"},"modified":"2019-12-03T20:43:56","modified_gmt":"2019-12-03T19:43:56","slug":"az-orszag-nagy-reszen-suru-kodre-figyelmeztetnek-3","status":"publish","type":"post","link":"https:\/\/gazdasagportal.hu\/index.php\/az-orszag-nagy-reszen-suru-kodre-figyelmeztetnek-3\/","title":{"rendered":"Az orsz\u00e1g nagy r\u00e9sz\u00e9n s\u0171r\u0171 k\u00f6dre figyelmeztetnek"},"content":{"rendered":"<p><strong>Az orsz\u00e1g nagy r\u00e9sz\u00e9re figyelmeztet\u00e9st adott ki a tart\u00f3s, s\u0171r\u0171 k\u00f6d vesz\u00e9lye miatt szerd\u00e1ra az Orsz\u00e1gos Meteorol\u00f3giai Szolg\u00e1lat.<\/strong><!--more--><\/p>\n<div class=\"ads-in-post1\"><div id=\"gazdasagportal.hu_fullbanner_wideboard\"><\/div>\r\n<\/div>\n<p>    Az MTI-hez eljuttatott vesz\u00e9lyjelz\u00e9s\u00fckben azt \u00edrt\u00e1k: est\u00e9t\u0151l kiemelten a k\u00f6z\u00e9ps\u0151 orsz\u00e1gr\u00e9szben, \u00c9szak-Alf\u00f6ld\u00f6n, \u00c9szak-Magyarorsz\u00e1gon, majd \u00e9jszaka az orsz\u00e1g m\u00e1s r\u00e9szein is t\u00f6bb helyen s\u0171r\u0171, z\u00fazmar\u00e1s k\u00f6d k\u00e9pz\u0151dhet. A k\u00f6db\u0151l, alacsony szint\u0171 r\u00e9tegfelh\u0151zetb\u0151l n\u00e9hol el\u0151fordulhat h\u00f3sz\u00e1lling\u00f3z\u00e1s, \u00f3nos szit\u00e1l\u00e1s. Kiemelten az \u00e9szakkeleti \u00e9s a k\u00f6z\u00e9ps\u0151 orsz\u00e1gr\u00e9szben maradhatnak szerd\u00e1n tart\u00f3san rosszak a l\u00e1t\u00e1si viszonyok.<br \/>\n<div class=\"ads-in-post2\"><script async src=\"https:\/\/pagead2.googlesyndication.com\/pagead\/js\/adsbygoogle.js\"><\/script>\r\n<ins class=\"adsbygoogle\"\r\n     style=\"display:block\"\r\n     data-ad-format=\"fluid\"\r\n     data-ad-layout-key=\"-6t+ed+2i-1n-4w\"\r\n     data-ad-client=\"ca-pub-1959107119989764\"\r\n     data-ad-slot=\"4008251320\"><\/ins>\r\n<script>\r\n     (adsbygoogle = window.adsbygoogle || []).push({});\r\n<\/script><\/div>\n    Budapestre, Pest, Baranya, B\u00e1cs-Kiskun, B\u00e9k\u00e9s, Borsod-Aba\u00faj-Zempl\u00e9n, Csongr\u00e1d, Fej\u00e9r, Hajd\u00fa-Bihar, Heves, J\u00e1sz-Nagykun-Szolnok, Kom\u00e1rom-Esztergom, N\u00f3gr\u00e1d, Szabolcs-Szatm\u00e1r-Bereg \u00e9s Tolna megy\u00e9re adt\u00e1k ki a k\u00f6d miatti figyelmeztet\u00e9st.<br \/>\n    Az el\u0151rejelz\u00e9s szerint hajnalra \u00e1ltal\u00e1ban m\u00ednusz 8 \u00e9s m\u00ednusz 2 Celsius-fok k\u00f6z\u00e9 h\u0171l le a leveg\u0151, de az eleinte der\u00fclt, havas t\u00e1jakon ak\u00e1r m\u00ednusz 10 fokn\u00e1l hidegebb is lehet. A legmagasabb h\u0151m\u00e9rs\u00e9klet m\u00ednusz 5 \u00e9s plusz 4 fok k\u00f6z\u00f6tt v\u00e1rhat\u00f3, fagypont alatti \u00e9rt\u00e9kek a tart\u00f3san borult ter\u00fcleteken val\u00f3sz\u00edn\u0171bbek.(MTI)<\/p>\n","protected":false},"excerpt":{"rendered":"<p>Az orsz\u00e1g nagy r\u00e9sz\u00e9re figyelmeztet\u00e9st adott ki a tart\u00f3s, s\u0171r\u0171 k\u00f6d vesz\u00e9lye miatt szerd\u00e1ra az Orsz\u00e1gos Meteorol\u00f3giai Szolg\u00e1lat.<\/p>\n","protected":false},"author":1001003,"featured_media":0,"comment_status":"closed","ping_status":"open","sticky":false,"template":"","format":"standard","meta":[],"categories":[4],"tags":[],"_links":{"self":[{"href":"https:\/\/gazdasagportal.hu\/index.php\/wp-json\/wp\/v2\/posts\/121912"}],"collection":[{"href":"https:\/\/gazdasagportal.hu\/index.php\/wp-json\/wp\/v2\/posts"}],"about":[{"href":"https:\/\/gazdasagportal.hu\/index.php\/wp-json\/wp\/v2\/types\/post"}],"author":[{"embeddable":true,"href":"https:\/\/gazdasagportal.hu\/index.php\/wp-json\/wp\/v2\/users\/1001003"}],"replies":[{"embeddable":true,"href":"https:\/\/gazdasagportal.hu\/index.php\/wp-json\/wp\/v2\/comments?post=121912"}],"version-history":[{"count":1,"href":"https:\/\/gazdasagportal.hu\/index.php\/wp-json\/wp\/v2\/posts\/121912\/revisions"}],"predecessor-version":[{"id":121913,"href":"https:\/\/gazdasagportal.hu\/index.php\/wp-json\/wp\/v2\/posts\/121912\/revisions\/121913"}],"wp:attachment":[{"href":"https:\/\/gazdasagportal.hu\/index.php\/wp-json\/wp\/v2\/media?parent=121912"}],"wp:term":[{"taxonomy":"category","embeddable":true,"href":"https:\/\/gazdasagportal.hu\/index.php\/wp-json\/wp\/v2\/categories?post=121912"},{"taxonomy":"post_tag","embeddable":true,"href":"https:\/\/gazdasagportal.hu\/index.php\/wp-json\/wp\/v2\/tags?post=121912"}],"curies":[{"name":"wp","href":"https:\/\/api.w.org\/{rel}","templated":true}]}}