{"id":121910,"date":"2019-12-03T18:16:26","date_gmt":"2019-12-03T17:16:26","guid":{"rendered":"http:\/\/gazdasagportal.hu\/?p=121910"},"modified":"2019-12-03T18:16:26","modified_gmt":"2019-12-03T17:16:26","slug":"tozsdezaras-az-otp-kivetelevel-estek-a-vezeto-reszvenyek-2","status":"publish","type":"post","link":"https:\/\/gazdasagportal.hu\/index.php\/tozsdezaras-az-otp-kivetelevel-estek-a-vezeto-reszvenyek-2\/","title":{"rendered":"T\u0151zsdez\u00e1r\u00e1s &#8211; Az OTP kiv\u00e9tel\u00e9vel estek a vezet\u0151 r\u00e9szv\u00e9nyek"},"content":{"rendered":"<p><strong>A Budapesti \u00c9rt\u00e9kt\u0151zsde r\u00e9szv\u00e9nyindexe, a BUX 322,05 pontos, 0,74 sz\u00e1zal\u00e9kos cs\u00f6kken\u00e9ssel, 43 048,25 ponton z\u00e1rt kedden.<\/strong><!--more--><\/p>\n<div class=\"ads-in-post1\"><div id=\"gazdasagportal.hu_fullbanner_wideboard\"><\/div>\r\n<\/div>\n<p>    A r\u00e9szv\u00e9nypiac forgalma 12,5 milli\u00e1rd forint volt, a vezet\u0151 r\u00e9szv\u00e9nyek t\u00f6bbs\u00e9ge gyeng\u00fclt az el\u0151z\u0151 napi z\u00e1r\u00e1shoz k\u00e9pest.<br \/>\n    M\u00f3r\u00f3 Tam\u00e1s, a Concorde \u00c9rt\u00e9kpap\u00edr Zrt. vezet\u0151 elemz\u0151je az MTI-nek elmondta, hogy a hangulat roml\u00e1sa miatt alapvet\u0151en esnek a nemzetk\u00f6zi r\u00e9szv\u00e9nypiacok. Hozz\u00e1tette, a magyar piacon is ink\u00e1bb az elad\u00f3k domin\u00e1ltak, f\u0151leg a Mol \u00e9s a Richter eset\u00e9ben, mik\u00f6zben az OTP j\u00f3l tartotta mag\u00e1t.<br \/>\n    A Mollal kapcsolatban megjegyezte, hogy a rossz novemberi finom\u00edt\u00f3i marzsok miatt tov\u00e1bbra is negat\u00edv a pap\u00edr meg\u00edt\u00e9l\u00e9se, de a gyeng\u00fcl\u00e9s\u00e9ben legink\u00e1bb meghat\u00e1roz\u00f3 a nemzetk\u00f6zi hat\u00e1s volt. A vezet\u0151 elemz\u0151 szerint a kereskedelmi h\u00e1bor\u00faban t\u00f6bb, negat\u00edvan \u00e9rt\u00e9kelhet\u0151 bejelent\u00e9s is volt a EU-val \u00e9s K\u00edn\u00e1val szemben, emiatt pesszimista a hangulat.<br \/>\n    Donald Trump amerikai eln\u00f6k a brit f\u0151v\u00e1rosban tartott sajt\u00f3t\u00e1j\u00e9koztat\u00f3j\u00e1n kijelentette: &#8222;nincs hat\u00e1rid\u0151&#8221; az amerikai-k\u00ednai kereskedelmi meg\u00e1llapod\u00e1s megk\u00f6t\u00e9s\u00e9re, lehet, hogy csak a j\u00f6v\u0151 \u00e9vi eln\u00f6kv\u00e1laszt\u00e1s ut\u00e1n \u00edrj\u00e1k al\u00e1 az egyezs\u00e9get.<br \/>\n<div class=\"ads-in-post2\"><script async src=\"https:\/\/pagead2.googlesyndication.com\/pagead\/js\/adsbygoogle.js\"><\/script>\r\n<ins class=\"adsbygoogle\"\r\n     style=\"display:block\"\r\n     data-ad-format=\"fluid\"\r\n     data-ad-layout-key=\"-6t+ed+2i-1n-4w\"\r\n     data-ad-client=\"ca-pub-1959107119989764\"\r\n     data-ad-slot=\"4008251320\"><\/ins>\r\n<script>\r\n     (adsbygoogle = window.adsbygoogle || []).push({});\r\n<\/script><\/div>\n    Az Egyes\u00fclt \u00c1llamok kereskedelmi f\u0151k\u00e9pvisel\u0151j\u00e9nek hivatala m\u00e9g h\u00e9tf\u0151n bejelentette, hogy \u00e9vi 2,4 milli\u00e1rd doll\u00e1r \u00e9rt\u00e9kben javasol bizonyos francia \u00e1rucikkekre esetenk\u00e9nt 100 sz\u00e1zal\u00e9kot is el\u00e9r\u0151 p\u00f3tl\u00f3lagos v\u00e1mot. Az Eur\u00f3pai Bizotts\u00e1g egyik sz\u00f3viv\u0151je k\u00f6z\u00f6lte: az Eur\u00f3pai Uni\u00f3 egys\u00e9gesen l\u00e9p fel az Egyes\u00fclt \u00c1llamok azon fenyeget\u00e9seivel szemben, hogy s\u00falyos p\u00f3tv\u00e1mmal s\u00fajt bizonyos francia term\u00e9keket az internetes \u00f3ri\u00e1sc\u00e9gekre kivetett digit\u00e1lis ad\u00f3 miatt.<br \/>\n    A Mol \u00e1rfolyama 54 forinttal, 1,89 sz\u00e1zal\u00e9kkal 2800 forintra cs\u00f6kkent, 3,2 milli\u00e1rd forintos forgalomban.<br \/>\n    Az OTP-r\u00e9szv\u00e9nyek 30 forinttal, 0,21 sz\u00e1zal\u00e9kkal 14 300 forintra &#8211; 14 380 forintos t\u00f6rt\u00e9nelmi cs\u00facsuk k\u00f6zel\u00e9be &#8211; er\u0151s\u00f6dtek, forgalmuk 6 milli\u00e1rd forintot tett ki.<br \/>\n    A Magyar Telekom \u00e1ra 3 forinttal, 0,68 sz\u00e1zal\u00e9kkal 439 forintra esett, forgalma 111,6 milli\u00f3 forint volt.<br \/>\n    A Richter-pap\u00edrok 45 forinttal, 0,77 sz\u00e1zal\u00e9kkal 5770 forintra gyeng\u00fcltek, forgalmuk 2 milli\u00e1rd forintot \u00e9rt el.<br \/>\n    A kis \u00e9s k\u00f6zepes r\u00e9szv\u00e9nyek indexe, a BUMIX 3889,50 ponton z\u00e1rt kedden, ez 68,11 pontos, 1,72 sz\u00e1zal\u00e9kos cs\u00f6kken\u00e9s a h\u00e9tf\u0151i z\u00e1r\u00e1shoz viszony\u00edtva.(MTI)<\/p>\n","protected":false},"excerpt":{"rendered":"<p>A Budapesti \u00c9rt\u00e9kt\u0151zsde r\u00e9szv\u00e9nyindexe, a BUX 322,05 pontos, 0,74 sz\u00e1zal\u00e9kos cs\u00f6kken\u00e9ssel, 43 048,25 ponton z\u00e1rt kedden.<\/p>\n","protected":false},"author":1,"featured_media":0,"comment_status":"closed","ping_status":"open","sticky":false,"template":"","format":"standard","meta":[],"categories":[7],"tags":[],"_links":{"self":[{"href":"https:\/\/gazdasagportal.hu\/index.php\/wp-json\/wp\/v2\/posts\/121910"}],"collection":[{"href":"https:\/\/gazdasagportal.hu\/index.php\/wp-json\/wp\/v2\/posts"}],"about":[{"href":"https:\/\/gazdasagportal.hu\/index.php\/wp-json\/wp\/v2\/types\/post"}],"author":[{"embeddable":true,"href":"https:\/\/gazdasagportal.hu\/index.php\/wp-json\/wp\/v2\/users\/1"}],"replies":[{"embeddable":true,"href":"https:\/\/gazdasagportal.hu\/index.php\/wp-json\/wp\/v2\/comments?post=121910"}],"version-history":[{"count":1,"href":"https:\/\/gazdasagportal.hu\/index.php\/wp-json\/wp\/v2\/posts\/121910\/revisions"}],"predecessor-version":[{"id":121911,"href":"https:\/\/gazdasagportal.hu\/index.php\/wp-json\/wp\/v2\/posts\/121910\/revisions\/121911"}],"wp:attachment":[{"href":"https:\/\/gazdasagportal.hu\/index.php\/wp-json\/wp\/v2\/media?parent=121910"}],"wp:term":[{"taxonomy":"category","embeddable":true,"href":"https:\/\/gazdasagportal.hu\/index.php\/wp-json\/wp\/v2\/categories?post=121910"},{"taxonomy":"post_tag","embeddable":true,"href":"https:\/\/gazdasagportal.hu\/index.php\/wp-json\/wp\/v2\/tags?post=121910"}],"curies":[{"name":"wp","href":"https:\/\/api.w.org\/{rel}","templated":true}]}}