{"id":121896,"date":"2019-12-03T12:06:22","date_gmt":"2019-12-03T11:06:22","guid":{"rendered":"http:\/\/gazdasagportal.hu\/?p=121896"},"modified":"2019-12-03T12:06:22","modified_gmt":"2019-12-03T11:06:22","slug":"tavasszal-kezdodik-a-debreceni-bmw-gyar-epitese","status":"publish","type":"post","link":"https:\/\/gazdasagportal.hu\/index.php\/tavasszal-kezdodik-a-debreceni-bmw-gyar-epitese\/","title":{"rendered":"Tavasszal kezd\u0151dik a debreceni BMW-gy\u00e1r \u00e9p\u00edt\u00e9se"},"content":{"rendered":"<p><strong>Tavasszal kezd\u0151dik a BMW gy\u00e1r\u00e1nak \u00e9p\u00edt\u00e9se Debrecenben &#8211; k\u00f6z\u00f6lte a c\u00e9g az MTI-vel kedden.<\/strong><!--more--><\/p>\n<div class=\"ads-in-post1\"><div id=\"gazdasagportal.hu_fullbanner_wideboard\"><\/div>\r\n<\/div>\n<p>    A gy\u00e1r \u00e9p\u00edtkez\u00e9st el\u0151k\u00e9sz\u00edt\u0151 munk\u00e1latai a tervek szerint haladnak, Debrecen \u00f6nkorm\u00e1nyzata a v\u00e1rosr\u00e9sz \u00e9szaknyugati k\u00fclter\u00fclet\u00e9n tal\u00e1lhat\u00f3 ipari ter\u00fclet el\u0151k\u00e9sz\u00edt\u00e9si munk\u00e1latait v\u00e9gzi &#8211; \u00edrt\u00e1k. Azt is k\u00f6z\u00f6lt\u00e9k, hogy a BMW csoport debreceni karrierfejleszt\u0151 csapata a k\u00f6vetkez\u0151 hetekben toborz\u00e1si kamp\u00e1nyt ind\u00edt, amelyet 2020-ban Hajd\u00fa-Bihar megye eg\u00e9sz ter\u00fclet\u00e9re kiterjesztenek.<br \/>\n    Michele Melchiorre, a BMW Manufacturing Hungary Kft. \u00fcgyvezet\u0151 igazgat\u00f3ja a k\u00f6zlem\u00e9nyben t\u00f6k\u00e9letes v\u00e1laszt\u00e1snak nevezte Debrecent.<br \/>\n    Eml\u00e9keztettek, 2018 v\u00e9g\u00e9n kezd\u0151dtek meg a gy\u00e1r f\u00f6ldter\u00fcleti el\u0151k\u00e9sz\u00fcletei: a munkag\u00e9pek t\u00f6bb mint 1,7 milli\u00f3 k\u00f6bm\u00e9ter f\u00f6ldet termeltek ki \u00e9s forgattak vissza, a m\u00e9rn\u00f6k\u00f6k pedig mintegy 1350 m\u00e9ter hossz\u00fa, f\u00f6ldalatti cs\u0151h\u00e1l\u00f3zatot fektettek le, \u00e9s hozz\u00e1vet\u0151legesen 11ezer m\u00e9ternyi es\u0151v\u00edz-elvezet\u0151 \u00e1rkot alak\u00edtottak ki. Naponta k\u00f6r\u00fclbel\u00fcl 200 teheraut\u00f3 \u00e9s kamion fordul meg a ter\u00fcleten. A tervek szerint haladnak a k\u00f6rny\u00e9k k\u00f6z\u00fati \u00e9s egy\u00e9b infrastrukt\u00fara-fejleszt\u00e9si el\u0151k\u00e9sz\u00fcletei, valamint az \u00e9p\u00edtkez\u00e9st el\u0151k\u00e9sz\u00edt\u0151 munkafolyamatok az ipari park ter\u00fclet\u00e9n &#8211; \u00edrt\u00e1k.<br \/>\n<div class=\"ads-in-post2\"><script async src=\"https:\/\/pagead2.googlesyndication.com\/pagead\/js\/adsbygoogle.js\"><\/script>\r\n<ins class=\"adsbygoogle\"\r\n     style=\"display:block\"\r\n     data-ad-format=\"fluid\"\r\n     data-ad-layout-key=\"-6t+ed+2i-1n-4w\"\r\n     data-ad-client=\"ca-pub-1959107119989764\"\r\n     data-ad-slot=\"4008251320\"><\/ins>\r\n<script>\r\n     (adsbygoogle = window.adsbygoogle || []).push({});\r\n<\/script><\/div>\n    A BMW Manufacturing Hungary Kft. m\u00e1r 2019 v\u00e9g\u00e9n fel\u00e1ll\u00edtja az \u00e9p\u00edtkez\u00e9si munk\u00e1latokhoz sz\u00fcks\u00e9ges berendez\u00e9seket a leend\u0151 \u00fczem ter\u00fclet\u00e9n; az \u00e9p\u00edtkez\u00e9s a c\u00f6l\u00f6p\u00f6k be\u00e1gyaz\u00e1s\u00e1val \u00e9s a szerkezeti alapok ki\u00f6nt\u00e9s\u00e9vel veszi kezdet\u00e9t j\u00f6v\u0151 tavasszal &#8211; \u00edrt\u00e1k.<br \/>\n    A BMW Group  szeptember 24-\u00e9n \u00edrta al\u00e1 az ipari ter\u00fclet ad\u00e1sv\u00e9teli szerz\u0151d\u00e9s\u00e9t.<br \/>\n    Debrecen els\u0151sorban kiv\u00e1l\u00f3 infrastrukt\u00far\u00e1ja, kiforrott logisztikai kapcsolatai \u00e9s a besz\u00e1ll\u00edt\u00f3i h\u00e1l\u00f3zatba val\u00f3 optim\u00e1lis integr\u00e1lhat\u00f3s\u00e1ga miatt el\u0151ny\u00f6s helysz\u00edn, a t\u00e9rs\u00e9g magasan k\u00e9pzett munkaer\u0151piaca pedig \u00fajabb kulcsfontoss\u00e1g\u00fa t\u00e9nyez\u0151. A BMW Group j\u00f6v\u0151beni gy\u00e1regys\u00e9g\u00e9nek munkat\u00e1rsain fel\u00fcl, a besz\u00e1ll\u00edt\u00f3i h\u00e1l\u00f3zat k\u00e9pvisel\u0151i \u00e9s a k\u00f6zvetlen szolg\u00e1ltat\u00f3k is sz\u00e1mtalan munkalehet\u0151s\u00e9get k\u00edn\u00e1lnak majd az \u00e9szakkelet-magyarorsz\u00e1gi r\u00e9gi\u00f3ban &#8211; jegyezt\u00e9k meg.<br \/>\n     Tavaly a BMW Group t\u00f6bb mint 2 milli\u00f3 490 ezer aut\u00f3t \u00e9s t\u00f6bb mint 165 ezer motorker\u00e9kp\u00e1rt \u00e9rt\u00e9kes\u00edtett vil\u00e1gszerte. A v\u00e1llalat 97,480 milli\u00e1rd eur\u00f3 bev\u00e9telt \u00e9s  9,815 milli\u00e1rd eur\u00f3 nyeres\u00e9get termelt a 2018-as p\u00e9nz\u00fcgyi \u00e9vben. A 2018. decemberi \u00e1llapot szerint a BMW Group vil\u00e1gszerte 134 682 embert foglalkoztat.(MTI)<\/p>\n","protected":false},"excerpt":{"rendered":"<p>Tavasszal kezd\u0151dik a BMW gy\u00e1r\u00e1nak \u00e9p\u00edt\u00e9se Debrecenben &#8211; k\u00f6z\u00f6lte a c\u00e9g az MTI-vel kedden.<\/p>\n","protected":false},"author":1,"featured_media":118333,"comment_status":"closed","ping_status":"open","sticky":false,"template":"","format":"standard","meta":[],"categories":[146,4,19],"tags":[],"_links":{"self":[{"href":"https:\/\/gazdasagportal.hu\/index.php\/wp-json\/wp\/v2\/posts\/121896"}],"collection":[{"href":"https:\/\/gazdasagportal.hu\/index.php\/wp-json\/wp\/v2\/posts"}],"about":[{"href":"https:\/\/gazdasagportal.hu\/index.php\/wp-json\/wp\/v2\/types\/post"}],"author":[{"embeddable":true,"href":"https:\/\/gazdasagportal.hu\/index.php\/wp-json\/wp\/v2\/users\/1"}],"replies":[{"embeddable":true,"href":"https:\/\/gazdasagportal.hu\/index.php\/wp-json\/wp\/v2\/comments?post=121896"}],"version-history":[{"count":1,"href":"https:\/\/gazdasagportal.hu\/index.php\/wp-json\/wp\/v2\/posts\/121896\/revisions"}],"predecessor-version":[{"id":121897,"href":"https:\/\/gazdasagportal.hu\/index.php\/wp-json\/wp\/v2\/posts\/121896\/revisions\/121897"}],"wp:featuredmedia":[{"embeddable":true,"href":"https:\/\/gazdasagportal.hu\/index.php\/wp-json\/wp\/v2\/media\/118333"}],"wp:attachment":[{"href":"https:\/\/gazdasagportal.hu\/index.php\/wp-json\/wp\/v2\/media?parent=121896"}],"wp:term":[{"taxonomy":"category","embeddable":true,"href":"https:\/\/gazdasagportal.hu\/index.php\/wp-json\/wp\/v2\/categories?post=121896"},{"taxonomy":"post_tag","embeddable":true,"href":"https:\/\/gazdasagportal.hu\/index.php\/wp-json\/wp\/v2\/tags?post=121896"}],"curies":[{"name":"wp","href":"https:\/\/api.w.org\/{rel}","templated":true}]}}