{"id":121885,"date":"2019-12-03T08:19:56","date_gmt":"2019-12-03T07:19:56","guid":{"rendered":"http:\/\/gazdasagportal.hu\/?p=121885"},"modified":"2019-12-03T08:19:56","modified_gmt":"2019-12-03T07:19:56","slug":"az-amerikai-kormany-100-szazalekos-buntetovamot-keszul-kivetni-francia-termekekre","status":"publish","type":"post","link":"https:\/\/gazdasagportal.hu\/index.php\/az-amerikai-kormany-100-szazalekos-buntetovamot-keszul-kivetni-francia-termekekre\/","title":{"rendered":"Az amerikai korm\u00e1ny 100 sz\u00e1zal\u00e9kos b\u00fcntet\u0151v\u00e1mot k\u00e9sz\u00fcl kivetni francia term\u00e9kekre"},"content":{"rendered":"<p><strong>Washington 100 sz\u00e1zal\u00e9kos v\u00e1mmal k\u00e9sz\u00fcl s\u00fajtani francia term\u00e9keket, v\u00e1laszul az amerikai technol\u00f3giai \u00f3ri\u00e1sc\u00e9gekre kivetett francia digit\u00e1lis ad\u00f3k miatt &#8211; jelentette be h\u00e9tf\u0151n az Egyes\u00fclt \u00c1llamok kereskedelmi f\u0151k\u00e9pviselet\u00e9nek irod\u00e1ja.<\/strong><!--more--><\/p>\n<div class=\"ads-in-post1\"><div id=\"gazdasagportal.hu_fullbanner_wideboard\"><\/div>\r\n<\/div>\n<p>    A javaslat 2,4 milli\u00e1rd doll\u00e1r \u00e9rt\u00e9kben k\u00edv\u00e1n ad\u00f3t kivetni francia port\u00e9k\u00e1kra, k\u00f6zt\u00fck p\u00e9ld\u00e1ul pezsg\u0151kre, sajtokra, k\u00e9zit\u00e1sk\u00e1kra. A d\u00f6nt\u00e9st azt k\u00f6vet\u0151en hozta meg a kereskedelmi f\u0151k\u00e9pviselet, hogy P\u00e1rizs digit\u00e1lis ad\u00f3val s\u00fajtott amerikai technol\u00f3giai c\u00e9geket, s ezt Washington az amerikai v\u00e1llalatok elleni tisztess\u00e9gtelen megk\u00fcl\u00f6nb\u00f6ztet\u00e9snek min\u0151s\u00edtette.<br \/>\n    Robert Lighthizer kereskedelmi f\u0151t\u00e1rgyal\u00f3 irod\u00e1ja tudatta azt is: a korm\u00e1nyzat tervbe vette a b\u00fcntet\u0151 v\u00e1mokkal s\u00fajtott eur\u00f3pai uni\u00f3s term\u00e9kek k\u00f6r\u00e9nek tov\u00e1bbi b\u0151v\u00edt\u00e9s\u00e9t, bele\u00e9rtve az Egyes\u00fclt Kir\u00e1lys\u00e1gb\u00f3l, Franciaorsz\u00e1gb\u00f3l, Spanyolorsz\u00e1gb\u00f3l \u00e9s N\u00e9metorsz\u00e1gb\u00f3l sz\u00e1rmaz\u00f3 \u00e1rucikkeket is. A b\u00fcntet\u0151 v\u00e1mok kiterjeszt\u00e9s\u00e9nek okak\u00e9nt a hivatal az Airbus eur\u00f3pai rep\u00fcl\u0151g\u00e9pgy\u00e1rt\u00f3nak ny\u00fajtott \u00e1llami t\u00e1mogat\u00e1sokat jel\u00f6lte meg, amelyet a Kereskedelmi Vil\u00e1gszervezet (WTO) szint\u00e9n t\u00f6rv\u00e9nyellenesnek \u00edt\u00e9lt.<br \/>\n    A francia \u00e1rucikkekre vonatkoz\u00f3, tervezett v\u00e1memel\u00e9st h\u00f3napokig tart\u00f3 vita el\u0151zte meg Washington \u00e9s P\u00e1rizs k\u00f6z\u00f6tt. Az \u00fcgyben k\u00e9tp\u00e1rti kongresszusi t\u00e1mogat\u00e1st \u00e9lvez\u0151 amerikai korm\u00e1ny kifog\u00e1solta, hogy a francia kabinet digit\u00e1lis ad\u00f3t vetett ki az olyan nagy amerikai v\u00e1llalatokra, mint a Google, az Apple, az Amazon \u00e9s a Facebook. A franci\u00e1k viszont azzal \u00e9rveltek, hogy az amerikai c\u00e9gek egyszer\u0171n elker\u00fclik az ad\u00f3z\u00e1st sok digit\u00e1lis szolg\u00e1ltat\u00e1sukn\u00e1l. A francia int\u00e9zked\u00e9s mindazon\u00e1ltal \u00e1tmeneti, s addig marad \u00e9rv\u00e9nyben, am\u00edg az OECD r\u00e9szv\u00e9tel\u00e9vel nem siker\u00fcl \u00faj, multilater\u00e1lis alapon kidolgozott szab\u00e1lyrendszert elfogadni.<br \/>\n<div class=\"ads-in-post2\"><script async src=\"https:\/\/pagead2.googlesyndication.com\/pagead\/js\/adsbygoogle.js\"><\/script>\r\n<ins class=\"adsbygoogle\"\r\n     style=\"display:block\"\r\n     data-ad-format=\"fluid\"\r\n     data-ad-layout-key=\"-6t+ed+2i-1n-4w\"\r\n     data-ad-client=\"ca-pub-1959107119989764\"\r\n     data-ad-slot=\"4008251320\"><\/ins>\r\n<script>\r\n     (adsbygoogle = window.adsbygoogle || []).push({});\r\n<\/script><\/div>\n    A G20-as orsz\u00e1gcsoport augusztusban a franciaorsz\u00e1gi Biarritzban tartott cs\u00facskonferenci\u00e1j\u00e1n az Egyes\u00fclt \u00c1llamok h\u00e1rom h\u00f3napos halad\u00e9kot javasolt a francia tiszts\u00e9gvisel\u0151knek, de ez a hat\u00e1rid\u0151 lej\u00e1rt.<br \/>\n    &#8222;A kereskedelmi f\u0151k\u00e9pviselet mai d\u00f6nt\u00e9se egy\u00e9rtelm\u0171 jelz\u00e9s, hogy az Egyes\u00fclt \u00c1llamok l\u00e9pni fog a digit\u00e1lis ad\u00f3k rendszere ellen, amely diszkrimin\u00e1lja, vagy m\u00e1sk\u00e9nt sz\u00f3lva f\u00f6l\u00f6slegesen megterheli az amerikai v\u00e1llalatokat&#8221; &#8211; fogalmazott h\u00e9tf\u0151 esti k\u00f6zlem\u00e9ny\u00e9ben Lighthizer. Hozz\u00e1f\u0171zte: hivatala k\u00fcl\u00f6nleges figyelmet ford\u00edt az Eur\u00f3pai Uni\u00f3 tagorsz\u00e1gainak n\u00f6vekv\u0151 protekcionizmus\u00e1ra, amely &#8222;tisztess\u00e9gtelen\u00fcl veszi c\u00e9lba az Egyes\u00fclt \u00c1llamok v\u00e1llalatait&#8221;.<br \/>\n    A f\u0151t\u00e1rgyal\u00f3 egyben figyelmeztetett, hogy az amerikai korm\u00e1nyzat hasonl\u00f3 int\u00e9zked\u00e9seket hozhat m\u00e1s, digit\u00e1lis ad\u00f3t kivet\u0151 orsz\u00e1gok, p\u00e9ld\u00e1ul Olaszorsz\u00e1g, Ausztria \u00e9s T\u00f6r\u00f6korsz\u00e1g ellen is. A kil\u00e1t\u00e1sba helyezett v\u00e1mokat janu\u00e1r elej\u00e9n vezetn\u00e9 be az amerikai korm\u00e1ny.<br \/>\n    Az amerikai tech-c\u00e9gek \u00fcdv\u00f6z\u00f6lt\u00e9k a korm\u00e1nyzati d\u00f6nt\u00e9st, de kifejezt\u00e9k azt a rem\u00e9ny\u00fcket is, hogy az OECD r\u00e9v\u00e9n siker\u00fcl mindenki sz\u00e1m\u00e1ra elfogadhat\u00f3 meg\u00e1llapod\u00e1st kidolgozni.(MTI)<\/p>\n","protected":false},"excerpt":{"rendered":"<p>Washington 100 sz\u00e1zal\u00e9kos v\u00e1mmal k\u00e9sz\u00fcl s\u00fajtani francia term\u00e9keket, v\u00e1laszul az amerikai technol\u00f3giai \u00f3ri\u00e1sc\u00e9gekre kivetett francia digit\u00e1lis ad\u00f3k miatt &#8211; jelentette be h\u00e9tf\u0151n az Egyes\u00fclt \u00c1llamok kereskedelmi f\u0151k\u00e9pviselet\u00e9nek irod\u00e1ja.<\/p>\n","protected":false},"author":1,"featured_media":121886,"comment_status":"closed","ping_status":"open","sticky":false,"template":"","format":"standard","meta":[],"categories":[146,246],"tags":[],"_links":{"self":[{"href":"https:\/\/gazdasagportal.hu\/index.php\/wp-json\/wp\/v2\/posts\/121885"}],"collection":[{"href":"https:\/\/gazdasagportal.hu\/index.php\/wp-json\/wp\/v2\/posts"}],"about":[{"href":"https:\/\/gazdasagportal.hu\/index.php\/wp-json\/wp\/v2\/types\/post"}],"author":[{"embeddable":true,"href":"https:\/\/gazdasagportal.hu\/index.php\/wp-json\/wp\/v2\/users\/1"}],"replies":[{"embeddable":true,"href":"https:\/\/gazdasagportal.hu\/index.php\/wp-json\/wp\/v2\/comments?post=121885"}],"version-history":[{"count":1,"href":"https:\/\/gazdasagportal.hu\/index.php\/wp-json\/wp\/v2\/posts\/121885\/revisions"}],"predecessor-version":[{"id":121887,"href":"https:\/\/gazdasagportal.hu\/index.php\/wp-json\/wp\/v2\/posts\/121885\/revisions\/121887"}],"wp:featuredmedia":[{"embeddable":true,"href":"https:\/\/gazdasagportal.hu\/index.php\/wp-json\/wp\/v2\/media\/121886"}],"wp:attachment":[{"href":"https:\/\/gazdasagportal.hu\/index.php\/wp-json\/wp\/v2\/media?parent=121885"}],"wp:term":[{"taxonomy":"category","embeddable":true,"href":"https:\/\/gazdasagportal.hu\/index.php\/wp-json\/wp\/v2\/categories?post=121885"},{"taxonomy":"post_tag","embeddable":true,"href":"https:\/\/gazdasagportal.hu\/index.php\/wp-json\/wp\/v2\/tags?post=121885"}],"curies":[{"name":"wp","href":"https:\/\/api.w.org\/{rel}","templated":true}]}}