{"id":121828,"date":"2019-12-01T16:34:11","date_gmt":"2019-12-01T15:34:11","guid":{"rendered":"http:\/\/gazdasagportal.hu\/?p=121828"},"modified":"2019-12-01T16:38:29","modified_gmt":"2019-12-01T15:38:29","slug":"csapadekos-teli-idovel-indul-a-december","status":"publish","type":"post","link":"https:\/\/gazdasagportal.hu\/index.php\/csapadekos-teli-idovel-indul-a-december\/","title":{"rendered":"Csapad\u00e9kos, t\u00e9li id\u0151vel indul a december"},"content":{"rendered":"<p><strong>December els\u0151 napjaiban csapad\u00e9kos, t\u00e9li id\u0151 v\u00e1rhat\u00f3. A havas t\u00e1jakon ak\u00e1r m\u00ednusz 15 fokig is h\u0171lhet a leveg\u0151. A h\u00e9t k\u00f6zep\u00e9t\u0151l sz\u00e1razabb id\u0151 v\u00e1rhat\u00f3, a hideg is m\u00e9rs\u00e9kl\u0151dik &#8211; der\u00fcl ki az Orsz\u00e1gos Meteorol\u00f3giai Szolg\u00e1lat orsz\u00e1gos, k\u00f6z\u00e9pt\u00e1v\u00fa el\u0151rejelz\u00e9s\u00e9b\u0151l, amelyet vas\u00e1rnap juttattak el az MTI-nek.<\/strong><!--more--><\/p>\n<div class=\"ads-in-post1\"><div id=\"gazdasagportal.hu_fullbanner_wideboard\"><\/div>\r\n<\/div>\n<p>    H\u00e9tf\u0151n a nap els\u0151 fel\u00e9ben sokfel\u00e9 lehet csapad\u00e9k: az orsz\u00e1g \u00e9szakkeleti harmad\u00e1ban \u00e9s a f\u0151v\u00e1ros t\u00e9rs\u00e9g\u00e9ben havaz\u00e1s, d\u00e9len \u00e9s az \u00c9szaknyugat-Dun\u00e1nt\u00falon es\u0151, havas es\u0151 lesz a jellemz\u0151, de a k\u00e9t t\u00e9rs\u00e9g k\u00f6z\u00f6tt \u00f3nos es\u0151 is eshet. A d\u00e9li \u00f3r\u00e1kt\u00f3l \u00e9szakon megsz\u0171nik a csapad\u00e9k, d\u00e9len pedig az es\u0151t havas es\u0151, havaz\u00e1s v\u00e1ltja fel. A sz\u00e9l t\u00f6bbfel\u00e9 meg\u00e9l\u00e9nk\u00fcl, a Dun\u00e1nt\u00falon n\u00e9hol meg is er\u0151s\u00f6dik. A leghidegebb \u00f3r\u00e1kban m\u00ednusz 4 \u00e9s plusz 3 fok k\u00f6z\u00f6tt, napk\u00f6zben m\u00ednusz 1 \u00e9s plusz 4 fok k\u00f6z\u00f6tt alakul a h\u0151m\u00e9rs\u00e9klet.<br \/>\n    Kedden napk\u00f6zben kialakulhat egy-egy h\u00f3z\u00e1por. A sz\u00e9l helyenk\u00e9nt \u00e9l\u00e9nk lesz, majd est\u00e9re m\u00e9rs\u00e9kl\u0151dik a l\u00e9gmozg\u00e1s. A minimumh\u0151m\u00e9rs\u00e9klet t\u00f6bbnyire m\u00ednusz 5 \u00e9s plusz 1 fok k\u00f6z\u00f6tt alakul, de az \u00e9szakkeleti havas t\u00e1jakon j\u00f3val m\u00ednusz 5 fok al\u00e1 s\u00fcllyedhet a h\u0151m\u00e9rs\u00e9klet. A nappali maximumok plusz 1 \u00e9s 5 fok k\u00f6z\u00f6tt alakulnak.<br \/>\n<div class=\"ads-in-post2\"><script async src=\"https:\/\/pagead2.googlesyndication.com\/pagead\/js\/adsbygoogle.js\"><\/script>\r\n<ins class=\"adsbygoogle\"\r\n     style=\"display:block\"\r\n     data-ad-format=\"fluid\"\r\n     data-ad-layout-key=\"-6t+ed+2i-1n-4w\"\r\n     data-ad-client=\"ca-pub-1959107119989764\"\r\n     data-ad-slot=\"4008251320\"><\/ins>\r\n<script>\r\n     (adsbygoogle = window.adsbygoogle || []).push({});\r\n<\/script><\/div>\n    Szerd\u00e1n az \u00e9jszaka k\u00e9pz\u0151d\u00f6tt z\u00fazmar\u00e1s k\u00f6d feloszlik, \u00e9s t\u00f6bbnyire gyeng\u00e9n felh\u0151s, napos, csapad\u00e9kmentes id\u0151 v\u00e1rhat\u00f3. A legalacsonyabb h\u0151m\u00e9rs\u00e9klet \u00e1ltal\u00e1ban m\u00ednusz 7 \u00e9s m\u00ednusz 2 fok k\u00f6z\u00f6tt alakul, ugyanakkor a h\u00f3f\u00f6dte t\u00e1jakon m\u00ednusz 15 \u00e9s m\u00ednusz 10 fok k\u00f6z\u00f6tti \u00e9rt\u00e9kek is el\u0151fordulhatnak. A legmagasabb h\u0151m\u00e9rs\u00e9klet m\u00ednusz 2 \u00e9s plusz 4 fok k\u00f6z\u00f6tt alakul, a fagypont alatti \u00e9rt\u00e9kek a kezdetben k\u00f6d\u00f6s, havas t\u00e1jakon val\u00f3sz\u00edn\u0171ek.<br \/>\n    Cs\u00fct\u00f6rt\u00f6k\u00f6n \u00e9s p\u00e9nteken a z\u00fazmar\u00e1s k\u00f6d feloszl\u00e1sa ut\u00e1n napos, csapad\u00e9kmentes id\u0151 v\u00e1rhat\u00f3. A leghidegebb \u00f3r\u00e1kban \u00e1ltal\u00e1ban m\u00ednusz 7 \u00e9s m\u00ednusz 2 fok k\u00f6z\u00f6tt alakul a h\u0151m\u00e9rs\u00e9klet, de a m\u00e9g havas t\u00e1jakon m\u00ednusz 10 fok k\u00f6r\u00fcli \u00e9rt\u00e9kek is el\u0151fordulhatnak. Cs\u00fct\u00f6rt\u00f6k\u00f6n napk\u00f6zben 0 \u00e9s plusz 5, p\u00e9nteken plusz 1 \u00e9s 7 fok k\u00f6z\u00f6tt alakul a h\u0151m\u00e9rs\u00e9klet.<br \/>\n    Szombaton er\u0151sen megn\u00f6vekszik a felh\u0151zet, elsz\u00f3rtan el\u0151fordulhat z\u00e1por. A minimumh\u0151m\u00e9rs\u00e9klet m\u00ednusz 4 \u00e9s plusz 4, a maximumh\u0151m\u00e9rs\u00e9klet plusz 3 \u00e9s 11 fok k\u00f6z\u00f6tt val\u00f3sz\u00edn\u0171.<br \/>\n    Vas\u00e1rnap elsz\u00f3rtan lehet kisebb es\u0151, z\u00e1por. Helyenk\u00e9nt meger\u0151s\u00f6dik a sz\u00e9l is. A legalacsonyabb h\u0151m\u00e9rs\u00e9klet m\u00ednusz 2 \u00e9s plusz 3, a legmagasabb h\u0151m\u00e9rs\u00e9klet plusz 5 \u00e9s 10 fok k\u00f6z\u00f6tt alakul &#8211; olvashat\u00f3 az el\u0151rejelz\u00e9sben.(MTI)<\/p>\n","protected":false},"excerpt":{"rendered":"<p>December els\u0151 napjaiban csapad\u00e9kos, t\u00e9li id\u0151 v\u00e1rhat\u00f3. A havas t\u00e1jakon ak\u00e1r m\u00ednusz 15 fokig is h\u0171lhet a leveg\u0151. A h\u00e9t k\u00f6zep\u00e9t\u0151l sz\u00e1razabb id\u0151 v\u00e1rhat\u00f3, a hideg is m\u00e9rs\u00e9kl\u0151dik &#8211; der\u00fcl ki az Orsz\u00e1gos Meteorol\u00f3giai Szolg\u00e1lat orsz\u00e1gos, k\u00f6z\u00e9pt\u00e1v\u00fa el\u0151rejelz\u00e9s\u00e9b\u0151l, amelyet vas\u00e1rnap juttattak el az MTI-nek.<\/p>\n","protected":false},"author":1001003,"featured_media":0,"comment_status":"closed","ping_status":"open","sticky":false,"template":"","format":"standard","meta":[],"categories":[4],"tags":[],"_links":{"self":[{"href":"https:\/\/gazdasagportal.hu\/index.php\/wp-json\/wp\/v2\/posts\/121828"}],"collection":[{"href":"https:\/\/gazdasagportal.hu\/index.php\/wp-json\/wp\/v2\/posts"}],"about":[{"href":"https:\/\/gazdasagportal.hu\/index.php\/wp-json\/wp\/v2\/types\/post"}],"author":[{"embeddable":true,"href":"https:\/\/gazdasagportal.hu\/index.php\/wp-json\/wp\/v2\/users\/1001003"}],"replies":[{"embeddable":true,"href":"https:\/\/gazdasagportal.hu\/index.php\/wp-json\/wp\/v2\/comments?post=121828"}],"version-history":[{"count":3,"href":"https:\/\/gazdasagportal.hu\/index.php\/wp-json\/wp\/v2\/posts\/121828\/revisions"}],"predecessor-version":[{"id":121831,"href":"https:\/\/gazdasagportal.hu\/index.php\/wp-json\/wp\/v2\/posts\/121828\/revisions\/121831"}],"wp:attachment":[{"href":"https:\/\/gazdasagportal.hu\/index.php\/wp-json\/wp\/v2\/media?parent=121828"}],"wp:term":[{"taxonomy":"category","embeddable":true,"href":"https:\/\/gazdasagportal.hu\/index.php\/wp-json\/wp\/v2\/categories?post=121828"},{"taxonomy":"post_tag","embeddable":true,"href":"https:\/\/gazdasagportal.hu\/index.php\/wp-json\/wp\/v2\/tags?post=121828"}],"curies":[{"name":"wp","href":"https:\/\/api.w.org\/{rel}","templated":true}]}}