{"id":121818,"date":"2019-12-01T08:57:48","date_gmt":"2019-12-01T07:57:48","guid":{"rendered":"http:\/\/gazdasagportal.hu\/?p=121818"},"modified":"2019-12-01T08:57:48","modified_gmt":"2019-12-01T07:57:48","slug":"heti-tozsdei-osszefoglalo-novekvo-forgalomban-csokkent-a-bux-a-heten-13","status":"publish","type":"post","link":"https:\/\/gazdasagportal.hu\/index.php\/heti-tozsdei-osszefoglalo-novekvo-forgalomban-csokkent-a-bux-a-heten-13\/","title":{"rendered":"Heti t\u0151zsdei \u00f6sszefoglal\u00f3 &#8211; N\u00f6vekv\u0151 forgalomban cs\u00f6kkent a BUX a h\u00e9ten"},"content":{"rendered":"<p><strong>N\u00f6vekv\u0151 forgalomban cs\u00f6kkent a Budapesti \u00c9rt\u00e9kt\u0151zsde (B\u00c9T) r\u00e9szv\u00e9nyindexe a h\u00e9ten, a BUX 43 704,85 ponton z\u00e1rt p\u00e9nteken, 349,10 ponttal, 0,79 sz\u00e1zal\u00e9kkal alacsonyabban az el\u0151z\u0151 heti z\u00e1r\u00f3\u00e9rt\u00e9k\u00e9n\u00e9l.<\/strong><!--more--><\/p>\n<div class=\"ads-in-post1\"><div id=\"gazdasagportal.hu_fullbanner_wideboard\"><\/div>\r\n<\/div>\n<p>    A r\u00e9szv\u00e9nypiac heti forgalma meghaladta a 66,07 milli\u00e1rd forintot az el\u0151z\u0151 heti 61,62 milli\u00e1rd forint ut\u00e1n, a vezet\u0151 r\u00e9szv\u00e9nyek az OTP kiv\u00e9tel\u00e9vel gyeng\u00fcltek.<br \/>\n    A Budapesti \u00c9rt\u00e9kt\u0151zsd\u00e9n p\u00e9nteken r\u00f6vid\u00edtett keresked\u00e9si nap volt, mert a r\u00e9gi\u00f3 t\u0151zsd\u00e9i \u00faj keresked\u00e9si rendszerre \u00e1llnak \u00e1t. December 2-\u00e1n a B\u00c9T azonnali piac\u00e1n a jelenlegi Xetra Classic keresked\u00e9si rendszert felv\u00e1ltja a Xetra T7 rendszer, amely &#8211; a Xetra Classichoz hasonl\u00f3an &#8211; a n\u00e9met t\u0151zsde \u00e1ltal fejlesztett \u00e9s haszn\u00e1lt szoftver. Ezzel a r\u00e9gi\u00f3 t\u00f6bb m\u00e1s t\u0151zsd\u00e9j\u00e9hez &#8211; b\u00e9csi t\u0151zsde, pr\u00e1gai t\u0151zsde, z\u00e1gr\u00e1bi t\u0151zsde, ljubljanai t\u0151zsde &#8211; hasonl\u00f3an egy modernebb infrastrukt\u00far\u00e1ra \u00e1ll \u00e1t a B\u00c9T.<br \/>\n    Az Equilor Befektet\u00e9si Zrt. MTI-nek k\u00fcld\u00f6tt heti \u00f6sszefoglal\u00f3j\u00e1ban kiemelte, hogy el\u0151rel\u00e9p\u00e9s t\u00f6rt\u00e9nt a Mol-INA konfliktusban. Az INA vezet\u0151s\u00e9g\u00e9nek j\u00f3v\u00e1hagy\u00e1s\u00e1val megkezd\u0151dhet a v\u00e1llalat \u00e1tvil\u00e1g\u00edt\u00e1si folyamata. Tomislav Coric horv\u00e1t energia\u00fcgyi miniszter kor\u00e1bban \u00fagy nyilatkozott, hogy 2020 els\u0151 negyed\u00e9v\u00e9ben szeretn\u00e9nek t\u00e1rgyal\u00f3asztalhoz \u00fclni a Mol vezet\u0151ivel. A Mol k\u00f6zel 1,8 milli\u00e1rd doll\u00e1r\u00e9rt v\u00e1s\u00e1rolta a 49 sz\u00e1zal\u00e9kos tulajdont, amely\u00e9rt most 1,5-2 milli\u00e1rd doll\u00e1rt szeretne kapni.<br \/>\n<div class=\"ads-in-post2\"><script async src=\"https:\/\/pagead2.googlesyndication.com\/pagead\/js\/adsbygoogle.js\"><\/script>\r\n<ins class=\"adsbygoogle\"\r\n     style=\"display:block\"\r\n     data-ad-format=\"fluid\"\r\n     data-ad-layout-key=\"-6t+ed+2i-1n-4w\"\r\n     data-ad-client=\"ca-pub-1959107119989764\"\r\n     data-ad-slot=\"4008251320\"><\/ins>\r\n<script>\r\n     (adsbygoogle = window.adsbygoogle || []).push({});\r\n<\/script><\/div>\n    A Mol a h\u00e9ten bejelentette, hogy az ING-vel megk\u00f6t\u00f6tt ad\u00e1s-v\u00e9teli szerz\u0151d\u00e9s \u00e9rtelm\u00e9ben az olajt\u00e1rsas\u00e1g 3,3 milli\u00f3 darab saj\u00e1t r\u00e9szv\u00e9nyt \u00e9rt\u00e9kes\u00edt az ING-nek. A Mol tov\u00e1bb\u00e1 amerikai v\u00e9teli opci\u00f3 jogosultj\u00e1v\u00e1 v\u00e1lt 39,2 milli\u00f3 darab Mol-r\u00e9szv\u00e9ny vonatkoz\u00e1s\u00e1ban 8,97 eur\u00f3s k\u00f6t\u00e9si \u00e1rfolyamon, m\u00edg az ING ugyanilyen felt\u00e9telek mellett eur\u00f3pai t\u00edpus\u00fa elad\u00e1si opci\u00f3 jogosultj\u00e1v\u00e1 v\u00e1lt.<br \/>\n    \u00dajabb paksi szerz\u0151d\u00e9st nyert el az Opus: a csoporthoz tartoz\u00f3 M\u00e9sz\u00e1ros \u00e9s M\u00e9sz\u00e1ros Kft. nyerte el a v\u00edzk\u00f6zm\u0171vek \u00e1talak\u00edt\u00e1s\u00e1nak feladat\u00e1t a paksi atomer\u0151 b\u0151v\u00edt\u00e9s\u00e9vel kapcsolatban. A projekt \u00e9rt\u00e9ke 3,2 milli\u00e1rd forint, v\u00e1rhat\u00f3an november v\u00e9g\u00e9n vagy december elej\u00e9n fogj\u00e1k v\u00e9gleges\u00edteni a szerz\u0151d\u00e9st.<br \/>\n    Jap\u00e1nban a Richter licenc partnere, a Mochida Pharmaceutical bevezette a jap\u00e1n piacra a magyar gy\u00f3gyszergy\u00e1r bioszimil\u00e1ris teriparatride k\u00e9sz\u00edtm\u00e9ny\u00e9t, miut\u00e1n szeptemberben a Mochida forgalomba hozatali enged\u00e9lyt kapott a term\u00e9kre.<br \/>\n    Ingatlant adott el a Magyar Telekom. A t\u00e1rsas\u00e1g meg\u00e1llapod\u00e1st \u00edrt al\u00e1 a budapesti Telekom Park iroda\u00e9p\u00fclet\u00e9nek \u00e9rt\u00e9kes\u00edt\u00e9s\u00e9r\u0151l. A tranzakci\u00f3 a tervek szerint nagys\u00e1grendileg 3,7 milli\u00e1rd forint k\u00e9szp\u00e9nzbev\u00e9telt eredm\u00e9nyez, a p\u00e9nz\u00fcgyi z\u00e1r\u00e1s 2020 els\u0151 negyed\u00e9v\u00e9ben v\u00e1rhat\u00f3.<br \/>\n    Cs\u00e1nyi S\u00e1ndor, az OTP eln\u00f6k-vez\u00e9rigazgat\u00f3ja 20 630 darab OTP-r\u00e9szv\u00e9nyre sz\u00f3l\u00f3 v\u00e9teli opci\u00f3t h\u00edvott le, 10 413 forintos k\u00f6t\u00e9si \u00e1rfolyamon  &#8211; \u00edrja heti \u00f6sszefoglal\u00f3j\u00e1ban az Equilor.<br \/>\n<div class=\"ads-in-post2\"><script async src=\"https:\/\/pagead2.googlesyndication.com\/pagead\/js\/adsbygoogle.js\"><\/script>\r\n<ins class=\"adsbygoogle\"\r\n     style=\"display:block\"\r\n     data-ad-format=\"fluid\"\r\n     data-ad-layout-key=\"-6t+ed+2i-1n-4w\"\r\n     data-ad-client=\"ca-pub-1959107119989764\"\r\n     data-ad-slot=\"4008251320\"><\/ins>\r\n<script>\r\n     (adsbygoogle = window.adsbygoogle || []).push({});\r\n<\/script><\/div>\n    Az OTP minim\u00e1lisan, 0,07 sz\u00e1zal\u00e9kkal er\u0151s\u00f6d\u00f6tt a h\u00e9ten, p\u00e9nteki z\u00e1r\u00f3\u00e1ra 14 290 forint volt, heti forgalma meghaladta a 30,8 milli\u00e1rd forintot.<br \/>\n    A Richter \u00e1rfolyama 2,27 sz\u00e1zal\u00e9kot esett, p\u00e9nteken a pap\u00edr a keresked\u00e9st 5815 forinton fejezte be, heti forgalma 14,6 milli\u00e1rd forintot tett ki.<br \/>\n    A Magyar Telekom \u00e1rfolyama 0,34 sz\u00e1zal\u00e9kkal m\u00e9rs\u00e9kl\u0151d\u00f6tt a h\u00e9ten, p\u00e9nteken 440 forinton z\u00e1rt, heti forgalma t\u00f6bb mint 936 milli\u00f3 forint volt.<br \/>\n    A Mol pap\u00edrjainak \u00e1ra 1,34 sz\u00e1zal\u00e9kkal cs\u00f6kkent a h\u00e9ten, p\u00e9nteken 2934 forinton z\u00e1rt, heti forgalma 11,79 milli\u00e1rd forintot tett ki.<br \/>\n    A kis- \u00e9s k\u00f6zepes r\u00e9szv\u00e9nyek indexe, a BUMIX 3964,71 ponton z\u00e1rt p\u00e9nteken, az el\u0151z\u0151 h\u00e9thez k\u00e9pest 19,19 ponttal, 0,48 sz\u00e1zal\u00e9kkal alacsonyabban.(MTI)<\/p>\n","protected":false},"excerpt":{"rendered":"<p>N\u00f6vekv\u0151 forgalomban cs\u00f6kkent a Budapesti \u00c9rt\u00e9kt\u0151zsde (B\u00c9T) r\u00e9szv\u00e9nyindexe a h\u00e9ten, a BUX 43 704,85 ponton z\u00e1rt p\u00e9nteken, 349,10 ponttal, 0,79 sz\u00e1zal\u00e9kkal alacsonyabban az el\u0151z\u0151 heti z\u00e1r\u00f3\u00e9rt\u00e9k\u00e9n\u00e9l.<\/p>\n","protected":false},"author":1001003,"featured_media":782,"comment_status":"closed","ping_status":"open","sticky":false,"template":"","format":"standard","meta":[],"categories":[146,7],"tags":[],"_links":{"self":[{"href":"https:\/\/gazdasagportal.hu\/index.php\/wp-json\/wp\/v2\/posts\/121818"}],"collection":[{"href":"https:\/\/gazdasagportal.hu\/index.php\/wp-json\/wp\/v2\/posts"}],"about":[{"href":"https:\/\/gazdasagportal.hu\/index.php\/wp-json\/wp\/v2\/types\/post"}],"author":[{"embeddable":true,"href":"https:\/\/gazdasagportal.hu\/index.php\/wp-json\/wp\/v2\/users\/1001003"}],"replies":[{"embeddable":true,"href":"https:\/\/gazdasagportal.hu\/index.php\/wp-json\/wp\/v2\/comments?post=121818"}],"version-history":[{"count":1,"href":"https:\/\/gazdasagportal.hu\/index.php\/wp-json\/wp\/v2\/posts\/121818\/revisions"}],"predecessor-version":[{"id":121819,"href":"https:\/\/gazdasagportal.hu\/index.php\/wp-json\/wp\/v2\/posts\/121818\/revisions\/121819"}],"wp:featuredmedia":[{"embeddable":true,"href":"https:\/\/gazdasagportal.hu\/index.php\/wp-json\/wp\/v2\/media\/782"}],"wp:attachment":[{"href":"https:\/\/gazdasagportal.hu\/index.php\/wp-json\/wp\/v2\/media?parent=121818"}],"wp:term":[{"taxonomy":"category","embeddable":true,"href":"https:\/\/gazdasagportal.hu\/index.php\/wp-json\/wp\/v2\/categories?post=121818"},{"taxonomy":"post_tag","embeddable":true,"href":"https:\/\/gazdasagportal.hu\/index.php\/wp-json\/wp\/v2\/tags?post=121818"}],"curies":[{"name":"wp","href":"https:\/\/api.w.org\/{rel}","templated":true}]}}