{"id":121796,"date":"2019-11-30T12:24:26","date_gmt":"2019-11-30T11:24:26","guid":{"rendered":"http:\/\/gazdasagportal.hu\/?p=121796"},"modified":"2019-11-30T09:21:26","modified_gmt":"2019-11-30T08:21:26","slug":"a-szerb-magyar-hatar-alatt-atvezeto-alagutakat-szamoltak-fol-a-rendorok","status":"publish","type":"post","link":"https:\/\/gazdasagportal.hu\/index.php\/a-szerb-magyar-hatar-alatt-atvezeto-alagutakat-szamoltak-fol-a-rendorok\/","title":{"rendered":"A szerb-magyar hat\u00e1r alatt \u00e1tvezet\u0151 alagutakat sz\u00e1moltak f\u00f6l a rend\u0151r\u00f6k"},"content":{"rendered":"<p><strong>K\u00e9t, a szerb-magyar hat\u00e1r alatt \u00e1tvezet\u0151 alagutat sz\u00e1moltak f\u00f6l  a rend\u0151r\u00f6k &#8211; t\u00e1j\u00e9koztatta az Orsz\u00e1gos Rend\u0151r-f\u0151kapit\u00e1nys\u00e1g kommunik\u00e1ci\u00f3s szolg\u00e1lata p\u00e9nteken az MTI-t.<\/strong><!--more--><\/p>\n<div class=\"ads-in-post1\"><div id=\"gazdasagportal.hu_fullbanner_wideboard\"><\/div>\r\n<\/div>\n<p>    Guly\u00e1s Gergely Minisztereln\u00f6ks\u00e9get vezet\u0151 miniszter cs\u00fct\u00f6rt\u00f6ki budapesti sajt\u00f3t\u00e1j\u00e9koztat\u00f3j\u00e1n elmondta: az egyik 34 m\u00e9teres alag\u00fat Csongr\u00e1d megy\u00e9ben, \u00c1sotthalomn\u00e1l volt, hatm\u00e9teres szintk\u00fcl\u00f6nbs\u00e9ggel, a m\u00e1sik pedig egy 21,7 m\u00e9teres alag\u00fat B\u00e1cs-Kiskun megy\u00e9ben, Csik\u00e9ria t\u00e9rs\u00e9g\u00e9ben.<br \/>\n    A rend\u0151rs\u00e9g k\u00f6zlem\u00e9nye szerint a d\u00e9li hat\u00e1rszakaszon szolg\u00e1latot ell\u00e1t\u00f3 j\u00e1r\u0151r\u00f6k a j\u00e1ratokat nem sokkal befejez\u00e9s\u00fck ut\u00e1n felfedezt\u00e9k. Mindk\u00e9t, k\u00e9zi er\u0151vel ki\u00e1sott, bels\u0151 t\u00e1maszt\u00f3szerkezet n\u00e9lk\u00fcli alag\u00fat \u00e9letvesz\u00e9lyes volt.<br \/>\n    Az \u00e1sotthalmi alag\u00fatn\u00e1l a rend\u0151r\u00f6k 44 illeg\u00e1lis bev\u00e1ndorl\u00f3t tart\u00f3ztattak f\u00f6l, a csik\u00e9riain\u00e1l senki nem jutott \u00e1t &#8211; k\u00f6z\u00f6lt\u00e9k.<br \/>\n    Az alagutak k\u00e9sz\u00edt\u0151i mindk\u00e9t esetben nagy gondot ford\u00edtottak az \u00e1lc\u00e1z\u00e1sra; a be- \u00e9s kij\u00e1ratukat n\u00f6v\u00e9nyzettel takart\u00e1k. A rend\u0151rs\u00e9g gondoskodott az alagutak betemet\u00e9s\u00e9r\u0151l &#8211; \u00edrt\u00e1k.<br \/>\n<div class=\"ads-in-post1\"><div id=\"gazdasagportal.hu_fullbanner_wideboard\"><\/div>\r\n<\/div>\n    A Csongr\u00e1d megyei rend\u00e9szeti rend\u0151rf\u0151kapit\u00e1ny-helyettes a helysz\u00ednen tartott sajt\u00f3t\u00e1j\u00e9koztat\u00f3n elmondta, a rend\u0151r\u00f6k a 44 tag\u00fa csoport nyomait visszak\u00f6vetve tal\u00e1lt\u00e1k meg az \u00e1sotthalmi alagutat. A csoporttal egy embercsemp\u00e9szt is elfogtak, a b\u00edr\u00f3s\u00e1g elrendelte a letart\u00f3ztat\u00e1s\u00e1t.<br \/>\n    Szilassi-Horv\u00e1th Jen\u0151 k\u00f6z\u00f6lte, a 40-50 centim\u00e9ter sz\u00e9less\u00e9g\u0171, mintegy 60 centim\u00e9ter magass\u00e1g\u00fa alag\u00fat kialak\u00edt\u00e1s\u00e1t a felsz\u00edn lejt\u00e9se \u00e9s a homokos-agyagos talaj tette lehet\u0151v\u00e9. A j\u00e1rat legm\u00e9lyebb pontja hat m\u00e9teren volt, az alagutat semmilyen t\u00e1maszt\u00f3szerkezet nem biztos\u00edtotta, b\u00e1rmelyik pillanatban beomolhatott volna.<br \/>\n    Az alag\u00fat befejez\u00e9se a felfedez\u00e9se el\u0151tt csak p\u00e1r nappal k\u00e9sz\u00fclhetett el, kialak\u00edt\u00e1sa &#8211; a talajtani szak\u00e9rt\u0151 v\u00e9lem\u00e9nye szerint &#8211; n\u00e9h\u00e1ny h\u00e9tig tarthatott. A k\u00e9zi er\u0151vel kitermelt f\u00f6ldet a hat\u00e1r vajdas\u00e1gi oldal\u00e1n fut\u00f3 csatorn\u00e1ba hordt\u00e1k, ahonnan elvitte a v\u00edz &#8211; t\u00e1j\u00e9koztatott az ezredes.<br \/>\n    A f\u0151kapit\u00e1ny-helyettes k\u00f6z\u00f6lte, a hat\u00e1r vonal\u00e1t dr\u00f3nokkal ellen\u0151rzik, kifejezetten keresik azokat a talajelv\u00e1ltoz\u00e1sokat, amelyek alag\u00fat \u00e1s\u00e1sra utalhatnak. Emellett a szlov\u00e1k hat\u00f3s\u00e1gok \u00e1ltal biztos\u00edtott talajszkennerrel ellen\u0151rizt\u00e9k a legkritikusabb szakaszokat, de nem tal\u00e1ltak \u00fajabb j\u00e1ratot.(MTI)<\/p>\n","protected":false},"excerpt":{"rendered":"<p>K\u00e9t, a szerb-magyar hat\u00e1r alatt \u00e1tvezet\u0151 alagutat sz\u00e1moltak f\u00f6l a rend\u0151r\u00f6k &#8211; t\u00e1j\u00e9koztatta az Orsz\u00e1gos Rend\u0151r-f\u0151kapit\u00e1nys\u00e1g kommunik\u00e1ci\u00f3s szolg\u00e1lata p\u00e9nteken az MTI-t.<\/p>\n","protected":false},"author":1001003,"featured_media":0,"comment_status":"closed","ping_status":"open","sticky":false,"template":"","format":"standard","meta":[],"categories":[4],"tags":[],"_links":{"self":[{"href":"https:\/\/gazdasagportal.hu\/index.php\/wp-json\/wp\/v2\/posts\/121796"}],"collection":[{"href":"https:\/\/gazdasagportal.hu\/index.php\/wp-json\/wp\/v2\/posts"}],"about":[{"href":"https:\/\/gazdasagportal.hu\/index.php\/wp-json\/wp\/v2\/types\/post"}],"author":[{"embeddable":true,"href":"https:\/\/gazdasagportal.hu\/index.php\/wp-json\/wp\/v2\/users\/1001003"}],"replies":[{"embeddable":true,"href":"https:\/\/gazdasagportal.hu\/index.php\/wp-json\/wp\/v2\/comments?post=121796"}],"version-history":[{"count":1,"href":"https:\/\/gazdasagportal.hu\/index.php\/wp-json\/wp\/v2\/posts\/121796\/revisions"}],"predecessor-version":[{"id":121797,"href":"https:\/\/gazdasagportal.hu\/index.php\/wp-json\/wp\/v2\/posts\/121796\/revisions\/121797"}],"wp:attachment":[{"href":"https:\/\/gazdasagportal.hu\/index.php\/wp-json\/wp\/v2\/media?parent=121796"}],"wp:term":[{"taxonomy":"category","embeddable":true,"href":"https:\/\/gazdasagportal.hu\/index.php\/wp-json\/wp\/v2\/categories?post=121796"},{"taxonomy":"post_tag","embeddable":true,"href":"https:\/\/gazdasagportal.hu\/index.php\/wp-json\/wp\/v2\/tags?post=121796"}],"curies":[{"name":"wp","href":"https:\/\/api.w.org\/{rel}","templated":true}]}}