{"id":121778,"date":"2019-11-30T04:44:30","date_gmt":"2019-11-30T03:44:30","guid":{"rendered":"http:\/\/gazdasagportal.hu\/?p=121778"},"modified":"2019-11-29T21:34:40","modified_gmt":"2019-11-29T20:34:40","slug":"black-friday-es-cyber-monday-tenyleg-akkora-a-kedvezmeny-amennyit-a-vasarlok-gondolnak","status":"publish","type":"post","link":"https:\/\/gazdasagportal.hu\/index.php\/black-friday-es-cyber-monday-tenyleg-akkora-a-kedvezmeny-amennyit-a-vasarlok-gondolnak\/","title":{"rendered":"Black Friday \u00e9s Cyber Monday \u2013 t\u00e9nyleg akkora a kedvezm\u00e9ny, amennyit a v\u00e1s\u00e1rl\u00f3k gondolnak?"},"content":{"rendered":"<p><strong>Ism\u00e9t itt a Black Friday, a Kar\u00e1csony el\u0151tti v\u00e1s\u00e1rl\u00e1si l\u00e1z egyik legnagyobb bev\u00e9telt hoz\u00f3 id\u0151szaka. Magyarorsz\u00e1gon m\u00e1r november eleje \u00f3ta tartanak a le\u00e1raz\u00e1sok, mert sz\u00e1mos \u00e1ruh\u00e1z &#8211; ki nem v\u00e1rva a Fekete P\u00e9ntek november 29-i hivatalos d\u00e1tum\u00e1t &#8211; m\u00e1r hetekkel ezel\u0151tt megkezdte a kar\u00e1csonyi szezon kezdet\u00e9t jelz\u0151 kedvezm\u00e9nyes \u00e9rt\u00e9kes\u00edt\u00e9seket.\u00a0 <\/strong><!--more--><\/p>\n<div class=\"ads-in-post1\"><div id=\"gazdasagportal.hu_fullbanner_wideboard\"><\/div>\r\n<\/div>\n<p><strong>\u00a0<\/strong><\/p>\n<p>A GKI Digital idei kutat\u00e1sai szerint<a href=\"#_ftn1\" name=\"_ftnref1\">[1]<\/a> a hazai kar\u00e1csonyi k\u00f6lt\u00e9sben ism\u00e9t kiemelt szerepe lesz ennek az id\u0151szaknak, mert az akt\u00edv internetez\u0151k egy\u00f6t\u00f6de \u2013 kb. 1,2 milli\u00f3 ember \u2013 az aj\u00e1nd\u00e9k beszerz\u00e9sek kapcs\u00e1n sz\u00e1m\u00edt a novemberi Black Friday akci\u00f3kra. Ennek k\u00f6sz\u00f6nhet\u0151en id\u00e9n k\u00f6r\u00fclbel\u00fcl 70-80 milli\u00e1rd forintos online k\u00f6lt\u00e9s v\u00e1rhat\u00f3. R\u00e1ad\u00e1sul az aj\u00e1nd\u00e9kokra sz\u00e1nt k\u00f6lts\u00e9gkeret is jelent\u0151sen n\u0151tt az elm\u00falt \u00e9vekhez k\u00e9pest,\u00a0id\u00e9n \u00e1tlagosan 48\u00a0400 forintot tervez\u00fcnk k\u00f6lteni az aj\u00e1nd\u00e9kokra \u00f6sszesen.<\/p>\n<p>Nem csoda, hogy az \u00e1ruh\u00e1zak minden eszk\u00f6zzel igyekeznek fenntartani az el\u0151kar\u00e1csonyi v\u00e1s\u00e1rl\u00e1s intenzit\u00e1s\u00e1t. Val\u00f3sz\u00edn\u0171leg ennek k\u00f6sz\u00f6nhet\u0151 az Egyes\u00fclt \u00c1llamokban \u00e9s t\u00f6bb nyugat-eur\u00f3pai orsz\u00e1gban is nagy n\u00e9pszer\u0171s\u00e9gnek \u00f6rvend\u0151 Cyber Monday hazai megjelen\u00e9se is.\u00a0 A Cyber Monday koncepci\u00f3ja 2005-ben sz\u00fcletett az Egyes\u00fclt \u00c1llamokban \u00e9s a Black Friday ut\u00e1ni h\u00e9tf\u0151i, egynapos v\u00e1s\u00e1rl\u00e1si \u00fcnnepet jel\u00f6li, amikor sz\u00e1mos \u00fczlet r\u00f6vid ideig tart\u00f3, gyors, \u00fagynevezett flash-\u00e9rt\u00e9kes\u00edt\u00e9seket tart, amelyek csak egy-egy \u00f3r\u00e1n kereszt\u00fcl \u00e9rv\u00e9nyesek. M\u00e1sok bizonyos term\u00e9keket k\u00fcl\u00f6nleges aj\u00e1nlattal k\u00edn\u00e1lnak.<\/p><div id=\"gazda-4058885857\" class=\"gazda-tartalomban gazda-entity-placement\"><script async src=\"https:\/\/pagead2.googlesyndication.com\/pagead\/js\/adsbygoogle.js\"><\/script>\r\n<ins class=\"adsbygoogle\"\r\n     style=\"display:block\"\r\n     data-ad-format=\"fluid\"\r\n     data-ad-layout-key=\"-6t+ed+2i-1n-4w\"\r\n     data-ad-client=\"ca-pub-1959107119989764\"\r\n     data-ad-slot=\"4008251320\"><\/ins>\r\n<script>\r\n     (adsbygoogle = window.adsbygoogle || []).push({});\r\n<\/script><\/div>\n<div class=\"ads-in-post2\"><script async src=\"https:\/\/pagead2.googlesyndication.com\/pagead\/js\/adsbygoogle.js\"><\/script>\r\n<ins class=\"adsbygoogle\"\r\n     style=\"display:block\"\r\n     data-ad-format=\"fluid\"\r\n     data-ad-layout-key=\"-6t+ed+2i-1n-4w\"\r\n     data-ad-client=\"ca-pub-1959107119989764\"\r\n     data-ad-slot=\"4008251320\"><\/ins>\r\n<script>\r\n     (adsbygoogle = window.adsbygoogle || []).push({});\r\n<\/script><\/div>\nA Deloitte 2019-es kutat\u00e1sa szerint az Egyes\u00fclt \u00c1llamokban id\u00e9n minden koroszt\u00e1lyban m\u00e1r nagyobb az \u00e9rdekl\u0151d\u00e9s a Cyber Monday, mint a Black Friday akci\u00f3i ir\u00e1nt. K\u00fcl\u00f6n\u00f6sen igaz ez a legfiatalabb korcsoportra, vagyis a Z gener\u00e1ci\u00f3ra, akikn\u00e9l 65-58% az \u00e9rdekl\u0151d\u0151k ar\u00e1nya az egyik, illetve m\u00e1sik akci\u00f3s nappal kapcsolatban. R\u00e1ad\u00e1sul a v\u00e1laszad\u00f3k t\u00f6bb, mint a fele (54%) nyilatkozott \u00fagy, hogy online fogja az aj\u00e1nd\u00e9kokat beszerezni. \u00c9rdekes az is, hogy mi motiv\u00e1lja a v\u00e1s\u00e1rl\u00f3kat legink\u00e1bb az akci\u00f3s beszerz\u00e9sek sor\u00e1n. A Deloitte felm\u00e9r\u00e9se szerint a fogyaszt\u00f3k 74%-\u00e1t az \u00e1rengedm\u00e9nyek befoly\u00e1solj\u00e1k legink\u00e1bb, 72%-ukat az ingyenes sz\u00e1ll\u00edt\u00e1s, 39%-ukat a BOGO-kedvezm\u00e9nyek (\u201ebuy one get one free\u201d, azaz, amikor a term\u00e9k v\u00e1s\u00e1rl\u00e1sa eset\u00e9n a m\u00e1sodik term\u00e9ket ingyen vagy olcs\u00f3bban kapja).<\/p>\n<p>Itthon is val\u00f3sz\u00edn\u0171leg az \u00e1rengedm\u00e9nyek motiv\u00e1lj\u00e1k legink\u00e1bb a v\u00e1s\u00e1rl\u00f3kat. Ehhez k\u00e9pest \u00e9rdekes, hogy az e-keresked\u0151k szerint az \u00e1tlagos Fekete P\u00e9ntek-kedvezm\u00e9ny id\u00e9n csak 17,5% k\u00f6r\u00fcl alakul, hiszen biztos sokakban alakul ki az a k\u00e9p a fekete p\u00e9nteki akci\u00f3kra gondolva \u00e9s az eddigi rekl\u00e1mokat l\u00e1tva, hogy az akci\u00f3s term\u00e9keket ak\u00e1r 50%-n\u00e1l magasabb \u00e1rengedm\u00e9nnyel is be lehet szerezni.<\/p>\n<p>Mi lehet az oka a v\u00e1s\u00e1rl\u00f3k fej\u00e9ben kialakul\u00f3 k\u00e9pzet \u00e9s a t\u00e9nyleges \u00e1rengedm\u00e9nyek k\u00f6zti k\u00fcl\u00f6nbs\u00e9gnek? Sajnos sok \u00fczlet m\u00e9g mindig nem tartja tiszteletben az egy\u00e9rtelm\u0171 fogyaszt\u00f3v\u00e9delmi szab\u00e1lyokat \u00e9s k\u00fcl\u00f6nb\u00f6z\u0151 tr\u00fckk\u00f6kkel igyekszik a fogyaszt\u00f3k figyelm\u00e9t felkelteni annak \u00e9rdek\u00e9ben, hogy a v\u00e1s\u00e1rl\u00f3t a honlapj\u00e1ra csalogassa \u00e9s valamilyen term\u00e9k megv\u00e1s\u00e1rl\u00e1s\u00e1ra r\u00e1b\u00edrja.<\/p>\n<p>Nagyon gyakori p\u00e9ld\u00e1ul, hogy magas, \u201eak\u00e1r\u201d 50-80%-os \u00e1rengedm\u00e9nnyel hirdetik magukat ebben az id\u0151szakban a web\u00e1ruh\u00e1zak, de a hirdet\u00e9seiben megjel\u00f6lt kedvezm\u00e9ny kiz\u00e1r\u00f3lag olyan \u00e1rucikkekn\u00e9l el\u00e9rhet\u0151, amelyek sem \u00e1tlag\u00e1ruk, sem pedig a jelleg\u00fck alapj\u00e1n nem tipikus term\u00e9kek, \u00e9s a teljes k\u00edn\u00e1lat t\u00f6red\u00e9ke el\u00e9rhet\u0151 a rekl\u00e1mokban megjel\u00f6lt \u00e1rengedm\u00e9nnyel, illetve a kedvezm\u00e9ny nem a hirdet\u00e9sben megjel\u00f6lt term\u00e9keket \u00e9rinti. Sok v\u00e1llalkoz\u00e1s nincs tiszt\u00e1ban vele, hogy a Gazdas\u00e1gi Versenyhivatal gyakorlata szerint az \u201eak\u00e1r\u201d \u00e1ll\u00edt\u00e1st csak akkor lehet jogszer\u0171en alkalmazni f\u0151\u00fczenetk\u00e9nt, ha a rekl\u00e1mozott term\u00e9k-, szolg\u00e1ltat\u00e1s csoport tipikusnak min\u0151s\u00fcl\u0151 \u00e9s legal\u00e1bb 10%-ot el\u00e9r\u0151 ar\u00e1nya vonatkoz\u00e1s\u00e1ban t\u00e9nylegesen el\u00e9rhet\u0151 a meghirdetett kedvezm\u00e9ny.<\/p>\n<div class=\"ads-in-post1\"><div id=\"gazdasagportal.hu_fullbanner_wideboard\"><\/div>\r\n<\/div>\nSzint\u00e9n gyakori, hogy az akci\u00f3ban meghirdetett kedvezm\u00e9nyeket nem az akci\u00f3s el\u0151tti t\u00e9nyleges \u00e1rb\u00f3l adj\u00e1k, hanem az akci\u00f3s id\u0151szakban k\u00f6zz\u00e9tett \u201efikt\u00edv\u201d \u00e1rb\u00f3l, holott a fogyaszt\u00f3v\u00e9delmi szab\u00e1lyok szerint az a gyakorlat, hogy a v\u00e1llalkoz\u00e1s \u201eakci\u00f3ja\u201d t\u00e9nylegesen nem jelent a kor\u00e1bbi \u00e1raihoz k\u00e9pest engedm\u00e9nyt, jogellenes. \u201eEz a vissza\u00e9l\u00e9s-t\u00edpus egy\u00e9bk\u00e9nt annyira gyakori, hogy az EU a napirenden l\u00e9v\u0151 fogyaszt\u00f3v\u00e9delmi m\u00f3dos\u00edt\u00f3 csomagj\u00e1ban kifejezetten \u00fagy rendelkezik, hogy a tag\u00e1llamoknak a k\u00f6vetkez\u0151 k\u00e9t\u00e9ves t\u00e1vlatban tag\u00e1llami szinten is be kell majd vezetni\u00fck azt a szab\u00e1lyoz\u00e1st, hogy az akci\u00f3s \u00e1rak alkalmaz\u00e1s\u00e1n\u00e1l a referencia\u00e1rat \u2013 amelyb\u0151l a kedvezm\u00e9nyt adj\u00e1k \u2013 az akci\u00f3t megel\u0151z\u0151 30 nap legalacsonyabb \u00e1ra alapj\u00e1n kell majd felt\u00fcntetni\u201d \u2013 emelte ki dr. Miks Anna, a Deloitte Legal versenyjogi csoportvezet\u0151je.<\/p>\n<p>Az \u00e1raz\u00e1si tr\u00fckk\u00f6k\u00f6n k\u00edv\u00fcl sz\u00e1mos egy\u00e9b probl\u00e9ma is jelentkezni szokott a Kar\u00e1csony el\u0151tti kiemelt v\u00e1s\u00e1rl\u00e1si id\u0151szakban. Sok v\u00e1llalkoz\u00e1s p\u00e9ld\u00e1ul val\u00f3tlanul azt \u00e1ll\u00edtja, hogy egy-egy term\u00e9k nagyobb \u00e1rengedm\u00e9nnyel csak a Black Friday id\u0151szakban, korl\u00e1tozott ideig \u00e1ll rendelkez\u00e9sre, \u00e9s ezzel a fogyaszt\u00f3kat gyors v\u00e1s\u00e1rl\u00e1sra \u00f6szt\u00f6nzik. Ez a pszichikai nyom\u00e1sgyakorl\u00e1s szint\u00e9n jogellenes lehet.<\/p>\n<p>Ugyancsak sokszor fordul el\u0151 az is, hogy a meghirdetett akci\u00f3ban gyorsan kifogy a kedvezm\u00e9nyes \u00e1ron k\u00edn\u00e1lt \u00e1ruk\u00e9szlet, \u00e9s a v\u00e1s\u00e1rl\u00f3k hoppon maradnak. Az egyik legnagyobb hazai web\u00e1ruh\u00e1z ellen p\u00e9ld\u00e1ul a Gazdas\u00e1gi Versenyhivatal t\u00f6bbek k\u00f6z\u00f6tt az\u00e9rt folytat elj\u00e1r\u00e1st, mert a hat\u00f3s\u00e1g szerint a c\u00e9g t\u00e9vesen m\u00e9rte fel a sz\u00fcks\u00e9ges k\u00e9szletmennyis\u00e9get a v\u00e1rhat\u00f3 \u00e9rdekl\u0151d\u00e9s nagys\u00e1g\u00e1hoz k\u00e9pest.<\/p>\n<p>A Black Friday id\u0151szak\u00e1ban felmer\u00fclt vissza\u00e9l\u00e9seket m\u00e9g hosszan lehetne sorolni, de az a k\u00f6vetkeztet\u00e9s mindenesetre levonhat\u00f3, hogy mind a v\u00e1s\u00e1rl\u00f3knak nagyon k\u00f6r\u00fcltekint\u0151en kell elj\u00e1rniuk az akci\u00f3s v\u00e1s\u00e1rl\u00e1sok sor\u00e1n, mind az \u00fczleteknek fokozott figyelmet kell ford\u00edtaniuk az akci\u00f3tart\u00e1si gyakorlatukra, mert a szab\u00e1lyok megszeg\u00e9se s\u00falyos \u2013 ak\u00e1r a v\u00e1llalkoz\u00e1sok el\u0151z\u0151 \u00e9vi nett\u00f3 \u00e1rbev\u00e9tel\u00e9nek 10 sz\u00e1zal\u00e9k\u00e1ig terjed\u0151 &#8211; b\u00edrs\u00e1got is maga ut\u00e1n vonhat.<\/p>\n<p>\u201eA fogyaszt\u00f3v\u00e9delmi hat\u00f3s\u00e1gok egyre intenz\u00edvebb fell\u00e9p\u00e9s\u00e9nek k\u00f6sz\u00f6nhet\u0151en egyre t\u00f6bb v\u00e1llalkoz\u00e1sban mer\u00fcl fel, hogy a hagyom\u00e1nyos megfelel\u00e9si programok mellett fogyaszt\u00f3v\u00e9delmi megfelel\u00e9si programot is bevezessenek. Ezt k\u00fcl\u00f6n\u00f6sen fontosnak tartjuk a jogs\u00e9rt\u00e9s elker\u00fcl\u00e9se \u00e9s a v\u00e1llalkoz\u00e1s preszt\u00edzs\u00e9nek fenntart\u00e1sa \u00e9rdek\u00e9ben, \u00e9s term\u00e9szetesen az\u00e9rt is, hogy a v\u00e1s\u00e1rl\u00f3k a nagyobb akci\u00f3k, p\u00e9ld\u00e1ul Black Friday eset\u00e9n is j\u00f3 \u00e9rz\u00e9ssel v\u00e1s\u00e1rolhassanak \u00e9s ne a fikt\u00edv \u00e1rt\u00f3l, kedvezm\u00e9nyekt\u0151l \u00e9s egy\u00e9b megt\u00e9veszt\u00e9sekt\u0151l kelljen tartaniuk\u201d &#8211; mondta dr. G\u00f6nd\u00f6cz P\u00e9ter, a Deloitte Legal \u00dcgyv\u00e9di Iroda partnere.<\/p>\n<p>&nbsp;<\/p>\n<p>&nbsp;<\/p>\n<h1><\/h1>\n<p>&nbsp;<\/p>\n<p>&nbsp;<\/p>\n<h1>Deloitte-r\u00f3l<\/h1>\n<h1>A Deloitte sz\u00e1mos ipar\u00e1gban ny\u00fajt k\u00f6nyvvizsg\u00e1lati, valamint ad\u00f3- \u00e9s egy\u00e9b tan\u00e1csad\u00e1si, tov\u00e1bb\u00e1 jogi szolg\u00e1ltat\u00e1sokat (\u00fcgyfeleinknek egy\u00fcttm\u0171k\u00f6d\u0151 \u00fcgyv\u00e9di irod\u00e1nk, a Deloitte Legal Erd\u0151s \u00e9s T\u00e1rsai \u00dcgyv\u00e9di Iroda ny\u00fajtja a jogi tan\u00e1csad\u00e1si szolg\u00e1ltat\u00e1sokat) \u00e1llami \u00e9s mag\u00e1nc\u00e9gek r\u00e9sz\u00e9re egyar\u00e1nt. T\u00f6bb mint 150 orsz\u00e1gban jelen l\u00e9v\u0151 h\u00e1l\u00f3zat\u00e1n kereszt\u00fcl a Deloitte vil\u00e1gsz\u00ednvonal\u00fa szak\u00e9rtelm\u00e9vel \u00e9s min\u0151s\u00e9gi szolg\u00e1ltat\u00e1saival seg\u00edti \u00fcgyfeleit abban, hogy megfeleljenek az el\u0151tt\u00fck \u00e1ll\u00f3 \u00fczleti kih\u00edv\u00e1soknak. A Deloitte mintegy 225 000 szak\u00e9rt\u0151je egyt\u0151l egyig arra t\u00f6rekszik, hogy a kiv\u00e1l\u00f3s\u00e1g m\u00e9rc\u00e9j\u00e9v\u00e9 v\u00e1ljon.<\/h1>\n<h1>A Deloitte n\u00e9v az Egyes\u00fclt Kir\u00e1lys\u00e1gban \u201ccompany limited by guarantee\u201d form\u00e1ban alap\u00edtott Deloitte Touche Tohmatsu Limited t\u00e1rsas\u00e1gra \u00e9s tagv\u00e1llalatainak h\u00e1l\u00f3zat\u00e1ra utal, melyek mindegyike \u00f6n\u00e1ll\u00f3, egym\u00e1st\u00f3l elk\u00fcl\u00f6n\u00fcl\u0151 jogi szem\u00e9ly. A Deloitte Touche Tohmatsu Limited \u00e9s tagv\u00e1llalatai jogi strukt\u00far\u00e1j\u00e1nak r\u00e9szletes bemutat\u00e1s\u00e1t a k\u00f6vetkez\u0151 link alatt tal\u00e1lja: www.deloitte.com\/hu\/magunkrol.<\/h1>\n<p>&nbsp;<\/p>\n<p><a href=\"#_ftnref1\" name=\"_ftn1\">[1]<\/a> Forr\u00e1s: GKI Digital felm\u00e9r\u00e9sek: <a href=\"https:\/\/gkidigital.hu\/2019\/11\/28\/black_friday\/\" target=\"_blank\" rel=\"noopener\">https:\/\/gkidigital.hu\/2019\/11\/28\/black_friday\/<\/a>; <a href=\"https:\/\/gkidigital.hu\/2019\/11\/06\/iden-kozel-50-ezer-forintot-szanunk-karacsonyi-ajandekokra\/\" target=\"_blank\" rel=\"noopener\">https:\/\/gkidigital.hu\/2019\/11\/06\/iden-kozel-50-ezer-forintot-szanunk-karacsonyi-ajandekokra\/<\/a><\/p>\n","protected":false},"excerpt":{"rendered":"<p>Ism\u00e9t itt a Black Friday, a Kar\u00e1csony el\u0151tti v\u00e1s\u00e1rl\u00e1si l\u00e1z egyik legnagyobb bev\u00e9telt hoz\u00f3 id\u0151szaka. Magyarorsz\u00e1gon m\u00e1r november eleje \u00f3ta tartanak a le\u00e1raz\u00e1sok, mert sz\u00e1mos \u00e1ruh\u00e1z &#8211; ki nem v\u00e1rva a Fekete P\u00e9ntek november 29-i hivatalos d\u00e1tum\u00e1t &#8211; m\u00e1r hetekkel ezel\u0151tt megkezdte a kar\u00e1csonyi szezon kezdet\u00e9t jelz\u0151 kedvezm\u00e9nyes \u00e9rt\u00e9kes\u00edt\u00e9seket.\u00a0<\/p>\n","protected":false},"author":1001003,"featured_media":51335,"comment_status":"closed","ping_status":"open","sticky":false,"template":"","format":"standard","meta":[],"categories":[146,4,19],"tags":[],"_links":{"self":[{"href":"https:\/\/gazdasagportal.hu\/index.php\/wp-json\/wp\/v2\/posts\/121778"}],"collection":[{"href":"https:\/\/gazdasagportal.hu\/index.php\/wp-json\/wp\/v2\/posts"}],"about":[{"href":"https:\/\/gazdasagportal.hu\/index.php\/wp-json\/wp\/v2\/types\/post"}],"author":[{"embeddable":true,"href":"https:\/\/gazdasagportal.hu\/index.php\/wp-json\/wp\/v2\/users\/1001003"}],"replies":[{"embeddable":true,"href":"https:\/\/gazdasagportal.hu\/index.php\/wp-json\/wp\/v2\/comments?post=121778"}],"version-history":[{"count":1,"href":"https:\/\/gazdasagportal.hu\/index.php\/wp-json\/wp\/v2\/posts\/121778\/revisions"}],"predecessor-version":[{"id":121779,"href":"https:\/\/gazdasagportal.hu\/index.php\/wp-json\/wp\/v2\/posts\/121778\/revisions\/121779"}],"wp:featuredmedia":[{"embeddable":true,"href":"https:\/\/gazdasagportal.hu\/index.php\/wp-json\/wp\/v2\/media\/51335"}],"wp:attachment":[{"href":"https:\/\/gazdasagportal.hu\/index.php\/wp-json\/wp\/v2\/media?parent=121778"}],"wp:term":[{"taxonomy":"category","embeddable":true,"href":"https:\/\/gazdasagportal.hu\/index.php\/wp-json\/wp\/v2\/categories?post=121778"},{"taxonomy":"post_tag","embeddable":true,"href":"https:\/\/gazdasagportal.hu\/index.php\/wp-json\/wp\/v2\/tags?post=121778"}],"curies":[{"name":"wp","href":"https:\/\/api.w.org\/{rel}","templated":true}]}}