{"id":121758,"date":"2019-11-29T11:00:11","date_gmt":"2019-11-29T10:00:11","guid":{"rendered":"http:\/\/gazdasagportal.hu\/?p=121758"},"modified":"2019-11-29T10:37:02","modified_gmt":"2019-11-29T09:37:02","slug":"az-iden-gdp-aranyosan-44-szazalek-lesz-a-roman-allamhaztartasi-hiany","status":"publish","type":"post","link":"https:\/\/gazdasagportal.hu\/index.php\/az-iden-gdp-aranyosan-44-szazalek-lesz-a-roman-allamhaztartasi-hiany\/","title":{"rendered":"Az id\u00e9n GDP-ar\u00e1nyosan 4,4 sz\u00e1zal\u00e9k lesz a rom\u00e1n \u00e1llamh\u00e1ztart\u00e1si hi\u00e1ny"},"content":{"rendered":"<p><strong>Az id\u00e9n a rom\u00e1n brutt\u00f3 hazai term\u00e9khez (GDP) m\u00e9rten 4,4 sz\u00e1zal\u00e9k lesz az \u00e1llamh\u00e1ztart\u00e1si hi\u00e1ny, ami 0,1 sz\u00e1zal\u00e9kponttal haladja meg a korm\u00e1ny \u00e1ltal a h\u00e9t elej\u00e9n k\u00f6z\u00f6lt adatot.<\/strong><!--more--><\/p>\n<div class=\"ads-in-post1\"><div id=\"gazdasagportal.hu_fullbanner_wideboard\"><\/div>\r\n<\/div>\n<p>    A rom\u00e1n korm\u00e1ny cs\u00fct\u00f6rt\u00f6k\u00f6n vitatta meg az idei m\u00e1sodik k\u00f6lts\u00e9gvet\u00e9s-kiigaz\u00edt\u00e1st, az err\u0151l sz\u00f3l\u00f3 jogszab\u00e1lyt el is fogadta. Florin Citu p\u00e9nz\u00fcgyminiszter bejelentette, hogy a tervezetben szerepl\u0151 4,3 sz\u00e1zal\u00e9kos \u00e1llamh\u00e1ztart\u00e1si hi\u00e1nyhoz k\u00e9pest az idei deficit nagyobb lesz \u00e9s el\u00e9ri a 4,4 sz\u00e1zal\u00e9kot, mert a kabinet a cs\u00fct\u00f6rt\u00f6ki \u00fcl\u00e9sen tov\u00e1bbi kiad\u00e1sokat hagyott j\u00f3v\u00e1, f\u0151k\u00e9nt az eg\u00e9szs\u00e9g\u00fcgyben \u00e9s az oktat\u00e1sban.<\/p>\n<p>    Az \u00e1llamh\u00e1ztart\u00e1si hi\u00e1nyt eredetileg 2,76 sz\u00e1zal\u00e9kra tervezt\u00e9k, de ezt az \u00e9rt\u00e9ket m\u00e1r t\u00edz h\u00f3nap ut\u00e1n meghaladt\u00e1k, ez\u00e9rt a novemberben hivatal\u00e1ba iktatott, \u00faj, liber\u00e1lis, kisebbs\u00e9gi korm\u00e1ny a k\u00f6lts\u00e9gvet\u00e9s-kiigaz\u00edt\u00e1sban m\u00e1r 4 sz\u00e1zal\u00e9k f\u00f6l\u00f6tti hi\u00e1nnyal sz\u00e1molt. Bukarest t\u00e1j\u00e9koztatta err\u0151l az Eur\u00f3pai Bizotts\u00e1got.<div class=\"ads-in-post2\"><script async src=\"https:\/\/pagead2.googlesyndication.com\/pagead\/js\/adsbygoogle.js\"><\/script>\r\n<ins class=\"adsbygoogle\"\r\n     style=\"display:block\"\r\n     data-ad-format=\"fluid\"\r\n     data-ad-layout-key=\"-6t+ed+2i-1n-4w\"\r\n     data-ad-client=\"ca-pub-1959107119989764\"\r\n     data-ad-slot=\"4008251320\"><\/ins>\r\n<script>\r\n     (adsbygoogle = window.adsbygoogle || []).push({});\r\n<\/script><\/div>\n    A korm\u00e1ny az id\u00e9n 4 sz\u00e1zal\u00e9kos gazdas\u00e1gi n\u00f6veked\u00e9sre sz\u00e1m\u00edt, miut\u00e1n az el\u0151z\u0151 szoci\u00e1ldemokrata kabinet 5,5 sz\u00e1zal\u00e9kos GDP-b\u0151v\u00fcl\u00e9sre \u00e9p\u00edtette a b\u00fcdzs\u00e9t.<br \/>\n    A bukaresti korm\u00e1ny v\u00e1rhat\u00f3an december k\u00f6zep\u00e9ig dolgozza ki a j\u00f6v\u0151 \u00e9vi k\u00f6lts\u00e9gvet\u00e9s-tervezetet, amelyben Citu nyilatkozata szerint a kabinet v\u00e1rhat\u00f3an 3,5 sz\u00e1zal\u00e9kos GDP-ar\u00e1nyos \u00e1llamh\u00e1ztart\u00e1si hi\u00e1nnyal sz\u00e1mol.(MTI)<\/p><div id=\"gazda-2885601596\" class=\"gazda-tartalomban gazda-entity-placement\"><script async src=\"https:\/\/pagead2.googlesyndication.com\/pagead\/js\/adsbygoogle.js\"><\/script>\r\n<ins class=\"adsbygoogle\"\r\n     style=\"display:block\"\r\n     data-ad-format=\"fluid\"\r\n     data-ad-layout-key=\"-6t+ed+2i-1n-4w\"\r\n     data-ad-client=\"ca-pub-1959107119989764\"\r\n     data-ad-slot=\"4008251320\"><\/ins>\r\n<script>\r\n     (adsbygoogle = window.adsbygoogle || []).push({});\r\n<\/script><\/div>\n","protected":false},"excerpt":{"rendered":"<p>Az id\u00e9n a rom\u00e1n brutt\u00f3 hazai term\u00e9khez (GDP) m\u00e9rten 4,4 sz\u00e1zal\u00e9k lesz az \u00e1llamh\u00e1ztart\u00e1si hi\u00e1ny, ami 0,1 sz\u00e1zal\u00e9kponttal haladja meg a korm\u00e1ny \u00e1ltal a h\u00e9t elej\u00e9n k\u00f6z\u00f6lt adatot.<\/p>\n","protected":false},"author":1001003,"featured_media":0,"comment_status":"closed","ping_status":"open","sticky":false,"template":"","format":"standard","meta":[],"categories":[12,246],"tags":[],"_links":{"self":[{"href":"https:\/\/gazdasagportal.hu\/index.php\/wp-json\/wp\/v2\/posts\/121758"}],"collection":[{"href":"https:\/\/gazdasagportal.hu\/index.php\/wp-json\/wp\/v2\/posts"}],"about":[{"href":"https:\/\/gazdasagportal.hu\/index.php\/wp-json\/wp\/v2\/types\/post"}],"author":[{"embeddable":true,"href":"https:\/\/gazdasagportal.hu\/index.php\/wp-json\/wp\/v2\/users\/1001003"}],"replies":[{"embeddable":true,"href":"https:\/\/gazdasagportal.hu\/index.php\/wp-json\/wp\/v2\/comments?post=121758"}],"version-history":[{"count":1,"href":"https:\/\/gazdasagportal.hu\/index.php\/wp-json\/wp\/v2\/posts\/121758\/revisions"}],"predecessor-version":[{"id":121759,"href":"https:\/\/gazdasagportal.hu\/index.php\/wp-json\/wp\/v2\/posts\/121758\/revisions\/121759"}],"wp:attachment":[{"href":"https:\/\/gazdasagportal.hu\/index.php\/wp-json\/wp\/v2\/media?parent=121758"}],"wp:term":[{"taxonomy":"category","embeddable":true,"href":"https:\/\/gazdasagportal.hu\/index.php\/wp-json\/wp\/v2\/categories?post=121758"},{"taxonomy":"post_tag","embeddable":true,"href":"https:\/\/gazdasagportal.hu\/index.php\/wp-json\/wp\/v2\/tags?post=121758"}],"curies":[{"name":"wp","href":"https:\/\/api.w.org\/{rel}","templated":true}]}}