{"id":121756,"date":"2019-11-29T12:35:02","date_gmt":"2019-11-29T11:35:02","guid":{"rendered":"http:\/\/gazdasagportal.hu\/?p=121756"},"modified":"2019-11-29T10:35:51","modified_gmt":"2019-11-29T09:35:51","slug":"jonak-lenni-jo-erkeznek-a-felajanlasok-a-koraszulottek-javara","status":"publish","type":"post","link":"https:\/\/gazdasagportal.hu\/index.php\/jonak-lenni-jo-erkeznek-a-felajanlasok-a-koraszulottek-javara\/","title":{"rendered":"J\u00f3nak lenni j\u00f3! &#8211; \u00c9rkeznek a felaj\u00e1nl\u00e1sok a korasz\u00fcl\u00f6ttek jav\u00e1ra"},"content":{"rendered":"<p><strong>Folyamatosan \u00e9rkeznek a felaj\u00e1nl\u00e1sok a k\u00f6zm\u00e9dia J\u00f3nak lenni j\u00f3! elnevez\u00e9s\u0171 j\u00f3t\u00e9konys\u00e1gi kamp\u00e1ny\u00e1ban, amelynek idei kedvezm\u00e9nyezettje a 30 \u00e9ve m\u0171k\u00f6d\u0151 Peter Cerny Alap\u00edtv\u00e1ny &#8211; mondta el Sikl\u00f3si Beatrix, az M5 kultur\u00e1lis csatorna igazgat\u00f3ja az MTI-nek p\u00e9nteken. Hozz\u00e1tette, hogy az adom\u00e1nyvonalon kereszt\u00fcl m\u00e1r t\u00f6bb mint 15 milli\u00f3 forintot aj\u00e1nlottak fel.<\/strong><!--more--><\/p>\n<div class=\"ads-in-post1\"><div id=\"gazdasagportal.hu_fullbanner_wideboard\"><\/div>\r\n<\/div>\n<p>    Kiemelte, hogy m\u00e1r nyolcadik alkalommal szervezik meg a j\u00f3t\u00e9konys\u00e1gi kamp\u00e1nyt \u00e9s minden \u00e9vben azt tapasztalj\u00e1k, hogy a kisp\u00e9nz\u0171 nyugd\u00edjasokt\u00f3l a milli\u00e1rdos \u00e1rbev\u00e9tel\u0171 c\u00e9gekig mindenki igyekszik a lehet\u0151s\u00e9geihez m\u00e9rten t\u00e1mogatni a k\u00f6zm\u00e9dia \u00e1ltal felkarolt szervezeteket \u00e9s az \u00e1ltaluk k\u00e9pviselt, seg\u00edts\u00e9gre \u00e9rdemes t\u00e1rsadalmi csoportokat. Mint mondta, a m\u0171sor fenn\u00e1ll\u00e1sa \u00f3ta olyan szervezeteket t\u00e1mogatnak, akik tev\u00e9kenys\u00e9g\u00fckkel az eg\u00e9sz orsz\u00e1gban, esetenk\u00e9nt m\u00e9g a hat\u00e1ron t\u00fali magyarok k\u00f6r\u00e9ben is jelen vannak.<br \/>\n    Hangs\u00falyozta: a k\u00f6zm\u00e9dia kiemelten fontosnak tartja a t\u00e1rsadalmi felel\u0151ss\u00e9gv\u00e1llal\u00e1st, a J\u00f3nak lenni j\u00f3! c\u00edm\u0171 m\u0171sor \u00e9s a hozz\u00e1 kapcsol\u00f3d\u00f3 kamp\u00e1ny pedig az elm\u00falt h\u00e9t \u00e9vben bebizony\u00edtotta, hogy egy-egy j\u00f3 \u00fcgy \u00e9rdek\u00e9ben \u00f6r\u00f6mmel fognak \u00f6ssze az emberek \u00e9s a c\u00e9gek.<br \/>\n    Felid\u00e9zte, hogy a J\u00f3nak lenni j\u00f3! 2012-ben indult, akkor a B\u00f6jte Csaba szerzetes alap\u00edtotta D\u00e9vai Szent Ferenc Alap\u00edtv\u00e1ny jav\u00e1ra mintegy 100 milli\u00f3 forintot gy\u0171jt\u00f6ttek \u00f6ssze. 2013-ban a Katolikus Karit\u00e1szt, 2014-ben a Magyar \u00d6kumenikus Seg\u00e9lyszervezetet, 2015-ben a Nemzetk\u00f6zi Gyermekment\u0151 Szolg\u00e1latot, 2016-ban a Magyar Reform\u00e1tus Szeretetszolg\u00e1latot, 2017-ben a Magyar M\u00e1ltai Szeretetszolg\u00e1latot, tavaly pedig az 1-es t\u00edpus\u00fa cukorbetegs\u00e9gben szenved\u0151ket t\u00e1mogatt\u00e1k.<br \/>\n    Hozz\u00e1tette, hogy egyre t\u00f6bb felaj\u00e1nl\u00e1s \u00e9rkezik a m\u0171sor k\u00e9sz\u00edt\u0151ihez. Az \u00e9rdekl\u0151d\u0151k a https:\/\/mediaklikk.hu\/musor\/jonaklennijo\/# oldalon tekinthetik meg azokat a felaj\u00e1nl\u00e1sokat, amelyeket fix \u00e1ron lehet megv\u00e1s\u00e1rolni \u00e9s azokat a t\u00e1rgyakat is, amelyekre a kamp\u00e1ny z\u00e1r\u00f3 napj\u00e1n, december 15-\u00e9n eg\u00e9sz nap lehet majd licit\u00e1lni. Hangs\u00falyozta, hogy a Herendi Porcel\u00e1nmanufakt\u00fara a kezdetek \u00f3ta seg\u00edti a J\u00f3nak lenni j\u00f3! kamp\u00e1nyt egy-egy felaj\u00e1nl\u00e1ssal, de vannak &#8222;visszat\u00e9r\u0151&#8221; sportol\u00f3k, m\u0171v\u00e9szek \u00e9s mag\u00e1nemberek, akik \u00e9vr\u0151l \u00e9vre egy-egy k\u00fcl\u00f6nleges felaj\u00e1nl\u00e1ssal j\u00e1rulnak hozz\u00e1 a kamp\u00e1ny siker\u00e9hez. Megjegyezte, hogy mindezek mellett id\u00e9n is sz\u00e1m\u00edtanak a nagyobb c\u00e9gek felaj\u00e1nl\u00e1saira.<br \/>\n<div class=\"ads-in-post2\"><script async src=\"https:\/\/pagead2.googlesyndication.com\/pagead\/js\/adsbygoogle.js\"><\/script>\r\n<ins class=\"adsbygoogle\"\r\n     style=\"display:block\"\r\n     data-ad-format=\"fluid\"\r\n     data-ad-layout-key=\"-6t+ed+2i-1n-4w\"\r\n     data-ad-client=\"ca-pub-1959107119989764\"\r\n     data-ad-slot=\"4008251320\"><\/ins>\r\n<script>\r\n     (adsbygoogle = window.adsbygoogle || []).push({});\r\n<\/script><\/div>\n    Sikl\u00f3si Beatrix kiemelte, hogy az adom\u00e1nyvonalon kereszt\u00fcl m\u00e1r t\u00f6bb mint 15 milli\u00f3 forint gy\u0171lt \u00f6ssze. A felaj\u00e1nl\u00e1sokat tov\u00e1bbra is v\u00e1rj\u00e1k: a 13600-as sz\u00e1mon a 04-es mell\u00e9k megad\u00e1s\u00e1val vagy a 13600-as sz\u00e1mra a 04-es k\u00f3ddal k\u00fcld\u00f6tt sms-sel h\u00edv\u00e1sonk\u00e9nt \u00e9s \u00fczenetenk\u00e9nt 500 forinttal lehet t\u00e1mogatni a korasz\u00fcl\u00f6ttek ment\u00e9s\u00e9t \u00e9s sz\u00e1ll\u00edt\u00e1s\u00e1t 1989 \u00f3ta v\u00e9gz\u0151 Peter Cerny Alap\u00edtv\u00e1nyt.     A csatornaigazgat\u00f3 jelezte, hogy december 15-\u00e9n a k\u00f6zm\u00e9dia szinte \u00f6sszes telev\u00edzi\u00f3s \u00e9s r\u00e1di\u00f3s csatorn\u00e1ja bekapcsol\u00f3dik valamilyen form\u00e1ban a J\u00f3nak lenni j\u00f3! j\u00f3t\u00e9konys\u00e1gi kamp\u00e1nyba.<br \/>\n    Somogyv\u00e1ri Zsolt, a Peter Cerny Alap\u00edtv\u00e1ny szakmai vezet\u0151je az MTI-nek elmondta, hogy a j\u00f3t\u00e9konys\u00e1gi akci\u00f3ban \u00f6sszegy\u0171l\u0151 \u00f6sszegb\u0151l mindenk\u00e9ppen szeretn\u00e9nek v\u00e1s\u00e1rolni egy speci\u00e1lis, magasfrekvenci\u00e1s l\u00e9legeztet\u0151g\u00e9pet, amelyet a kritikus \u00e1llapotban l\u00e9v\u0151 korasz\u00fcl\u00f6tt bab\u00e1kn\u00e1l lehet alkalmazni. Ilyen eszk\u00f6z a k\u00f3rh\u00e1zakban m\u00e1r m\u0171k\u00f6dik, de a ment\u0151kocsikban is sz\u00fcks\u00e9g volna r\u00e1. Ezzel az orvosi eszk\u00f6zzel a ment\u0151aut\u00f3 l\u00e9nyeg\u00e9ben egy mozg\u00f3 intenz\u00edv oszt\u00e1lyk\u00e9nt m\u0171k\u00f6dhetne.(MTI)<\/p>\n","protected":false},"excerpt":{"rendered":"<p>Folyamatosan \u00e9rkeznek a felaj\u00e1nl\u00e1sok a k\u00f6zm\u00e9dia J\u00f3nak lenni j\u00f3! elnevez\u00e9s\u0171 j\u00f3t\u00e9konys\u00e1gi kamp\u00e1ny\u00e1ban, amelynek idei kedvezm\u00e9nyezettje a 30 \u00e9ve m\u0171k\u00f6d\u0151 Peter Cerny Alap\u00edtv\u00e1ny &#8211; mondta el Sikl\u00f3si Beatrix, az M5 kultur\u00e1lis csatorna igazgat\u00f3ja az MTI-nek p\u00e9nteken. Hozz\u00e1tette, hogy az adom\u00e1nyvonalon kereszt\u00fcl m\u00e1r t\u00f6bb mint 15 milli\u00f3 forintot aj\u00e1nlottak fel.<\/p>\n","protected":false},"author":1001003,"featured_media":0,"comment_status":"closed","ping_status":"open","sticky":false,"template":"","format":"standard","meta":[],"categories":[4],"tags":[],"_links":{"self":[{"href":"https:\/\/gazdasagportal.hu\/index.php\/wp-json\/wp\/v2\/posts\/121756"}],"collection":[{"href":"https:\/\/gazdasagportal.hu\/index.php\/wp-json\/wp\/v2\/posts"}],"about":[{"href":"https:\/\/gazdasagportal.hu\/index.php\/wp-json\/wp\/v2\/types\/post"}],"author":[{"embeddable":true,"href":"https:\/\/gazdasagportal.hu\/index.php\/wp-json\/wp\/v2\/users\/1001003"}],"replies":[{"embeddable":true,"href":"https:\/\/gazdasagportal.hu\/index.php\/wp-json\/wp\/v2\/comments?post=121756"}],"version-history":[{"count":1,"href":"https:\/\/gazdasagportal.hu\/index.php\/wp-json\/wp\/v2\/posts\/121756\/revisions"}],"predecessor-version":[{"id":121757,"href":"https:\/\/gazdasagportal.hu\/index.php\/wp-json\/wp\/v2\/posts\/121756\/revisions\/121757"}],"wp:attachment":[{"href":"https:\/\/gazdasagportal.hu\/index.php\/wp-json\/wp\/v2\/media?parent=121756"}],"wp:term":[{"taxonomy":"category","embeddable":true,"href":"https:\/\/gazdasagportal.hu\/index.php\/wp-json\/wp\/v2\/categories?post=121756"},{"taxonomy":"post_tag","embeddable":true,"href":"https:\/\/gazdasagportal.hu\/index.php\/wp-json\/wp\/v2\/tags?post=121756"}],"curies":[{"name":"wp","href":"https:\/\/api.w.org\/{rel}","templated":true}]}}