{"id":121699,"date":"2019-11-27T20:49:53","date_gmt":"2019-11-27T19:49:53","guid":{"rendered":"http:\/\/gazdasagportal.hu\/?p=121699"},"modified":"2019-11-27T20:49:53","modified_gmt":"2019-11-27T19:49:53","slug":"tozsdezaras-esett-a-magyar-piac-2","status":"publish","type":"post","link":"https:\/\/gazdasagportal.hu\/index.php\/tozsdezaras-esett-a-magyar-piac-2\/","title":{"rendered":"T\u0151zsdez\u00e1r\u00e1s &#8211; Esett a magyar piac"},"content":{"rendered":"<p><strong>A Budapesti \u00c9rt\u00e9kt\u0151zsde r\u00e9szv\u00e9nyindexe, a BUX 182,27 pontos, 0,42 sz\u00e1zal\u00e9kos cs\u00f6kken\u00e9ssel, 43 599,69 ponton z\u00e1rt szerd\u00e1n.<\/strong><!--more--><\/p>\n<div class=\"ads-in-post1\"><div id=\"gazdasagportal.hu_fullbanner_wideboard\"><\/div>\r\n<\/div>\n<p>    A r\u00e9szv\u00e9nypiac forgalma 9,9 milli\u00e1rd forint volt, a vezet\u0151 r\u00e9szv\u00e9nyek \u00e1ra vegyesen v\u00e1ltozott az el\u0151z\u0151 napi z\u00e1r\u00e1shoz k\u00e9pest.<br \/>\n    Bar\u00e1th Tibor, az Erste Befektet\u00e9si Zrt. vezet\u0151 \u00fczletk\u00f6t\u0151je az MTI-nek elmondta, hogy a nemzetk\u00f6zi hangulat tov\u00e1bbra is alapvet\u0151en pozit\u00edv. Az eur\u00f3pai piacok emelkedtek, miut\u00e1n Donald Trump amerikai eln\u00f6k megint jelezte, hogy szerinte csak az utols\u00f3 sim\u00edt\u00e1sok hi\u00e1nyoznak az amerikai-k\u00ednai kereskedelmi meg\u00e1llapod\u00e1shoz. Megjegyezte, hogy az amerikai piacok cs\u00fct\u00f6rt\u00f6k\u00f6n z\u00e1rva lesznek a H\u00e1laad\u00e1s napja miatt, p\u00e9nteken pedig a Black Friday miatt r\u00f6vid\u00edtett nap lesz, ami pozit\u00edvan hathat az eur\u00f3pai b\u00f6rz\u00e9kre.<br \/>\n    Arr\u00f3l, hogy a magyar piac az el\u0151z\u0151 naphoz hasonl\u00f3an cs\u00f6kkent, azt mondta, a keddi es\u00e9st m\u00e9g r\u00e1 lehetett fogni az MSCI \u00e1ts\u00falyoz\u00e1sra, ami miatt els\u0151sorban a Mol \u00e9s a Richter esett. Szerd\u00e1n azonban tov\u00e1bb cs\u00f6kkent a magyar b\u00f6rze, az elm\u00falt id\u0151szakhoz k\u00e9pest viszonylag alacsony forgalom mellett.<br \/>\n<div class=\"ads-in-post2\"><script async src=\"https:\/\/pagead2.googlesyndication.com\/pagead\/js\/adsbygoogle.js\"><\/script>\r\n<ins class=\"adsbygoogle\"\r\n     style=\"display:block\"\r\n     data-ad-format=\"fluid\"\r\n     data-ad-layout-key=\"-6t+ed+2i-1n-4w\"\r\n     data-ad-client=\"ca-pub-1959107119989764\"\r\n     data-ad-slot=\"4008251320\"><\/ins>\r\n<script>\r\n     (adsbygoogle = window.adsbygoogle || []).push({});\r\n<\/script><\/div>\n    Kiemelte, hogy a Richter \u00e1ra a bejelentett j\u00f3 h\u00edr (a t\u00e1rsas\u00e1g licencpartnere, a Mochida Pharmaceutical bevezette a jap\u00e1n piacra a Richter bioszimil\u00e1ris teriparatride k\u00e9sz\u00edtm\u00e9ny\u00e9t) ellen\u00e9re tov\u00e1bb cs\u00f6kkent. A vezet\u0151 \u00fczletk\u00f6t\u0151 \u00fagy v\u00e9lte, a piaci szerepl\u0151k m\u00e1r \u00e9rzik, hogy hamarosan v\u00e9get \u00e9r a c\u00e9g saj\u00e1t r\u00e9szv\u00e9ny v\u00e1s\u00e1rl\u00e1sa, \u00e9s nem akart\u00e1k megv\u00e1rni, am\u00edg ezt bejelentik.<br \/>\n    A Richter mellett az Opust emelte m\u00e9g ki, amely felgyorsulva esik, szerd\u00e1n 6,36 sz\u00e1zal\u00e9kos cs\u00f6kken\u00e9ssel z\u00e1rt, t\u00f6bb mint 300 milli\u00f3 forintos forgalom mellett.<br \/>\n    A vezet\u0151 \u00fczletk\u00f6t\u0151 szerint a forint tart\u00f3s gyeng\u00fcl\u00e9s\u00e9nek is szerepe lehet abban, hogy a magyar piac lemarad\u00f3 volt a napokban. Akiknek doll\u00e1rban vagy eur\u00f3ban kell elsz\u00e1molniuk, nem \u00e9ri meg magyar r\u00e9szv\u00e9nyt v\u00e1s\u00e1rolni, ha m\u00e1s r\u00e9szv\u00e9nyeken ugyanannyit kereshetnek devizakock\u00e1zat n\u00e9lk\u00fcl &#8211; mutatott r\u00e1.<br \/>\n    A Mol 4 forinttal, 0,14 sz\u00e1zal\u00e9kkal 2930 forintra er\u0151s\u00f6d\u00f6tt, 1,5 milli\u00e1rd forintos forgalomban.<br \/>\n    Az OTP-r\u00e9szv\u00e9nyek \u00e1ra 10 forinttal, 0,07 sz\u00e1zal\u00e9kkal 14 310 forintra n\u0151tt, forgalmuk 4,2 milli\u00e1rd forintot tett ki.<br \/>\n    A Magyar Telekom \u00e1rfolyama 3 forinttal, 0,68 sz\u00e1zal\u00e9kkal 439 forintra cs\u00f6kkent, forgalma 449,7 milli\u00f3 forint volt.<br \/>\n    A Richter-pap\u00edrok \u00e1rfolyama 90 forinttal, 1,53 sz\u00e1zal\u00e9kkal 5810 forintra esett, forgalmuk 2,2 milli\u00e1rd forintot \u00e9rt el.<br \/>\n    A kis \u00e9s k\u00f6zepes r\u00e9szv\u00e9nyek indexe, a BUMIX 3889,77 ponton z\u00e1rt szerd\u00e1n, ez 52,13 pontos, 1,32 sz\u00e1zal\u00e9kos cs\u00f6kken\u00e9s a keddi z\u00e1r\u00e1shoz viszony\u00edtva.(MTI)<\/p>\n","protected":false},"excerpt":{"rendered":"<p>A Budapesti \u00c9rt\u00e9kt\u0151zsde r\u00e9szv\u00e9nyindexe, a BUX 182,27 pontos, 0,42 sz\u00e1zal\u00e9kos cs\u00f6kken\u00e9ssel, 43 599,69 ponton z\u00e1rt szerd\u00e1n.<\/p>\n","protected":false},"author":1001003,"featured_media":0,"comment_status":"closed","ping_status":"open","sticky":false,"template":"","format":"standard","meta":[],"categories":[7],"tags":[],"_links":{"self":[{"href":"https:\/\/gazdasagportal.hu\/index.php\/wp-json\/wp\/v2\/posts\/121699"}],"collection":[{"href":"https:\/\/gazdasagportal.hu\/index.php\/wp-json\/wp\/v2\/posts"}],"about":[{"href":"https:\/\/gazdasagportal.hu\/index.php\/wp-json\/wp\/v2\/types\/post"}],"author":[{"embeddable":true,"href":"https:\/\/gazdasagportal.hu\/index.php\/wp-json\/wp\/v2\/users\/1001003"}],"replies":[{"embeddable":true,"href":"https:\/\/gazdasagportal.hu\/index.php\/wp-json\/wp\/v2\/comments?post=121699"}],"version-history":[{"count":1,"href":"https:\/\/gazdasagportal.hu\/index.php\/wp-json\/wp\/v2\/posts\/121699\/revisions"}],"predecessor-version":[{"id":121700,"href":"https:\/\/gazdasagportal.hu\/index.php\/wp-json\/wp\/v2\/posts\/121699\/revisions\/121700"}],"wp:attachment":[{"href":"https:\/\/gazdasagportal.hu\/index.php\/wp-json\/wp\/v2\/media?parent=121699"}],"wp:term":[{"taxonomy":"category","embeddable":true,"href":"https:\/\/gazdasagportal.hu\/index.php\/wp-json\/wp\/v2\/categories?post=121699"},{"taxonomy":"post_tag","embeddable":true,"href":"https:\/\/gazdasagportal.hu\/index.php\/wp-json\/wp\/v2\/tags?post=121699"}],"curies":[{"name":"wp","href":"https:\/\/api.w.org\/{rel}","templated":true}]}}