{"id":121693,"date":"2019-11-27T15:38:18","date_gmt":"2019-11-27T14:38:18","guid":{"rendered":"http:\/\/gazdasagportal.hu\/?p=121693"},"modified":"2019-11-27T15:38:18","modified_gmt":"2019-11-27T14:38:18","slug":"a-vartnal-nagyobb-mertekben-csokkent-a-munkanelkuli-segelyt-kerok-szama-az-egyesult-allamokban-2","status":"publish","type":"post","link":"https:\/\/gazdasagportal.hu\/index.php\/a-vartnal-nagyobb-mertekben-csokkent-a-munkanelkuli-segelyt-kerok-szama-az-egyesult-allamokban-2\/","title":{"rendered":"A v\u00e1rtn\u00e1l nagyobb m\u00e9rt\u00e9kben cs\u00f6kkent a munkan\u00e9lk\u00fcli seg\u00e9lyt k\u00e9r\u0151k sz\u00e1ma az Egyes\u00fclt \u00c1llamokban"},"content":{"rendered":"<p><strong>A v\u00e1rtn\u00e1l nagyobb m\u00e9rt\u00e9kben cs\u00f6kkent az els\u0151 alkalommal munkan\u00e9lk\u00fcli seg\u00e9lyt k\u00e9r\u0151k sz\u00e1ma az Egyes\u00fclt \u00c1llamokban a m\u00falt h\u00e9ten.<\/strong><!--more--><\/p>\n<div class=\"ads-in-post1\"><div id=\"gazdasagportal.hu_fullbanner_wideboard\"><\/div>\r\n<\/div>\n<p>    A washingtoni munka\u00fcgyi miniszt\u00e9rium szerd\u00e1n azt k\u00f6z\u00f6lte, hogy a szezon\u00e1lisan kiigaz\u00edtott adatok szerint az els\u0151 alkalommal munkan\u00e9lk\u00fcli seg\u00e9ly\u00e9rt folyamod\u00f3k sz\u00e1ma 213 ezer volt a november 22-\u00e9n z\u00e1rult h\u00e9ten, ami 15 ezerrel alacsonyabb az egy h\u00e9ttel kor\u00e1bbin\u00e1l. Elemz\u0151k nagyobb, 221 ezres sz\u00e1mmal sz\u00e1moltak.<br \/>\n    M\u00e1r a 247. egym\u00e1st k\u00f6vet\u0151 h\u00e9ten, 2015 m\u00e1rciusa \u00f3ta \u00e1ll 300 ezer alatt ez a sz\u00e1m. A 300 ezer alatti \u00e9rt\u00e9ket a munkaer\u0151piac robusztus er\u0151s\u00f6d\u00e9s\u00e9nek jelek\u00e9nt \u00e9rtelmezik az elemz\u0151k.<br \/>\n    A seg\u00e9lyk\u00e9relmek sz\u00e1m\u00e1t m\u00e9r\u0151 n\u00e9gyhetes mozg\u00f3\u00e1tlag 1500-zal, 219 ezer 750-re s\u00fcllyedt. A mozg\u00f3\u00e1tlag seg\u00edt kisz\u0171rni az ideiglenes, egyszeri hat\u00e1sokat.<br \/>\n    A tart\u00f3san munkan\u00e9lk\u00fcli seg\u00e9lyt k\u00e9r\u0151k sz\u00e1ma 57 ezerrel, 1 milli\u00f3 640 ezerre, 1973 augusztus 4-ike \u00f3ta a legalacsonyabb szintre esett a november 15-\u00e9vel v\u00e9gz\u0151d\u00f6tt h\u00e9ten. M\u00e1r a 137. egym\u00e1st k\u00f6vet\u0151 h\u00e9ten, 2017 \u00e1prilis eleje \u00f3ta \u00e1ll k\u00e9tmilli\u00f3 alatt ez a sz\u00e1m, t\u00fckr\u00f6zve a munkaer\u0151piac feszess\u00e9g\u00e9t.<br \/>\n    A tart\u00f3san munkan\u00e9lk\u00fcli seg\u00e9lyt k\u00e9r\u0151k sz\u00e1m\u00e1t m\u00e9r\u0151 n\u00e9gyhetes mozg\u00f3\u00e1tlag 13 ezerrel, 1 milli\u00f3 680 ezer 500-ra s\u00fcllyedt. Ez a sz\u00e1m 134. hete \u00e1ll k\u00e9tmilli\u00f3 alatt.<br \/>\n<div class=\"ads-in-post2\"><script async src=\"https:\/\/pagead2.googlesyndication.com\/pagead\/js\/adsbygoogle.js\"><\/script>\r\n<ins class=\"adsbygoogle\"\r\n     style=\"display:block\"\r\n     data-ad-format=\"fluid\"\r\n     data-ad-layout-key=\"-6t+ed+2i-1n-4w\"\r\n     data-ad-client=\"ca-pub-1959107119989764\"\r\n     data-ad-slot=\"4008251320\"><\/ins>\r\n<script>\r\n     (adsbygoogle = window.adsbygoogle || []).push({});\r\n<\/script><\/div>\n    J\u00f3llehet a gazdas\u00e1gi n\u00f6veked\u00e9s lassul\u00e1s\u00e1val p\u00e1rhuzamosan a foglalkoztatotts\u00e1g is szer\u00e9nyebb \u00fctemben b\u0151v\u00fcl, az adatok azt mutatj\u00e1k, hogy a munkaer\u0151piaci helyzet tov\u00e1bbra is stabil. Az amerikai gazdas\u00e1gban az id\u00e9n havi \u00e1tlagban 167 ezerrel n\u0151tt a foglalkoztatottak sz\u00e1ma, ami azonban j\u00f3val kevesebb a tavalyi 223 ezres \u00e1tlagn\u00e1l. Ahhoz, hogy a munkaer\u0151piac l\u00e9p\u00e9st tudjon tartani a munkak\u00e9pes kor\u00fa lakoss\u00e1g n\u00f6veked\u00e9s\u00e9vel, havi sz\u00e1zezer \u00faj \u00e1ll\u00e1sra van sz\u00fcks\u00e9g.<br \/>\n    Okt\u00f3berben a nem mez\u0151gazdas\u00e1gi \u00e1gazatokban foglalkoztatottak sz\u00e1ma 128 ezerrel b\u0151v\u00fclt az el\u0151z\u0151 havi 180 ezres n\u00f6veked\u00e9s ut\u00e1n. Elemz\u0151k 95 ezres emelked\u00e9sre sz\u00e1m\u00edtottak okt\u00f3berr\u0151l. A munkan\u00e9lk\u00fclis\u00e9gi r\u00e1ta 0,1 sz\u00e1zal\u00e9kponttal 3,6 sz\u00e1zal\u00e9kra emelkedett.(MTI)<\/p>\n","protected":false},"excerpt":{"rendered":"<p>A v\u00e1rtn\u00e1l nagyobb m\u00e9rt\u00e9kben cs\u00f6kkent az els\u0151 alkalommal munkan\u00e9lk\u00fcli seg\u00e9lyt k\u00e9r\u0151k sz\u00e1ma az Egyes\u00fclt \u00c1llamokban a m\u00falt h\u00e9ten.<\/p>\n","protected":false},"author":1,"featured_media":0,"comment_status":"closed","ping_status":"open","sticky":false,"template":"","format":"standard","meta":[],"categories":[246],"tags":[],"_links":{"self":[{"href":"https:\/\/gazdasagportal.hu\/index.php\/wp-json\/wp\/v2\/posts\/121693"}],"collection":[{"href":"https:\/\/gazdasagportal.hu\/index.php\/wp-json\/wp\/v2\/posts"}],"about":[{"href":"https:\/\/gazdasagportal.hu\/index.php\/wp-json\/wp\/v2\/types\/post"}],"author":[{"embeddable":true,"href":"https:\/\/gazdasagportal.hu\/index.php\/wp-json\/wp\/v2\/users\/1"}],"replies":[{"embeddable":true,"href":"https:\/\/gazdasagportal.hu\/index.php\/wp-json\/wp\/v2\/comments?post=121693"}],"version-history":[{"count":1,"href":"https:\/\/gazdasagportal.hu\/index.php\/wp-json\/wp\/v2\/posts\/121693\/revisions"}],"predecessor-version":[{"id":121694,"href":"https:\/\/gazdasagportal.hu\/index.php\/wp-json\/wp\/v2\/posts\/121693\/revisions\/121694"}],"wp:attachment":[{"href":"https:\/\/gazdasagportal.hu\/index.php\/wp-json\/wp\/v2\/media?parent=121693"}],"wp:term":[{"taxonomy":"category","embeddable":true,"href":"https:\/\/gazdasagportal.hu\/index.php\/wp-json\/wp\/v2\/categories?post=121693"},{"taxonomy":"post_tag","embeddable":true,"href":"https:\/\/gazdasagportal.hu\/index.php\/wp-json\/wp\/v2\/tags?post=121693"}],"curies":[{"name":"wp","href":"https:\/\/api.w.org\/{rel}","templated":true}]}}