{"id":121681,"date":"2019-11-27T10:26:53","date_gmt":"2019-11-27T09:26:53","guid":{"rendered":"http:\/\/gazdasagportal.hu\/?p=121681"},"modified":"2019-11-27T10:26:53","modified_gmt":"2019-11-27T09:26:53","slug":"a-vilag-legnagyobb-bankjaval-irt-ala-strategiai-megallapodast-a-magyar-penzugyminiszter","status":"publish","type":"post","link":"https:\/\/gazdasagportal.hu\/index.php\/a-vilag-legnagyobb-bankjaval-irt-ala-strategiai-megallapodast-a-magyar-penzugyminiszter\/","title":{"rendered":"A vil\u00e1g legnagyobb bankj\u00e1val \u00edrt al\u00e1 strat\u00e9giai meg\u00e1llapod\u00e1st a magyar p\u00e9nz\u00fcgyminiszter"},"content":{"rendered":"<p><strong>Szorosabbra f\u0171zi a p\u00e9nz\u00fcgyi kapcsolatokat Magyarorsz\u00e1g a vil\u00e1g legnagyobb eszk\u00f6z\u00e1llom\u00e1ny\u00fa p\u00e9nzint\u00e9zet\u00e9vel &#8211; jelentette be Varga Mih\u00e1ly, p\u00e9nz\u00fcgyminiszter, miut\u00e1n strat\u00e9giai egy\u00fcttm\u0171k\u00f6d\u00e9si meg\u00e1llapod\u00e1st \u00edrt al\u00e1 a K\u00ednai Ipari \u00e9s Kereskedelmi Bank (ICBC) vez\u00e9rigazgat\u00f3j\u00e1val, Ku S\u00faval &#8211; t\u00e1j\u00e9koztatta a P\u00e9nz\u00fcgyminiszt\u00e9rium (PM) szerd\u00e1n az MTI-t.<\/strong><!--more--><\/p>\n<div class=\"ads-in-post1\"><div id=\"gazdasagportal.hu_fullbanner_wideboard\"><\/div>\r\n<\/div>\n<p>    Az 1984-ben alap\u00edtott ICBC mintegy n\u00e9gyezer milli\u00e1rd amerikai doll\u00e1r \u00e9rt\u00e9k\u0171 eszk\u00f6z\u00e1llom\u00e1ny\u00e1val a vil\u00e1g legnagyobb bankja, 47 orsz\u00e1gban \u00e9s r\u00e9gi\u00f3ban 426 k\u00e9pviselettel rendelkezik, a bank 15 eur\u00f3pai orsz\u00e1gban van jelen, \u00e9s budapesti r\u00e9gi\u00f3s iroda nyit\u00e1s\u00e1t m\u00e9rlegeli.<br \/>\n    Az al\u00e1\u00edrt k\u00e9toldal\u00fa egyet\u00e9rt\u00e9si meg\u00e1llapod\u00e1st Varga Mih\u00e1ly fontos \u00e1llom\u00e1snak nevezte a magyar-k\u00ednai p\u00e9nz\u00fcgyi kapcsolatok er\u0151s\u00edt\u00e9se szempontj\u00e1b\u00f3l, amelynek c\u00e9lja \u00e1tfog\u00f3 \u00e9s hossz\u00fa t\u00e1v\u00fa, k\u00f6z\u00f6s \u00e9rdekeken alapul\u00f3 strat\u00e9giai egy\u00fcttm\u0171k\u00f6d\u00e9s kialak\u00edt\u00e1sa Magyarorsz\u00e1g \u00e9s K\u00edna k\u00f6z\u00f6tt. A dokumentum szerint a K\u00ednai Ipari \u00e9s Kereskedelmi Bank k\u00e9sz akt\u00edvan k\u00f6zrem\u0171k\u00f6dni Magyarorsz\u00e1ggal a renminbi-k\u00f6tv\u00e9nykibocs\u00e1t\u00e1sban, illetve t\u00e1mogatja a hat\u00e1ron \u00e1tny\u00fal\u00f3 renminbi \u00fczleti kapcsolatokat, fizet\u00e9si m\u0171veleteket, valamint magyar infrastrukt\u00fara-projektek finansz\u00edroz\u00e1s\u00e1t.<\/p>\n<div class=\"ads-in-post2\"><script async src=\"https:\/\/pagead2.googlesyndication.com\/pagead\/js\/adsbygoogle.js\"><\/script>\r\n<ins class=\"adsbygoogle\"\r\n     style=\"display:block\"\r\n     data-ad-format=\"fluid\"\r\n     data-ad-layout-key=\"-6t+ed+2i-1n-4w\"\r\n     data-ad-client=\"ca-pub-1959107119989764\"\r\n     data-ad-slot=\"4008251320\"><\/ins>\r\n<script>\r\n     (adsbygoogle = window.adsbygoogle || []).push({});\r\n<\/script><\/div>\n    Az ICBC ezent\u00fal kapcsolatokat \u00e9p\u00edthet ki az \u00e9rdekelt magyar bankokkal a mesters\u00e9ges intelligencia, a felh\u0151 alap\u00fa szolg\u00e1ltat\u00e1sok, \u00e9s az egy\u00e9b digit\u00e1lis fejleszt\u00e9sek ter\u00fclet\u00e9n is &#8211; sz\u00f6gezte le a miniszter.<br \/>\n    Az ICBC a magyar-k\u00ednai tranzakci\u00f3k megk\u00f6nny\u00edt\u00e9se, valamint az &#8222;Egy \u00f6vezet egy \u00fat&#8221; kezdem\u00e9nyez\u00e9s beruh\u00e1z\u00e1sainak t\u00e1mogat\u00e1sa \u00e9rdek\u00e9ben budapesti iroda nyit\u00e1s\u00e1nak el\u0151nyeit is sz\u00e1mba veszi. A felek egyet\u00e9rtettek abban, hogy az ICBC magyarorsz\u00e1gi &#8211; \u00e9s egyben k\u00f6z\u00e9p-kelet-eur\u00f3pai &#8211; jelenl\u00e9te tov\u00e1bb er\u0151s\u00edten\u00e9 Magyarorsz\u00e1g region\u00e1lis p\u00e9nz\u00fcgyi k\u00f6zpont szerep\u00e9t &#8211; k\u00f6z\u00f6lte a P\u00e9nz\u00fcgyminiszt\u00e9rium.(MTI)<\/p>\n","protected":false},"excerpt":{"rendered":"<p>Szorosabbra f\u0171zi a p\u00e9nz\u00fcgyi kapcsolatokat Magyarorsz\u00e1g a vil\u00e1g legnagyobb eszk\u00f6z\u00e1llom\u00e1ny\u00fa p\u00e9nzint\u00e9zet\u00e9vel &#8211; jelentette be Varga Mih\u00e1ly, p\u00e9nz\u00fcgyminiszter, miut\u00e1n strat\u00e9giai egy\u00fcttm\u0171k\u00f6d\u00e9si meg\u00e1llapod\u00e1st \u00edrt al\u00e1 a K\u00ednai Ipari \u00e9s Kereskedelmi Bank (ICBC) vez\u00e9rigazgat\u00f3j\u00e1val, Ku S\u00faval &#8211; t\u00e1j\u00e9koztatta a P\u00e9nz\u00fcgyminiszt\u00e9rium (PM) szerd\u00e1n az MTI-t.<\/p>\n","protected":false},"author":1,"featured_media":0,"comment_status":"closed","ping_status":"open","sticky":false,"template":"","format":"standard","meta":[],"categories":[19],"tags":[],"_links":{"self":[{"href":"https:\/\/gazdasagportal.hu\/index.php\/wp-json\/wp\/v2\/posts\/121681"}],"collection":[{"href":"https:\/\/gazdasagportal.hu\/index.php\/wp-json\/wp\/v2\/posts"}],"about":[{"href":"https:\/\/gazdasagportal.hu\/index.php\/wp-json\/wp\/v2\/types\/post"}],"author":[{"embeddable":true,"href":"https:\/\/gazdasagportal.hu\/index.php\/wp-json\/wp\/v2\/users\/1"}],"replies":[{"embeddable":true,"href":"https:\/\/gazdasagportal.hu\/index.php\/wp-json\/wp\/v2\/comments?post=121681"}],"version-history":[{"count":1,"href":"https:\/\/gazdasagportal.hu\/index.php\/wp-json\/wp\/v2\/posts\/121681\/revisions"}],"predecessor-version":[{"id":121682,"href":"https:\/\/gazdasagportal.hu\/index.php\/wp-json\/wp\/v2\/posts\/121681\/revisions\/121682"}],"wp:attachment":[{"href":"https:\/\/gazdasagportal.hu\/index.php\/wp-json\/wp\/v2\/media?parent=121681"}],"wp:term":[{"taxonomy":"category","embeddable":true,"href":"https:\/\/gazdasagportal.hu\/index.php\/wp-json\/wp\/v2\/categories?post=121681"},{"taxonomy":"post_tag","embeddable":true,"href":"https:\/\/gazdasagportal.hu\/index.php\/wp-json\/wp\/v2\/tags?post=121681"}],"curies":[{"name":"wp","href":"https:\/\/api.w.org\/{rel}","templated":true}]}}