{"id":121671,"date":"2019-11-27T04:44:35","date_gmt":"2019-11-27T03:44:35","guid":{"rendered":"http:\/\/gazdasagportal.hu\/?p=121671"},"modified":"2019-11-26T21:43:44","modified_gmt":"2019-11-26T20:43:44","slug":"riaszto-utemben-melegedik-nemetorszag-eghajlata","status":"publish","type":"post","link":"https:\/\/gazdasagportal.hu\/index.php\/riaszto-utemben-melegedik-nemetorszag-eghajlata\/","title":{"rendered":"Riaszt\u00f3 \u00fctemben melegedik N\u00e9metorsz\u00e1g \u00e9ghajlata"},"content":{"rendered":"<p><strong>Riaszt\u00f3an gyorsan \u00e9s nagy m\u00e9rt\u00e9kben melegedik N\u00e9metorsz\u00e1g \u00e9ghajlata, a rendszeres id\u0151j\u00e1r\u00e1si adatfelv\u00e9tel 1881-es kezdete \u00f3ta 1,5 Celsius-fokkal emelkedett az \u00e1tlagh\u0151m\u00e9rs\u00e9klet &#8211; mondta a sz\u00f6vets\u00e9gi korm\u00e1ny k\u00f6rnyezet- \u00e9s term\u00e9szetv\u00e9delmi minisztere kedden Berlinben a kl\u00edmav\u00e1ltoz\u00e1s hat\u00e1sait monitoroz\u00f3 \u00faj jelent\u00e9s bemutat\u00f3j\u00e1n.<\/strong><!--more--><\/p>\n<div class=\"ads-in-post1\"><div id=\"gazdasagportal.hu_fullbanner_wideboard\"><\/div>\r\n<\/div>\n<p>    A folyamat gyorsas\u00e1g\u00e1t mutatja, hogy csak az ut\u00f3bbi \u00f6t \u00e9vben 0,3 Celsius-fokkal n\u0151tt az \u00e1tlagh\u0151m\u00e9rs\u00e9klet &#8211; emelte ki Svenja Schulze.<br \/>\n    Mint mondta, az adatok azt jelzik, hogy &#8222;a j\u00f6v\u0151 meg\u00e9rkezett, N\u00e9metorsz\u00e1g a glob\u00e1lis felmeleged\u00e9s kell\u0151s k\u00f6zep\u00e9n van&#8221;, \u00e9s a v\u00e1ltoz\u00e1s m\u00e9lyrehat\u00f3 k\u00f6rnyezeti, eg\u00e9szs\u00e9gi, t\u00e1rsadalmi \u00e9s gazdas\u00e1gi hat\u00e1sokkal j\u00e1r.<br \/>\n    A rendk\u00edv\u00fcl meleg &#8211; 30 Celsius-fokn\u00e1l magasabb k\u00f6z\u00e9ph\u0151m\u00e9rs\u00e9klet\u0171 &#8211; napok \u00e1tlagos \u00e9venk\u00e9nti sz\u00e1ma p\u00e9ld\u00e1ul el\u00e9rte a t\u00edzet, ami t\u00f6bb mint h\u00e1romszoros n\u00f6veked\u00e9s a huszadik sz\u00e1zad \u00f6tvenes \u00e9veit jellemz\u0151 h\u00e1romhoz k\u00e9pest, a 2005 \u00f3ta \u00e9rkezett h\u0151s\u00e9ghull\u00e1mokban pedig csaknem 20 ezer ember halt meg.<br \/>\n    Az \u00e9ghajlatv\u00e1ltoz\u00e1s sokhely\u00fctt asz\u00e1llyal j\u00e1r, ami s\u00fajtja a mez\u0151gazdas\u00e1got, a k\u00e1rok enyh\u00edt\u00e9s\u00e9re csak 2018-ban 340 milli\u00f3 eur\u00f3 (114 milli\u00e1rd forint) gyorsseg\u00e9lyt kellett kiutalni a sz\u00f6vets\u00e9gi k\u00f6lts\u00e9gvet\u00e9sb\u0151l a bajba ker\u00fclt termel\u0151knek. Azonban a tart\u00f3s csapad\u00e9khi\u00e1ny t\u00e1rsadalmi, gazdas\u00e1gi hat\u00e1sai enn\u00e9l j\u00f3val sokr\u00e9t\u0171bbek, a foly\u00f3k alacsony v\u00edzszintje p\u00e9ld\u00e1ul korl\u00e1tozza a folyami tehersz\u00e1ll\u00edt\u00e1st \u00e9s vesz\u00e9lyezteti a h\u0171t\u0151vizet a foly\u00f3kb\u00f3l mer\u00edt\u0151 er\u0151m\u0171vek folyamatos termel\u00e9s\u00e9t \u00e9s fenyegeti a lakoss\u00e1g v\u00edzell\u00e1t\u00e1s\u00e1nak biztons\u00e1g\u00e1t.<\/p>\n<div class=\"ads-in-post2\"><script async src=\"https:\/\/pagead2.googlesyndication.com\/pagead\/js\/adsbygoogle.js\"><\/script>\r\n<ins class=\"adsbygoogle\"\r\n     style=\"display:block\"\r\n     data-ad-format=\"fluid\"\r\n     data-ad-layout-key=\"-6t+ed+2i-1n-4w\"\r\n     data-ad-client=\"ca-pub-1959107119989764\"\r\n     data-ad-slot=\"4008251320\"><\/ins>\r\n<script>\r\n     (adsbygoogle = window.adsbygoogle || []).push({});\r\n<\/script><\/div>\n    M\u00e1sutt a az \u00f6z\u00f6nv\u00edzszer\u0171 es\u0151z\u00e9s \u00e9s a heves viharok v\u00e1lnak egyre gyakoribb\u00e1, ami ugyancsak s\u00falyos k\u00e1rokat okoz. Ezt jelzi, hogy a biztos\u00edt\u00f3t\u00e1rsas\u00e1gok 2018-ban 3,1 milli\u00e1rd eur\u00f3t fizettek ki viharok \u00e9s m\u00e1s sz\u00e9ls\u0151s\u00e9ges id\u0151j\u00e1r\u00e1si jelens\u00e9gek okozta k\u00e1rok enyh\u00edt\u00e9s\u00e9re, ami az egyik legnagyobb \u00f6sszeg az ut\u00f3bbi h\u00fasz \u00e9vben.<br \/>\n    Az \u00e9ghajlat \u00e1talakul\u00e1sa N\u00e9metorsz\u00e1g term\u00e9szeti k\u00f6rnyezet\u00e9ben is egyre er\u0151teljesebben \u00e9rezhet\u0151 v\u00e1ltoz\u00e1sokat okoz. \u00cdgy p\u00e9ld\u00e1ul a n\u00f6v\u00e9nyek veget\u00e1ci\u00f3s peri\u00f3dusa &#8211; az az id\u0151szak, amelyben n\u00f6vekednek, akt\u00edv anyagcser\u00e9t folytatnak \u00e9s hajt\u00e1st, term\u00e9st hoznak &#8211;  az 1951-1981-es id\u0151szakban regisztr\u00e1lt \u00e9vi \u00e1tlag 222 napr\u00f3l 232 napra emelkedett az 1998-2017-es id\u0151szakban, az erd\u0151kben, mez\u0151k\u00f6n \u00e9s telep\u00fcl\u00e9seken megjelent az \u00e1zsiai tigrissz\u00fanyog, \u00e9s az \u00c9szaki-tengerben pedig a F\u00f6ldk\u00f6zi-tengerb\u0151l ismert half\u00e9l\u00e9k terjednek, k\u00f6zt\u00fck a szardella.<br \/>\n    A felmeleged\u00e9s hat\u00e1sait monitoroz\u00f3 jelent\u00e9st 28 sz\u00f6vets\u00e9gi hivatal k\u00f6zrem\u0171k\u00f6d\u00e9s\u00e9vel \u00e1ll\u00edtott\u00e1k \u00f6ssze. A sz\u00f6vets\u00e9gi k\u00f6rnyezetv\u00e9delmi hivatal (UBA) ir\u00e1ny\u00edt\u00e1s\u00e1val v\u00e9gzett kutat\u00e1sban a 2014 \u00e9s 2018 k\u00f6z\u00f6tti id\u0151szakot tekintett\u00e9k \u00e1t, \u00e9s 15 ter\u00fcletet &#8211; p\u00e9ld\u00e1ul biol\u00f3giai sokf\u00e9les\u00e9g, erd\u0151gazd\u00e1lkod\u00e1s, part-, \u00e9s tengerv\u00e9delem, turizmus, k\u00f6zleked\u00e9s, eg\u00e9szs\u00e9g\u00fcgy &#8211; vizsg\u00e1ltak meg r\u00e9szletesen. A csaknem 300 oldalas \u00f6ssze\u00e1ll\u00edt\u00e1s a tov\u00e1bbi korm\u00e1nyzati kl\u00edmav\u00e9delmi int\u00e9zked\u00e9sek alapj\u00e1ul, valamint a gazdas\u00e1gi \u00e9s t\u00e1rsadalmi szervezetek \u00e9s az \u00e1llampolg\u00e1rok t\u00e1j\u00e9koztat\u00e1s\u00e1ra szolg\u00e1l.<br \/>\n(MTI)<\/p>\n","protected":false},"excerpt":{"rendered":"<p>Riaszt\u00f3an gyorsan \u00e9s nagy m\u00e9rt\u00e9kben melegedik N\u00e9metorsz\u00e1g \u00e9ghajlata, a rendszeres id\u0151j\u00e1r\u00e1si adatfelv\u00e9tel 1881-es kezdete \u00f3ta 1,5 Celsius-fokkal emelkedett az \u00e1tlagh\u0151m\u00e9rs\u00e9klet &#8211; mondta a sz\u00f6vets\u00e9gi korm\u00e1ny k\u00f6rnyezet- \u00e9s term\u00e9szetv\u00e9delmi minisztere kedden Berlinben a kl\u00edmav\u00e1ltoz\u00e1s hat\u00e1sait monitoroz\u00f3 \u00faj jelent\u00e9s bemutat\u00f3j\u00e1n.<\/p>\n","protected":false},"author":1001003,"featured_media":0,"comment_status":"closed","ping_status":"open","sticky":false,"template":"","format":"standard","meta":[],"categories":[12],"tags":[],"_links":{"self":[{"href":"https:\/\/gazdasagportal.hu\/index.php\/wp-json\/wp\/v2\/posts\/121671"}],"collection":[{"href":"https:\/\/gazdasagportal.hu\/index.php\/wp-json\/wp\/v2\/posts"}],"about":[{"href":"https:\/\/gazdasagportal.hu\/index.php\/wp-json\/wp\/v2\/types\/post"}],"author":[{"embeddable":true,"href":"https:\/\/gazdasagportal.hu\/index.php\/wp-json\/wp\/v2\/users\/1001003"}],"replies":[{"embeddable":true,"href":"https:\/\/gazdasagportal.hu\/index.php\/wp-json\/wp\/v2\/comments?post=121671"}],"version-history":[{"count":1,"href":"https:\/\/gazdasagportal.hu\/index.php\/wp-json\/wp\/v2\/posts\/121671\/revisions"}],"predecessor-version":[{"id":121672,"href":"https:\/\/gazdasagportal.hu\/index.php\/wp-json\/wp\/v2\/posts\/121671\/revisions\/121672"}],"wp:attachment":[{"href":"https:\/\/gazdasagportal.hu\/index.php\/wp-json\/wp\/v2\/media?parent=121671"}],"wp:term":[{"taxonomy":"category","embeddable":true,"href":"https:\/\/gazdasagportal.hu\/index.php\/wp-json\/wp\/v2\/categories?post=121671"},{"taxonomy":"post_tag","embeddable":true,"href":"https:\/\/gazdasagportal.hu\/index.php\/wp-json\/wp\/v2\/tags?post=121671"}],"curies":[{"name":"wp","href":"https:\/\/api.w.org\/{rel}","templated":true}]}}