{"id":121665,"date":"2019-11-26T21:22:15","date_gmt":"2019-11-26T20:22:15","guid":{"rendered":"http:\/\/gazdasagportal.hu\/?p=121665"},"modified":"2019-11-26T21:22:15","modified_gmt":"2019-11-26T20:22:15","slug":"donald-trump-kozel-a-kereskedelmi-megallapodas-kinaval-de-washington-figyel-hongkongra-is","status":"publish","type":"post","link":"https:\/\/gazdasagportal.hu\/index.php\/donald-trump-kozel-a-kereskedelmi-megallapodas-kinaval-de-washington-figyel-hongkongra-is\/","title":{"rendered":"Donald Trump: k\u00f6zel a kereskedelmi meg\u00e1llapod\u00e1s K\u00edn\u00e1val, de Washington figyel Hongkongra is"},"content":{"rendered":"<p><strong>K\u00f6zel a kereskedelmi meg\u00e1llapod\u00e1s K\u00edn\u00e1val, de Washington figyel Hongkongra is &#8211; jelentette ki Donald Trump amerikai eln\u00f6k kedden a Feh\u00e9r H\u00e1zban \u00fajs\u00e1g\u00edr\u00f3i k\u00e9rd\u00e9sre v\u00e1laszolva.<\/strong><!--more--><\/p>\n<div class=\"ads-in-post1\"><div id=\"gazdasagportal.hu_fullbanner_wideboard\"><\/div>\r\n<\/div>\n<p>    Mit \u00fczen a hongkongiaknak a helyi v\u00e1laszt\u00e1sok ut\u00e1n, amelyek a demokr\u00e1ci\u00e1t p\u00e1rtol\u00f3 er\u0151k el\u0151ret\u00f6r\u00e9s\u00e9t hozt\u00e1k? &#8211; k\u00e9rdezte egy \u00fajs\u00e1g\u00edr\u00f3 az amerikai eln\u00f6k\u00f6t, mire Trump azt felelte: &#8222;vel\u00fck vagyunk&#8221;. De r\u00f6gt\u00f6n hozz\u00e1tette: kiv\u00e1l\u00f3 a viszonya Hszi Csin-ping k\u00ednai eln\u00f6kkel is.<br \/>\n    Donald Trump kifejtette: az amerikai korm\u00e1nyzat &#8222;a valaha volt legfontosabb kereskedelmi meg\u00e1llapod\u00e1s&#8221; megk\u00f6t\u00e9se el\u0151tti t\u00e1rgyal\u00e1sok utols\u00f3 szakasz\u00e1hoz \u00e9rt, s ez &#8211; mint fogalmazott &#8211; &#8222;nagyon j\u00f3l halad&#8221;. Hozz\u00e1f\u0171zte: azt szeretn\u00e9, ha j\u00f3l menn\u00e9nek a dolgok Hongkongban is. &#8222;Azt hiszem, \u00edgy lesz. Azt hiszem, Hszi eln\u00f6k el\u00e9rheti, hogy \u00edgy legyen. Ismerem \u0151t, \u00e9s tudom, hogy \u0151 is azt szeretn\u00e9, hogy \u00edgy legyen&#8221; &#8211; mondta.<\/p>\n<div class=\"ads-in-post2\"><script async src=\"https:\/\/pagead2.googlesyndication.com\/pagead\/js\/adsbygoogle.js\"><\/script>\r\n<ins class=\"adsbygoogle\"\r\n     style=\"display:block\"\r\n     data-ad-format=\"fluid\"\r\n     data-ad-layout-key=\"-6t+ed+2i-1n-4w\"\r\n     data-ad-client=\"ca-pub-1959107119989764\"\r\n     data-ad-slot=\"4008251320\"><\/ins>\r\n<script>\r\n     (adsbygoogle = window.adsbygoogle || []).push({});\r\n<\/script><\/div>\n    Az eln\u00f6k\u00f6t nem k\u00e9rdezt\u00e9k a kongresszus \u00e1ltal megszavazott, K\u00edna elleni szankci\u00f3kat szorgalmaz\u00f3 t\u00f6rv\u00e9nyjavaslatr\u00f3l, \u0151 pedig nem t\u00e9rt ki arra, hogy al\u00e1\u00edrja-e &#8211; \u00e9s ezzel t\u00f6rv\u00e9nyer\u0151re emeli &#8211; a javaslatot. Percekkel kor\u00e1bban tartott nemzetk\u00f6zi sajt\u00f3konferenci\u00e1j\u00e1n Mike Pompeo k\u00fcl\u00fcgyminiszter nem v\u00e1laszolt arra a k\u00e9rd\u00e9sre, hogy Trump al\u00e1\u00edrja-e a t\u00f6rv\u00e9nyjavaslatot.<br \/>\n    A k\u00e9pvisel\u0151h\u00e1z \u00e9s a szen\u00e1tus \u00e1ltal egy k\u00e9pvisel\u0151 kiv\u00e9tel\u00e9vel egyhang\u00falag megszavazott t\u00f6rv\u00e9nyjavaslat el\u0151\u00edrja a k\u00fcl\u00fcgyminiszt\u00e9riumnak: legal\u00e1bb \u00e9vente igazolnia kell, hogy nem csorbul Hongkong k\u00fcl\u00f6nleges auton\u00f3m st\u00e1tusza.<br \/>\n    A m\u00falt h\u00e9t p\u00e9ntek\u00e9n Donald Trump \u00fajs\u00e1g\u00edr\u00f3knak m\u00e9g azt \u00e1ll\u00edtotta: egyed\u00fcl neki k\u00f6sz\u00f6nhet\u0151, hogy siker\u00fclt megel\u0151zni Peking katonai fell\u00e9p\u00e9s\u00e9t a hongkongi t\u00fcntet\u0151k ellen. Az amerikai eln\u00f6k akkor azt is mondta: k\u00f6z\u00f6lte a k\u00ednai eln\u00f6kkel, hogy a katonai beavatkoz\u00e1s &#8222;borzaszt\u00f3 negat\u00edvan befoly\u00e1soln\u00e1&#8221; a kereskedelmi t\u00e1rgyal\u00e1sokat.(MTI)<\/p>\n","protected":false},"excerpt":{"rendered":"<p>K\u00f6zel a kereskedelmi meg\u00e1llapod\u00e1s K\u00edn\u00e1val, de Washington figyel Hongkongra is &#8211; jelentette ki Donald Trump amerikai eln\u00f6k kedden a Feh\u00e9r H\u00e1zban \u00fajs\u00e1g\u00edr\u00f3i k\u00e9rd\u00e9sre v\u00e1laszolva.<\/p>\n","protected":false},"author":1001003,"featured_media":0,"comment_status":"closed","ping_status":"open","sticky":false,"template":"","format":"standard","meta":[],"categories":[246],"tags":[],"_links":{"self":[{"href":"https:\/\/gazdasagportal.hu\/index.php\/wp-json\/wp\/v2\/posts\/121665"}],"collection":[{"href":"https:\/\/gazdasagportal.hu\/index.php\/wp-json\/wp\/v2\/posts"}],"about":[{"href":"https:\/\/gazdasagportal.hu\/index.php\/wp-json\/wp\/v2\/types\/post"}],"author":[{"embeddable":true,"href":"https:\/\/gazdasagportal.hu\/index.php\/wp-json\/wp\/v2\/users\/1001003"}],"replies":[{"embeddable":true,"href":"https:\/\/gazdasagportal.hu\/index.php\/wp-json\/wp\/v2\/comments?post=121665"}],"version-history":[{"count":1,"href":"https:\/\/gazdasagportal.hu\/index.php\/wp-json\/wp\/v2\/posts\/121665\/revisions"}],"predecessor-version":[{"id":121666,"href":"https:\/\/gazdasagportal.hu\/index.php\/wp-json\/wp\/v2\/posts\/121665\/revisions\/121666"}],"wp:attachment":[{"href":"https:\/\/gazdasagportal.hu\/index.php\/wp-json\/wp\/v2\/media?parent=121665"}],"wp:term":[{"taxonomy":"category","embeddable":true,"href":"https:\/\/gazdasagportal.hu\/index.php\/wp-json\/wp\/v2\/categories?post=121665"},{"taxonomy":"post_tag","embeddable":true,"href":"https:\/\/gazdasagportal.hu\/index.php\/wp-json\/wp\/v2\/tags?post=121665"}],"curies":[{"name":"wp","href":"https:\/\/api.w.org\/{rel}","templated":true}]}}