{"id":121646,"date":"2019-11-26T10:26:34","date_gmt":"2019-11-26T09:26:34","guid":{"rendered":"http:\/\/gazdasagportal.hu\/?p=121646"},"modified":"2019-11-26T10:26:34","modified_gmt":"2019-11-26T09:26:34","slug":"brit-valasztasok-skocia-megprobalna-ujbol-belepni-az-eu-ba","status":"publish","type":"post","link":"https:\/\/gazdasagportal.hu\/index.php\/brit-valasztasok-skocia-megprobalna-ujbol-belepni-az-eu-ba\/","title":{"rendered":"Brit v\u00e1laszt\u00e1sok &#8211; Sk\u00f3cia megpr\u00f3b\u00e1lna \u00fajb\u00f3l bel\u00e9pni az EU-ba"},"content":{"rendered":"<p><strong>Nicola Sturgeon sk\u00f3t minisztereln\u00f6k szerint ha Sk\u00f3cia f\u00fcggetlenn\u00e9 v\u00e1lik, megpr\u00f3b\u00e1l \u00f6n\u00e1ll\u00f3 tagorsz\u00e1gk\u00e9nt \u00fajb\u00f3l bel\u00e9pni az Eur\u00f3pai Uni\u00f3ba (EU).<\/strong><!--more--><\/p>\n<div class=\"ads-in-post1\"><div id=\"gazdasagportal.hu_fullbanner_wideboard\"><\/div>\r\n<\/div>\n<p>    Sturgeon, a Sk\u00f3ci\u00e1ban korm\u00e1nyz\u00f3, f\u00fcggetlens\u00e9gre t\u00f6rekv\u0151 Sk\u00f3t Nemzeti P\u00e1rt (SNP) vezet\u0151je a BBC telev\u00edzi\u00f3 h\u00e9tf\u0151 esti v\u00e1laszt\u00e1si interj\u00fam\u0171sor\u00e1ban kijelentette: t\u00e1mogatn\u00e1, hogy az Egyes\u00fclt Kir\u00e1lys\u00e1gban ism\u00e9t n\u00e9pszavaz\u00e1st tartsanak az EU-tags\u00e1gr\u00f3l, de nincs garancia arra, hogy ez megoldan\u00e1 Sk\u00f3cia probl\u00e9m\u00e1j\u00e1t, hiszen nem lehet kiz\u00e1rni, hogy pontosan ugyanolyan eredm\u00e9ny sz\u00fcletik, mint 2016-ban.<br \/>\n    A brit EU-tags\u00e1gr\u00f3l 2016 j\u00fanius\u00e1ban rendezett n\u00e9pszavaz\u00e1son orsz\u00e1gos \u00e1tlagban a r\u00e9sztvev\u0151k sz\u0171k, 51,89 sz\u00e1zal\u00e9kos t\u00f6bbs\u00e9ge a kil\u00e9p\u00e9sre, a sk\u00f3tok 62 sz\u00e1zal\u00e9ka viszont a bennmarad\u00e1sra voksolt, \u00e9s Nicola Sturgeon az\u00f3ta t\u00f6bbsz\u00f6r is kil\u00e1t\u00e1sba helyezte, hogy Sk\u00f3ci\u00e1ban \u00fajabb n\u00e9pszavaz\u00e1st tartanak a f\u00fcggetlens\u00e9gr\u0151l.<br \/>\n    A sk\u00f3t korm\u00e1nyf\u0151 visszat\u00e9r\u0151 \u00e9rvel\u00e9se szerint Sk\u00f3cia nem engedheti meg, hogy egy\u00e9rtelm\u0171en kinyilv\u00e1n\u00edtott bennmarad\u00e1si sz\u00e1nd\u00e9ka ellen\u00e9re &#8222;kir\u00e1ngass\u00e1k&#8221; az EU-b\u00f3l.<br \/>\n    A h\u00e9tf\u0151 esti BBC-m\u0171sorban Nicola Sturgeon kijelentette: ha az Egyes\u00fclt Kir\u00e1lys\u00e1g a Boris Johnson vezette konzervat\u00edv p\u00e1rti brit korm\u00e1ny akarat\u00e1nak megfelel\u0151en val\u00f3ban kil\u00e9p az EU-b\u00f3l, \u00e9s &#8222;viszi mag\u00e1val&#8221; Sk\u00f3ci\u00e1t is, akkor Sk\u00f3cia megkeresn\u00e9 az Eur\u00f3pai Uni\u00f3ba visszavezet\u0151 utat.<br \/>\n<script async src=\"\/\/pagead2.googlesyndication.com\/pagead\/js\/adsbygoogle.js\"><\/script><br \/>\n<!-- 640x400 --><br \/>\n<ins class=\"adsbygoogle\"\n     style=\"display:inline-block;width:640px;height:400px\"\n     data-ad-client=\"ca-pub-1959107119989764\"\n     data-ad-slot=\"6491857550\"><\/ins><br \/>\n<script>\n(adsbygoogle = window.adsbygoogle || []).push({});\n<\/script><br \/>\n    Arra a k\u00e9rd\u00e9sre, hogy ha Sk\u00f3ci\u00e1nak a brit EU-tags\u00e1g megsz\u0171n\u00e9se (Brexit) ut\u00e1n siker\u00fclne kiv\u00edvnia f\u00fcggetlens\u00e9g\u00e9t, mennyi id\u0151 alatt l\u00e9phetne vissza \u00f6n\u00e1ll\u00f3 orsz\u00e1gk\u00e9nt az EU-ba, Nicola Sturgeon azt mondta: nem szeretne pontos menetrendet felv\u00e1zolni, de a k\u00fcl\u00f6nb\u00f6z\u0151 EU-t\u00e9nyez\u0151kkel tartott eddigi t\u00e1rgyal\u00e1saib\u00f3l azt a k\u00f6vetkeztet\u00e9st vonta le, hogy ez &#8222;viszonylag gyorsan&#8221; megt\u00f6rt\u00e9nhet.<br \/>\n    A sk\u00f3t minisztereln\u00f6k szerint nem elengedhetetlen felt\u00e9tele a visszal\u00e9p\u00e9snek az EU-ba, hogy Sk\u00f3ci\u00e1nak \u00f6n\u00e1ll\u00f3 fizet\u0151eszk\u00f6ze legyen az \u00fajb\u00f3li csatlakoz\u00e1s pillanat\u00e1ban.<br \/>\n    Az SNP-korm\u00e1ny \u00e1ll\u00e1spontja az, hogy Sk\u00f3cia a f\u00fcggetlens\u00e9g elnyer\u00e9se ut\u00e1ni els\u0151 \u00e9vekben m\u00e9g a brit fontot haszn\u00e1ln\u00e1 valutak\u00e9nt, de ezt a tervet komoly b\u00edr\u00e1latok \u00e9rik. Az ellen\u00e9rvek k\u00f6z\u00f6tt szerepel, hogy a font tov\u00e1bbi haszn\u00e1lat\u00e1val Sk\u00f3cia egy m\u00e1sik orsz\u00e1g monet\u00e1ris politik\u00e1j\u00e1nak vetn\u00e9 al\u00e1 mag\u00e1t, \u00e9s egy olyan orsz\u00e1g valut\u00e1j\u00e1val pr\u00f3b\u00e1lna bel\u00e9pni az Eur\u00f3pai Uni\u00f3ba, amely \u00e9ppen kil\u00e9pett az EU-b\u00f3l.<br \/>\n    Nicola Sturgeon azonban a h\u00e9tf\u0151 esti BBC-m\u0171sorban kijelentette: a f\u00fcggetlenn\u00e9 v\u00e1l\u00e1s ut\u00e1n Sk\u00f3cia l\u00e9trehozn\u00e1 saj\u00e1t jegybankj\u00e1t \u00e9s az ehhez sz\u00fcks\u00e9ges infrastrukt\u00far\u00e1t, \u00e9s ez is r\u00e9sze lenne az EU-val folytatand\u00f3 csatlakoz\u00e1si t\u00e1rgyal\u00e1soknak. Az viszont nem felel meg a val\u00f3s\u00e1gnak, hogy Sk\u00f3ci\u00e1nak meg kell teremtenie saj\u00e1t f\u00fcggetlen fizet\u0151eszk\u00f6z\u00e9t, miel\u0151tt \u00f6n\u00e1ll\u00f3an bel\u00e9pne az Eur\u00f3pai Uni\u00f3ba &#8211; tette hozz\u00e1.<br \/>\n    Nicola Sturgeon meghirdetett c\u00e9lja az, hogy a sk\u00f3t v\u00e1laszt\u00f3k m\u00e1r j\u00f6v\u0151re \u00fajabb n\u00e9pszavaz\u00e1son d\u00f6nthessenek Sk\u00f3cia f\u00fcggetlenn\u00e9 v\u00e1l\u00e1s\u00e1r\u00f3l. Boris Johnson konzervat\u00edv p\u00e1rti brit minisztereln\u00f6k azonban t\u00f6bb \u00edzben egy\u00e9rtelm\u0171en jelezte, hogy ha ism\u00e9t \u0151 alak\u00edthat korm\u00e1nyt a december 12-re ki\u00edrt el\u0151rehozott parlamenti v\u00e1laszt\u00e1sok ut\u00e1n, nem fogja enged\u00e9lyezni az \u00fajabb sk\u00f3t f\u00fcggetlens\u00e9gi referendumot.<br \/>\n    A sk\u00f3ciai n\u00e9pszavaz\u00e1st &#8211; legal\u00e1bbis r\u00f6vid t\u00e1von &#8211; Jeremy Corbyn, a legnagyobb brit ellenz\u00e9ki er\u0151, a Munk\u00e1sp\u00e1rt vezet\u0151je is ellenzi, \u00e9s Jo Swinson, a harmadik legnagyobb orsz\u00e1gos parlamenti p\u00e1rt, a Liber\u00e1lis Demokrat\u00e1k vezet\u0151je sem t\u00e1mogatja.<br \/>\n    A sk\u00f3t f\u00fcggetlens\u00e9gr\u0151l 2014 szeptember\u00e9ben m\u00e1r tartottak egy n\u00e9pszavaz\u00e1st, de akkor az elszakad\u00e1st ellenz\u0151k gy\u0151ztek 55 sz\u00e1zal\u00e9kos t\u00f6bbs\u00e9ggel.(MTI)<br \/>\n<div class=\"ads-in-post2\"><script async src=\"https:\/\/pagead2.googlesyndication.com\/pagead\/js\/adsbygoogle.js\"><\/script>\r\n<ins class=\"adsbygoogle\"\r\n     style=\"display:block\"\r\n     data-ad-format=\"fluid\"\r\n     data-ad-layout-key=\"-6t+ed+2i-1n-4w\"\r\n     data-ad-client=\"ca-pub-1959107119989764\"\r\n     data-ad-slot=\"4008251320\"><\/ins>\r\n<script>\r\n     (adsbygoogle = window.adsbygoogle || []).push({});\r\n<\/script><\/div>\n","protected":false},"excerpt":{"rendered":"<p>Nicola Sturgeon sk\u00f3t minisztereln\u00f6k szerint ha Sk\u00f3cia f\u00fcggetlenn\u00e9 v\u00e1lik, megpr\u00f3b\u00e1l \u00f6n\u00e1ll\u00f3 tagorsz\u00e1gk\u00e9nt \u00fajb\u00f3l bel\u00e9pni az Eur\u00f3pai Uni\u00f3ba (EU).<\/p>\n","protected":false},"author":1,"featured_media":0,"comment_status":"closed","ping_status":"open","sticky":false,"template":"","format":"standard","meta":[],"categories":[12,246],"tags":[],"_links":{"self":[{"href":"https:\/\/gazdasagportal.hu\/index.php\/wp-json\/wp\/v2\/posts\/121646"}],"collection":[{"href":"https:\/\/gazdasagportal.hu\/index.php\/wp-json\/wp\/v2\/posts"}],"about":[{"href":"https:\/\/gazdasagportal.hu\/index.php\/wp-json\/wp\/v2\/types\/post"}],"author":[{"embeddable":true,"href":"https:\/\/gazdasagportal.hu\/index.php\/wp-json\/wp\/v2\/users\/1"}],"replies":[{"embeddable":true,"href":"https:\/\/gazdasagportal.hu\/index.php\/wp-json\/wp\/v2\/comments?post=121646"}],"version-history":[{"count":1,"href":"https:\/\/gazdasagportal.hu\/index.php\/wp-json\/wp\/v2\/posts\/121646\/revisions"}],"predecessor-version":[{"id":121647,"href":"https:\/\/gazdasagportal.hu\/index.php\/wp-json\/wp\/v2\/posts\/121646\/revisions\/121647"}],"wp:attachment":[{"href":"https:\/\/gazdasagportal.hu\/index.php\/wp-json\/wp\/v2\/media?parent=121646"}],"wp:term":[{"taxonomy":"category","embeddable":true,"href":"https:\/\/gazdasagportal.hu\/index.php\/wp-json\/wp\/v2\/categories?post=121646"},{"taxonomy":"post_tag","embeddable":true,"href":"https:\/\/gazdasagportal.hu\/index.php\/wp-json\/wp\/v2\/tags?post=121646"}],"curies":[{"name":"wp","href":"https:\/\/api.w.org\/{rel}","templated":true}]}}