{"id":121642,"date":"2019-11-26T09:32:06","date_gmt":"2019-11-26T08:32:06","guid":{"rendered":"http:\/\/gazdasagportal.hu\/?p=121642"},"modified":"2019-11-26T09:32:06","modified_gmt":"2019-11-26T08:32:06","slug":"tozsde-vegyes-kezdes-europaban-55","status":"publish","type":"post","link":"https:\/\/gazdasagportal.hu\/index.php\/tozsde-vegyes-kezdes-europaban-55\/","title":{"rendered":"T\u0151zsde &#8211; Vegyes kezd\u00e9s Eur\u00f3p\u00e1ban"},"content":{"rendered":"<p><strong>Vegyes indexekkel indult a keresked\u00e9s kedden a f\u0151bb eur\u00f3pai \u00e9rt\u00e9kpap\u00edrpiacokon.<\/strong><!--more--><\/p>\n<div class=\"ads-in-post1\"><div id=\"gazdasagportal.hu_fullbanner_wideboard\"><\/div>\r\n<\/div>\n<p>    A p\u00e1neur\u00f3pai FTSE EuroFirst 300 index 0,08 sz\u00e1zal\u00e9kkal, az eur\u00f3\u00f6vezeti EuroStoxx50 index 0,04 sz\u00e1zal\u00e9kkal cs\u00f6kkent a keresked\u00e9s kezdet\u00e9n.<br \/>\n    Londonban 0,11 sz\u00e1zal\u00e9kkal nyitott magasabban az FTSE-100 index, a frankfurti DAX 0,08 sz\u00e1zal\u00e9kkal emelkedett, a CAC-40 viszont P\u00e1rizsban 0,01 sz\u00e1zal\u00e9kkal cs\u00f6kkent nyit\u00e1skor. Madridban 0,08 sz\u00e1zal\u00e9kkal cs\u00f6kkent, Mil\u00e1n\u00f3ban 0,08 sz\u00e1zal\u00e9kkal emelkedett a t\u0151zsdeindex a keddi nyit\u00e1skor.(MTI)<br \/>\n<div class=\"ads-in-post2\"><script async src=\"https:\/\/pagead2.googlesyndication.com\/pagead\/js\/adsbygoogle.js\"><\/script>\r\n<ins class=\"adsbygoogle\"\r\n     style=\"display:block\"\r\n     data-ad-format=\"fluid\"\r\n     data-ad-layout-key=\"-6t+ed+2i-1n-4w\"\r\n     data-ad-client=\"ca-pub-1959107119989764\"\r\n     data-ad-slot=\"4008251320\"><\/ins>\r\n<script>\r\n     (adsbygoogle = window.adsbygoogle || []).push({});\r\n<\/script><\/div>\n<script async src=\"\/\/pagead2.googlesyndication.com\/pagead\/js\/adsbygoogle.js\"><\/script><br \/>\n<!-- 640x400 --><br \/>\n<ins class=\"adsbygoogle\"\n     style=\"display:inline-block;width:640px;height:400px\"\n     data-ad-client=\"ca-pub-1959107119989764\"\n     data-ad-slot=\"6491857550\"><\/ins><br \/>\n<script>\n(adsbygoogle = window.adsbygoogle || []).push({});\n<\/script><\/p>\n","protected":false},"excerpt":{"rendered":"<p>Vegyes indexekkel indult a keresked\u00e9s kedden a f\u0151bb eur\u00f3pai \u00e9rt\u00e9kpap\u00edrpiacokon.<\/p>\n","protected":false},"author":1,"featured_media":0,"comment_status":"closed","ping_status":"open","sticky":false,"template":"","format":"standard","meta":[],"categories":[8],"tags":[],"_links":{"self":[{"href":"https:\/\/gazdasagportal.hu\/index.php\/wp-json\/wp\/v2\/posts\/121642"}],"collection":[{"href":"https:\/\/gazdasagportal.hu\/index.php\/wp-json\/wp\/v2\/posts"}],"about":[{"href":"https:\/\/gazdasagportal.hu\/index.php\/wp-json\/wp\/v2\/types\/post"}],"author":[{"embeddable":true,"href":"https:\/\/gazdasagportal.hu\/index.php\/wp-json\/wp\/v2\/users\/1"}],"replies":[{"embeddable":true,"href":"https:\/\/gazdasagportal.hu\/index.php\/wp-json\/wp\/v2\/comments?post=121642"}],"version-history":[{"count":1,"href":"https:\/\/gazdasagportal.hu\/index.php\/wp-json\/wp\/v2\/posts\/121642\/revisions"}],"predecessor-version":[{"id":121643,"href":"https:\/\/gazdasagportal.hu\/index.php\/wp-json\/wp\/v2\/posts\/121642\/revisions\/121643"}],"wp:attachment":[{"href":"https:\/\/gazdasagportal.hu\/index.php\/wp-json\/wp\/v2\/media?parent=121642"}],"wp:term":[{"taxonomy":"category","embeddable":true,"href":"https:\/\/gazdasagportal.hu\/index.php\/wp-json\/wp\/v2\/categories?post=121642"},{"taxonomy":"post_tag","embeddable":true,"href":"https:\/\/gazdasagportal.hu\/index.php\/wp-json\/wp\/v2\/tags?post=121642"}],"curies":[{"name":"wp","href":"https:\/\/api.w.org\/{rel}","templated":true}]}}