{"id":121613,"date":"2019-11-25T20:18:57","date_gmt":"2019-11-25T19:18:57","guid":{"rendered":"http:\/\/gazdasagportal.hu\/?p=121613"},"modified":"2019-11-25T18:28:04","modified_gmt":"2019-11-25T17:28:04","slug":"harom-evre-biztositott-a-sportujsagiro-dijak-penzjutalma","status":"publish","type":"post","link":"https:\/\/gazdasagportal.hu\/index.php\/harom-evre-biztositott-a-sportujsagiro-dijak-penzjutalma\/","title":{"rendered":"H\u00e1rom \u00e9vre biztos\u00edtott a sport\u00fajs\u00e1g\u00edr\u00f3-d\u00edjak p\u00e9nzjutalma"},"content":{"rendered":"<p><strong>A magyar sport- \u00e9s kult\u00fart\u00f6rt\u00e9net egyik cs\u00facsteljes\u00edtm\u00e9nye volt az 1953-ban Anglia ellen aratott 6:3-as futball gy\u0151zelm\u00fcnk. Az esem\u00e9nyt a nemzetk\u00f6zi sportszakma \u00e9s sajt\u00f3 is az \u00c9vsz\u00e1zad M\u00e9rk\u0151z\u00e9sek\u00e9nt tartja sz\u00e1mon. A nap megism\u00e9telhetetlen \u00e9lm\u00e9ny\u00e9t magyarok milli\u00f3ihoz juttatta el Szepesi Gy\u00f6rgy szint\u00e9n feledhetetlen sportk\u00f6zvet\u00edt\u00e9se. A londoni meccs \u00e9vfordul\u00f3j\u00e1n, november 25-\u00e9n, tisztelegve a kiv\u00e1l\u00f3 el\u0151d\u00f6k el\u0151tt, jelentik be a Provident P\u00e9nz\u00fcgyi Zrt., a Magyar Sport\u00fajs\u00e1g\u00edr\u00f3k Sz\u00f6vets\u00e9ge \u00e9s a Pusk\u00e1s Nemzetk\u00f6zi Futball Alap\u00edtv\u00e1ny \u00faj egy\u00fcttm\u0171k\u00f6d\u00e9s\u00e9t.<\/strong><!--more--><\/p>\n<div class=\"ads-in-post1\"><div id=\"gazdasagportal.hu_fullbanner_wideboard\"><\/div>\r\n<\/div>\n<p>A meg\u00e1llapod\u00e1s \u00e9rtelm\u00e9ben a magyar sport\u00fajs\u00e1g\u00edr\u00f3k szakmai d\u00edjai mell\u00e9 felaj\u00e1nlott p\u00e9nzjutalmak \u00f6sszege emelkedni fog, s azok fedezet\u00e9t h\u00e1rom \u00e9vre a Provident P\u00e9nz\u00fcgyi Zrt. ny\u00fajtja. A legrangosabb sport\u00fajs\u00e1g\u00edr\u00f3i elismer\u00e9s, a Pusk\u00e1s Alap\u00edtv\u00e1ny \u00e1ltal \u00e9vente adom\u00e1nyozott Szepesi-d\u00edj nett\u00f3 p\u00e9nzjutalma egymilli\u00f3 forintra n\u0151 az \u00d6streicher Emil-d\u00edj\u00e9val egy\u00fctt. A k\u00f6vetkez\u0151 \u00e9vekben a Provident P\u00e9nz\u00fcgyi Zrt. biztos\u00edtja az MS\u00daSZ szakmai d\u00edjaival, \u00edgy az \u00c9letm\u0171d\u00edjjal, a Feleki-d\u00edjjal, a Gyulai-d\u00edjjal, a N\u00e9meth Gyula-d\u00edjjal, az \u00faj alap\u00edt\u00e1s\u00fa Farkas J\u00f3zsef-d\u00edjjal \u00e9s a N\u00edv\u00f3d\u00edjakkal j\u00e1r\u00f3 p\u00e9nzjutalmak anyagi h\u00e1tter\u00e9t, egy\u00fattal Provident r\u00e9szt vesz majd a Szombathy Istv\u00e1n-\u00f6szt\u00f6nd\u00edjak finansz\u00edroz\u00e1s\u00e1ban is.<\/p>\n<p>A Magyar Sport\u00fajs\u00e1g\u00edr\u00f3k Sz\u00f6vets\u00e9g\u00e9nek eln\u00f6ks\u00e9ge t\u00f6rekszik arra, hogy az \u00e1ltala kiadott szakmai kit\u00fcntet\u00e9sek rangj\u00e1t, s\u00faly\u00e1t n\u00f6velje, \u00e9s ezt t\u00fckr\u00f6zze az erk\u00f6lcsi elismer\u00e9s mellett j\u00e1r\u00f3 p\u00e9nzjutalom is. A mai napon Szirm\u00e1k Botond, a Provident P\u00e9nz\u00fcgyi Zrt. vez\u00e9rigazgat\u00f3ja \u00e9s Sz\u00f6ll\u0151si Gy\u00f6rgy, az MS\u00daSZ, valamint a Pusk\u00e1s Alap\u00edtv\u00e1ny eln\u00f6ke olyan meg\u00e1llapod\u00e1st \u00edrtak al\u00e1, amely hossz\u00fa t\u00e1von teszi lehet\u0151v\u00e9 a kiv\u00e1l\u00f3 sport\u00fajs\u00e1g\u00edr\u00f3k n\u00f6vekv\u0151 anyagi elismer\u00e9s\u00e9t. A partnerek az eml\u00edtett d\u00edjak \u00e1tad\u00e1s\u00e1ra szervezett alkalmak, valamint az \u00e9venk\u00e9nti Sport\u00fajs\u00e1g\u00edr\u00f3-kongresszusok \u00e9s az \u00c9v Sportol\u00f3ja G\u00e1la kapcs\u00e1n is egy\u00fctt fognak m\u0171k\u00f6dni.<\/p><div id=\"gazda-658792806\" class=\"gazda-tartalomban gazda-entity-placement\"><script async src=\"https:\/\/pagead2.googlesyndication.com\/pagead\/js\/adsbygoogle.js\"><\/script>\r\n<ins class=\"adsbygoogle\"\r\n     style=\"display:block\"\r\n     data-ad-format=\"fluid\"\r\n     data-ad-layout-key=\"-6t+ed+2i-1n-4w\"\r\n     data-ad-client=\"ca-pub-1959107119989764\"\r\n     data-ad-slot=\"4008251320\"><\/ins>\r\n<script>\r\n     (adsbygoogle = window.adsbygoogle || []).push({});\r\n<\/script><\/div>\n<p><strong><br \/>\n<\/strong><br \/>\n<script async src=\"\/\/pagead2.googlesyndication.com\/pagead\/js\/adsbygoogle.js\"><\/script><br \/>\n<!-- 640x400 --><br \/>\n<ins class=\"adsbygoogle\"\n     style=\"display:inline-block;width:640px;height:400px\"\n     data-ad-client=\"ca-pub-1959107119989764\"\n     data-ad-slot=\"6491857550\"><\/ins><br \/>\n<script>\n(adsbygoogle = window.adsbygoogle || []).push({});\n<\/script><br \/>\n<strong>\u00a0<\/strong><\/p>\n<p><strong>Magyar Sport\u00fajs\u00e1g\u00edr\u00f3k Sz\u00f6vets\u00e9ge:<\/strong><\/p>\n<p>A sporttal foglalkoz\u00f3 hazai \u00fajs\u00e1g\u00edr\u00f3k el\u0151sz\u00f6r 1909 tavasz\u00e1n hoztak l\u00e9tre hivatalos, orsz\u00e1gos szervezetet, a Magyar Sport H\u00edrlap\u00edr\u00f3k Szindik\u00e1tus\u00e1t, \u00edgy a ma mintegy nyolcsz\u00e1z tagot sz\u00e1ml\u00e1l\u00f3 szakmai szervezet a vil\u00e1g egyik legr\u00e9gebbi\u00a0hasonl\u00f3 sz\u00f6vets\u00e9gek\u00e9nt innen eredezteti mag\u00e1t \u00e9s az id\u00e9n 110 \u00e9ves jubileum\u00e1t \u00fcnnepelte. A magyar szak\u00edr\u00f3k ott voltak a Nemzetk\u00f6zi Sport\u00fajs\u00e1g\u00edr\u00f3 Sz\u00f6vets\u00e9g (AIPS) 1924-es p\u00e1rizsi megalap\u00edt\u00e1s\u00e1n\u00e1l is, \u00e9s tiszts\u00e9gvisel\u0151i Vadas Gyul\u00e1t\u00f3l Gyulai Istv\u00e1nig k\u00e9s\u0151bb is fontos szerepet j\u00e1tszottak a vil\u00e1gszervezet t\u00f6rt\u00e9net\u00e9ben. Jelenleg dr. Csisztu Zsuzsa, az MS\u00daSZ aleln\u00f6ke tagja az AIPS v\u00e9grehajt\u00f3 bizotts\u00e1g\u00e1nak, Sz\u00f6ll\u0151si Gy\u00f6rgy MS\u00daSZ-eln\u00f6k pedig az AIPS eur\u00f3pai szekci\u00f3j\u00e1nak az aleln\u00f6ke, s k\u00f6z\u00f6s munk\u00e1juk eredm\u00e9nyek\u00e9nt j\u00f6v\u0151re Budapest rendezheti az AIPS 83. kongresszus\u00e1t \u00e9s a Sport M\u00e9diad\u00edjak glob\u00e1lis d\u00edj\u00e1tad\u00f3 \u00fcnneps\u00e9g\u00e9t. Az MS\u00daSZ a 2015-t\u0151l ism\u00e9t t\u00f6bbnapos, \u00e9ves kongresszusai keret\u00e9ben adja \u00e1t szakmai d\u00edjait, amelyek ugyancsak 2015-t\u0151l kiv\u00e9tel n\u00e9lk\u00fcl p\u00e9nzjutalommal is j\u00e1rnak. 2017-t\u0151l a N\u00e9meth Gyula-d\u00edjat is az MS\u00daSZ adja ki, \u00e1tv\u00e9ve az erre a c\u00e9lra l\u00e9trej\u00f6tt alap\u00edtv\u00e1ny kor\u00e1bbi feladat\u00e1t. Az MS\u00daSZ magyar vonatkoz\u00e1s\u00fa sportesem\u00e9nyekr\u0151l t\u00f6rt\u00e9n\u0151 tud\u00f3s\u00edt\u00e1sok seg\u00edt\u00e9s\u00e9re\u00a02015 \u00f3ta m\u0171k\u00f6dteti a Csillag Imre-\u00f6szt\u00f6nd\u00edjprogramot,\u00a0 a neh\u00e9z helyzetbe ker\u00fcl\u0151 koll\u00e9g\u00e1k t\u00e1mogat\u00e1s\u00e1ra a Szombathy Istv\u00e1n-\u00f6szt\u00f6nd\u00edjprogramot, 2018 \u00f3ta pedig sport t\u00e9m\u00e1j\u00fa k\u00f6nyvek, ki\u00e1ll\u00edt\u00e1sok, konferenci\u00e1k t\u00e1mogat\u00e1s\u00e1ra a Nagy B\u00e9la-programot. A sz\u00f6vets\u00e9g 2018-ban k\u00f6lt\u00f6z\u00f6tt jelenlegi sz\u00e9khely\u00e9re, a Testnevel\u00e9si Egyetemre, ahol az eln\u00f6ki irod\u00e1t Vadas Gyul\u00e1r\u00f3l, a f\u0151titk\u00e1ri szob\u00e1t Gyulai Istv\u00e1nr\u00f3l, az eln\u00f6ks\u00e9gi t\u00e1rgyal\u00f3termet pedig Szepesi Gy\u00f6rgyr\u0151l nevezte el.<\/p>\n<p><strong>Pusk\u00e1s Nemzetk\u00f6zi Futball Alap\u00edtv\u00e1ny:<\/strong><\/p>\n<p>Az alap\u00edtv\u00e1nyt a vil\u00e1gh\u00edr\u0171 magyar labdar\u00fag\u00f3, Pusk\u00e1s Ferenc \u00f6zvegye, Pusk\u00e1s Ferencn\u00e9 Hunyadv\u00e1ri Erzs\u00e9bet hozta l\u00e9tre 2015-ben, a kurat\u00f3riumba olyan, a f\u00e9rje eml\u00e9k\u00e9nek \u00e1pol\u00e1s\u00e1ban elk\u00f6telezett, a csal\u00e1d sz\u0171k bar\u00e1ti k\u00f6r\u00e9hez tartoz\u00f3 futballszakembereket, sportdiplomat\u00e1kat k\u00e9rve fel h\u00e1rom kontinensr\u0151l, akik az\u00f3ta is seg\u00edtik a kezdeti t\u00f6rekv\u00e9seket. Az alap\u00edtv\u00e1ny minden \u00e9vben \u00e1tadja a Szepesi- \u00e9s az \u00d6streicher Emil-d\u00edjat egy magyar sport\u00fajs\u00e1g\u00edr\u00f3nak \u00e9s egy m\u00e1r elhunyt labdar\u00fag\u00f3 olyan csal\u00e1dtagj\u00e1nak, aki a nyugodt csal\u00e1di h\u00e1tt\u00e9r megteremt\u00e9s\u00e9vel hozz\u00e1j\u00e1rult az illet\u0151 magyar futballista sikereihez. A k\u00e9t kit\u00fcntet\u00e9s az alap\u00edt\u00f3, Pusk\u00e1s Ferencn\u00e9 sz\u00e1nd\u00e9ka szerint egy-egymilli\u00f3 forintos p\u00e9nzjutalommal j\u00e1r. Az alap\u00edtv\u00e1ny seg\u00edti a Pusk\u00e1s \u00e9letm\u0171v\u00e9t bemutat\u00f3 nagyj\u00e1t\u00e9kfilm el\u0151k\u00e9sz\u00fcleteit \u00e9s minden, a legismertebb magyar embernek m\u00e9lt\u00f3 eml\u00e9ket \u00e1ll\u00edt\u00f3 kezdem\u00e9nyez\u00e9st.<\/p>\n<p><strong>A Provident P\u00e9nz\u00fcgyi Zrt.-r\u0151l: <\/strong><\/p>\n<p>A Provident P\u00e9nz\u00fcgyi Zrt. a londoni \u00e9s vars\u00f3i t\u0151zsd\u00e9n jegyzett International Personal Finance (IPF) nemzetk\u00f6zi p\u00e9nz\u00fcgyi v\u00e1llalatcsoport \u00e9gisze alatt m\u0171k\u00f6dik, Magyarorsz\u00e1gon imm\u00e1r 18 \u00e9ve meghat\u00e1roz\u00f3 szerepl\u0151je a szem\u00e9lyi k\u00f6lcs\u00f6n\u00f6k piac\u00e1nak. Az IPF tizenegy orsz\u00e1gban 2,4 milli\u00f3 \u00fcgyf\u00e9llel rendelkezik, a magyar Provident 3.000 munkav\u00e1llal\u00f3ja r\u00e9v\u00e9n 230.000 \u00fcgyfelet szolg\u00e1l ki. A c\u00e9g els\u0151sorban a kisebb \u00f6sszeg\u0171, r\u00f6vid futamidej\u0171, heti t\u00f6rleszt\u00e9s\u0171 k\u00f6lcs\u00f6neir\u0151l ismert; \u00e1m a hagyom\u00e1nyos, \u00e1tutal\u00e1ssal foly\u00f3s\u00edtott szem\u00e9lyi hitel mell\u00e9 a magyar piacon egyed\u00fcl\u00e1ll\u00f3 m\u00f3don opcion\u00e1lis otthoni kiszolg\u00e1l\u00e1st is k\u00edn\u00e1l \u00fcgyfeleinek. A Provident az elm\u00falt \u00e9vekben \u00f6sszesen 9 alkalommal nyerte el a Kiv\u00e1l\u00f3s\u00e1g az \u00dcgyf\u00e9lkiszolg\u00e1l\u00e1sban d\u00edjat, k\u00e9t alkalommal a Magyarorsz\u00e1g Legjobb Munkahelye c\u00edmben r\u00e9szes\u00fclt. A munkat\u00e1rsak a v\u00e1llalat fenn\u00e1ll\u00e1sa \u00f3ta t\u00f6bb mint 80.000 munka\u00f3r\u00e1ban seg\u00edtettek \u00f6nk\u00e9ntesk\u00e9nt oktat\u00e1si, eg\u00e9szs\u00e9g\u00fcgyi \u00e9s szoci\u00e1lis int\u00e9zm\u00e9nyeket szerte az orsz\u00e1gban.<\/p>\n<p>2014-ben a Provident P\u00e9nz\u00fcgyi Zrt. a Figyel\u0151 hetilappal k\u00f6z\u00f6sen megalap\u00edtotta a Provident T\u00e1rsadalmi Hasznoss\u00e1g D\u00edjat. Az elismer\u00e9s azzal a c\u00e9llal j\u00f6tt l\u00e9tre, hogy tev\u00e9kenys\u00e9g\u00fckkel a t\u00e1rsadalom eg\u00e9sz\u00e9re pozit\u00edv hat\u00e1st gyakorl\u00f3, m\u00e1s v\u00e1llalkoz\u00e1sok sz\u00e1m\u00e1ra p\u00e9ld\u00e1t mutat\u00f3 c\u00e9geket ismerjen el.<br \/>\n<div class=\"ads-in-post2\"><script async src=\"https:\/\/pagead2.googlesyndication.com\/pagead\/js\/adsbygoogle.js\"><\/script>\r\n<ins class=\"adsbygoogle\"\r\n     style=\"display:block\"\r\n     data-ad-format=\"fluid\"\r\n     data-ad-layout-key=\"-6t+ed+2i-1n-4w\"\r\n     data-ad-client=\"ca-pub-1959107119989764\"\r\n     data-ad-slot=\"4008251320\"><\/ins>\r\n<script>\r\n     (adsbygoogle = window.adsbygoogle || []).push({});\r\n<\/script><\/div>\n<p>&nbsp;<\/p>\n","protected":false},"excerpt":{"rendered":"<p>A magyar sport- \u00e9s kult\u00fart\u00f6rt\u00e9net egyik cs\u00facsteljes\u00edtm\u00e9nye volt az 1953-ban Anglia ellen aratott 6:3-as futball gy\u0151zelm\u00fcnk. Az esem\u00e9nyt a nemzetk\u00f6zi sportszakma \u00e9s sajt\u00f3 is az \u00c9vsz\u00e1zad M\u00e9rk\u0151z\u00e9sek\u00e9nt tartja sz\u00e1mon. A nap megism\u00e9telhetetlen \u00e9lm\u00e9ny\u00e9t magyarok milli\u00f3ihoz juttatta el Szepesi Gy\u00f6rgy szint\u00e9n feledhetetlen sportk\u00f6zvet\u00edt\u00e9se. A londoni meccs \u00e9vfordul\u00f3j\u00e1n, november 25-\u00e9n, tisztelegve a kiv\u00e1l\u00f3 el\u0151d\u00f6k el\u0151tt, jelentik be &#8230;<\/p>\n","protected":false},"author":1,"featured_media":0,"comment_status":"closed","ping_status":"open","sticky":false,"template":"","format":"standard","meta":[],"categories":[4,19],"tags":[],"_links":{"self":[{"href":"https:\/\/gazdasagportal.hu\/index.php\/wp-json\/wp\/v2\/posts\/121613"}],"collection":[{"href":"https:\/\/gazdasagportal.hu\/index.php\/wp-json\/wp\/v2\/posts"}],"about":[{"href":"https:\/\/gazdasagportal.hu\/index.php\/wp-json\/wp\/v2\/types\/post"}],"author":[{"embeddable":true,"href":"https:\/\/gazdasagportal.hu\/index.php\/wp-json\/wp\/v2\/users\/1"}],"replies":[{"embeddable":true,"href":"https:\/\/gazdasagportal.hu\/index.php\/wp-json\/wp\/v2\/comments?post=121613"}],"version-history":[{"count":1,"href":"https:\/\/gazdasagportal.hu\/index.php\/wp-json\/wp\/v2\/posts\/121613\/revisions"}],"predecessor-version":[{"id":121614,"href":"https:\/\/gazdasagportal.hu\/index.php\/wp-json\/wp\/v2\/posts\/121613\/revisions\/121614"}],"wp:attachment":[{"href":"https:\/\/gazdasagportal.hu\/index.php\/wp-json\/wp\/v2\/media?parent=121613"}],"wp:term":[{"taxonomy":"category","embeddable":true,"href":"https:\/\/gazdasagportal.hu\/index.php\/wp-json\/wp\/v2\/categories?post=121613"},{"taxonomy":"post_tag","embeddable":true,"href":"https:\/\/gazdasagportal.hu\/index.php\/wp-json\/wp\/v2\/tags?post=121613"}],"curies":[{"name":"wp","href":"https:\/\/api.w.org\/{rel}","templated":true}]}}