{"id":121607,"date":"2019-11-25T18:12:26","date_gmt":"2019-11-25T17:12:26","guid":{"rendered":"http:\/\/gazdasagportal.hu\/?p=121607"},"modified":"2019-11-25T17:13:27","modified_gmt":"2019-11-25T16:13:27","slug":"magyarorszagon-is-elerheto-lesz-2020-tol-a-kornyezetbarat-e10-es-uzemanyag","status":"publish","type":"post","link":"https:\/\/gazdasagportal.hu\/index.php\/magyarorszagon-is-elerheto-lesz-2020-tol-a-kornyezetbarat-e10-es-uzemanyag\/","title":{"rendered":"Magyarorsz\u00e1gon is el\u00e9rhet\u0151 lesz 2020-t\u00f3l a k\u00f6rnyezetbar\u00e1t E10-es \u00fczemanyag"},"content":{"rendered":"<p><strong>N\u0151 a biol\u00f3giai eredet\u0171 \u00f6sszetev\u0151k ar\u00e1nya az \u00fczemanyagokban janu\u00e1r 1-j\u00e9t\u0151l, az int\u00e9zked\u00e9ssel Magyarorsz\u00e1g csatlakozik a k\u00f6rnyezetbar\u00e1t E10-es \u00fczemanyagot haszn\u00e1l\u00f3 \u00e1llamokhoz &#8211; mondta Kaderj\u00e1k P\u00e9ter, az Innov\u00e1ci\u00f3s \u00e9s Technol\u00f3giai Miniszt\u00e9rium (ITM) energia\u00fcgyek\u00e9rt \u00e9s kl\u00edmapolitik\u00e1\u00e9rt felel\u0151s \u00e1llamtitk\u00e1ra h\u00e9tf\u0151n Budapesten sajt\u00f3t\u00e1j\u00e9koztat\u00f3n.<\/strong><!--more--><\/p>\n<div class=\"ads-in-post1\"><div id=\"gazdasagportal.hu_fullbanner_wideboard\"><\/div>\r\n<\/div>\n<p>    Az \u00e1llamtitk\u00e1r felid\u00e9zte, hogy a benzinbe \u00e9s a d\u00edzel \u00fczemanyagba keverend\u0151, meg\u00fajul\u00f3 energiaforr\u00e1snak min\u0151s\u00fcl\u0151, biol\u00f3giai eredet\u0171 \u00f6sszetev\u0151k k\u00f6telez\u0151, legkisebb \u00f6sszevont m\u00e9rt\u00e9ke 6,4 sz\u00e1zal\u00e9kr\u00f3l 8,2 sz\u00e1zal\u00e9kra n\u0151. A 95-\u00f6s benzin bioetanol-ar\u00e1nya legal\u00e1bb 6,1 sz\u00e1zal\u00e9k lesz.<br \/>\n    Gr\u00e1d Ott\u00f3, a Magyar \u00c1sv\u00e1nyolaj Sz\u00f6vets\u00e9g f\u0151titk\u00e1ra elmondta, hogy az \u00e1t\u00e1ll\u00e1s m\u00e1r decemberben elkezd\u0151dik. A t\u00f6lt\u0151\u00e1llom\u00e1sokon kicser\u00e9lik a matric\u00e1kat, a 95-\u00f6s benzint E10-es matrica is jelzi az eddigi E5-\u00f6s helyett.<br \/>\n    A magasabb bioetanol-tartalomra val\u00f3 v\u00e1lt\u00e1s t\u00f6bb eur\u00f3pai uni\u00f3s orsz\u00e1gban megt\u00f6rt\u00e9nt, \u00e9s a tapasztalatok szerint nem okozott m\u0171szaki probl\u00e9m\u00e1t &#8211; hangs\u00falyozta a f\u0151titk\u00e1r, hozz\u00e1t\u00e9ve, hogy esetleg r\u00e9gi t\u00edpus\u00fa g\u00e9pkocsikn\u00e1l lehet sz\u00fcks\u00e9g a j\u00e1rm\u0171re vonatkoz\u00f3 el\u0151\u00edr\u00e1sok ellen\u0151rz\u00e9s\u00e9re.<br \/>\n    Kaderj\u00e1k P\u00e9ter kiemelte: az E10-es \u00fczemanyag bevezet\u00e9se cs\u00f6kkenti Magyarorsz\u00e1g energiaf\u00fcgg\u0151s\u00e9g\u00e9t. Emelkedik a motorbenzin itthon el\u0151\u00e1ll\u00edtott biokomponens tartalma, ami cs\u00f6kkenti a k\u0151olajimportot, m\u00e1sr\u00e9szt a gy\u00e1rt\u00e1si folyamat sor\u00e1n keletkez\u0151 biog\u00e1zok hasznos\u00edt\u00e1s\u00e1val cs\u00f6kkenthet\u0151 a f\u00f6ldg\u00e1zbehozatal is.<br \/>\n<script async src=\"\/\/pagead2.googlesyndication.com\/pagead\/js\/adsbygoogle.js\"><\/script><br \/>\n<!-- 640x400 --><br \/>\n<ins class=\"adsbygoogle\"\n     style=\"display:inline-block;width:640px;height:400px\"\n     data-ad-client=\"ca-pub-1959107119989764\"\n     data-ad-slot=\"6491857550\"><\/ins><br \/>\n<script>\n(adsbygoogle = window.adsbygoogle || []).push({});\n<\/script><br \/>\n    A bioetanol mintegy 70 sz\u00e1zal\u00e9kos \u00fcvegh\u00e1zhat\u00e1s\u00fa g\u00e1zkibocs\u00e1t\u00e1s-megtakar\u00edt\u00e1st \u00e9r el a fosszilis motorbenzinhez k\u00e9pest &#8211; mutatott r\u00e1 az \u00e1llamtitk\u00e1r. Kit\u00e9rt arra is, hogy a bioetanol-gy\u00e1rt\u00e1sban jelent\u0151s az innov\u00e1ci\u00f3s potenci\u00e1l, a hazai biofinom\u00edt\u00f3k folyamatosan fejlesztenek.<br \/>\n    Az \u00e1t\u00e1ll\u00e1s lehet\u0151s\u00e9get teremt arra, hogy Magyarorsz\u00e1g \u00e9ljen a f\u00f6ldrajzi adotts\u00e1gaib\u00f3l ad\u00f3d\u00f3 versenyel\u0151nnyel, az itthon megtermelt takarm\u00e1nykukorica alapanyagb\u00f3l, az itthon el\u0151\u00e1ll\u00edtott bioetanollal val\u00f3s\u00edtsa meg a hazai piacon az E10 bevezet\u00e9s\u00e9t &#8211; hangs\u00falyozta Kaderj\u00e1k P\u00e9ter. Felh\u00edvta a figyelmet arra is, hogy mindez komoly piaci el\u0151nyt jelent a hazai agr\u00e1riumnak, illetve a magyar gazd\u00e1knak.<br \/>\n    Az \u00e1sv\u00e1nyolaj sz\u00f6vets\u00e9g f\u0151titk\u00e1ra jelezte, a benzinkutakon tov\u00e1bbra is el\u00e9rhet\u0151ek lesznek az E5-\u00f6s, teh\u00e1t az alacsonyobb bio\u00fczemanyag r\u00e9szar\u00e1ny\u00fa, magasabb okt\u00e1nsz\u00e1m\u00fa pr\u00e9mium motorbenzinek, amelyekre a jogszab\u00e1ly nem vonatkozik.<br \/>\n    Gr\u00e1d Ott\u00f3 k\u00f6z\u00f6lte azt is, hogy az E10-es benzin haszn\u00e1lat\u00e1val a j\u00e1rm\u0171vek fogyaszt\u00e1s\u00e1ban nem lehet majd v\u00e1ltoz\u00e1st \u00e9rezni.<br \/>\n    Kaderj\u00e1k P\u00e9ter k\u00e9rd\u00e9sre v\u00e1laszolva elmondta: a t\u00e1rca figyelemmel fogja k\u00eds\u00e9rni az \u00e1rak alakul\u00e1s\u00e1t.(MTI)<br \/>\n<div class=\"ads-in-post2\"><script async src=\"https:\/\/pagead2.googlesyndication.com\/pagead\/js\/adsbygoogle.js\"><\/script>\r\n<ins class=\"adsbygoogle\"\r\n     style=\"display:block\"\r\n     data-ad-format=\"fluid\"\r\n     data-ad-layout-key=\"-6t+ed+2i-1n-4w\"\r\n     data-ad-client=\"ca-pub-1959107119989764\"\r\n     data-ad-slot=\"4008251320\"><\/ins>\r\n<script>\r\n     (adsbygoogle = window.adsbygoogle || []).push({});\r\n<\/script><\/div>\n","protected":false},"excerpt":{"rendered":"<p>N\u0151 a biol\u00f3giai eredet\u0171 \u00f6sszetev\u0151k ar\u00e1nya az \u00fczemanyagokban janu\u00e1r 1-j\u00e9t\u0151l, az int\u00e9zked\u00e9ssel Magyarorsz\u00e1g csatlakozik a k\u00f6rnyezetbar\u00e1t E10-es \u00fczemanyagot haszn\u00e1l\u00f3 \u00e1llamokhoz &#8211; mondta Kaderj\u00e1k P\u00e9ter, az Innov\u00e1ci\u00f3s \u00e9s Technol\u00f3giai Miniszt\u00e9rium (ITM) energia\u00fcgyek\u00e9rt \u00e9s kl\u00edmapolitik\u00e1\u00e9rt felel\u0151s \u00e1llamtitk\u00e1ra h\u00e9tf\u0151n Budapesten sajt\u00f3t\u00e1j\u00e9koztat\u00f3n.<\/p>\n","protected":false},"author":1,"featured_media":0,"comment_status":"closed","ping_status":"open","sticky":false,"template":"","format":"standard","meta":[],"categories":[4,19],"tags":[],"_links":{"self":[{"href":"https:\/\/gazdasagportal.hu\/index.php\/wp-json\/wp\/v2\/posts\/121607"}],"collection":[{"href":"https:\/\/gazdasagportal.hu\/index.php\/wp-json\/wp\/v2\/posts"}],"about":[{"href":"https:\/\/gazdasagportal.hu\/index.php\/wp-json\/wp\/v2\/types\/post"}],"author":[{"embeddable":true,"href":"https:\/\/gazdasagportal.hu\/index.php\/wp-json\/wp\/v2\/users\/1"}],"replies":[{"embeddable":true,"href":"https:\/\/gazdasagportal.hu\/index.php\/wp-json\/wp\/v2\/comments?post=121607"}],"version-history":[{"count":1,"href":"https:\/\/gazdasagportal.hu\/index.php\/wp-json\/wp\/v2\/posts\/121607\/revisions"}],"predecessor-version":[{"id":121608,"href":"https:\/\/gazdasagportal.hu\/index.php\/wp-json\/wp\/v2\/posts\/121607\/revisions\/121608"}],"wp:attachment":[{"href":"https:\/\/gazdasagportal.hu\/index.php\/wp-json\/wp\/v2\/media?parent=121607"}],"wp:term":[{"taxonomy":"category","embeddable":true,"href":"https:\/\/gazdasagportal.hu\/index.php\/wp-json\/wp\/v2\/categories?post=121607"},{"taxonomy":"post_tag","embeddable":true,"href":"https:\/\/gazdasagportal.hu\/index.php\/wp-json\/wp\/v2\/tags?post=121607"}],"curies":[{"name":"wp","href":"https:\/\/api.w.org\/{rel}","templated":true}]}}