{"id":121605,"date":"2019-11-25T17:39:47","date_gmt":"2019-11-25T16:39:47","guid":{"rendered":"http:\/\/gazdasagportal.hu\/?p=121605"},"modified":"2019-11-25T17:11:52","modified_gmt":"2019-11-25T16:11:52","slug":"milliardos-szamlagyar-ugyenek-targyalasa-kezdodott-el-szegeden","status":"publish","type":"post","link":"https:\/\/gazdasagportal.hu\/index.php\/milliardos-szamlagyar-ugyenek-targyalasa-kezdodott-el-szegeden\/","title":{"rendered":"Milli\u00e1rdos sz\u00e1mlagy\u00e1r \u00fcgy\u00e9nek t\u00e1rgyal\u00e1sa kezd\u0151d\u00f6tt el Szegeden"},"content":{"rendered":"<p><strong>K\u00fclf\u00f6ldr\u0151l sz\u00e1rmaz\u00f3 sz\u00f3ja \u00e9s toj\u00e1s \u00e1fafizet\u00e9s n\u00e9lk\u00fcli \u00e9rt\u00e9kes\u00edt\u00e9s\u00e9hez ny\u00fajtottak seg\u00edts\u00e9get azok a v\u00e1dlottak, akiknek \u00fcgy\u00e9ben h\u00e9tf\u0151n kezd\u0151d\u00f6tt el\u0151k\u00e9sz\u00edt\u0151 \u00fcl\u00e9s a Szegedi T\u00f6rv\u00e9nysz\u00e9ken.<\/strong><!--more--><\/p>\n<div class=\"ads-in-post1\"><div id=\"gazdasagportal.hu_fullbanner_wideboard\"><\/div>\r\n<\/div>\n<p>    A k\u00fcl\u00f6n\u00f6sen jelent\u0151s \u00e9rt\u00e9kre, \u00fczletszer\u0171en, b\u0171nsz\u00f6vets\u00e9gben elk\u00f6vetett k\u00f6lts\u00e9gvet\u00e9si csal\u00e1ssal v\u00e1doltak \u00e1ltal ir\u00e1ny\u00edtott c\u00e9gek 2015-2016-ban nem v\u00e9geztek val\u00f3s gazdas\u00e1gi tev\u00e9kenys\u00e9get, egym\u00e1ssal sz\u00ednlelt \u00fczleti kapcsolatban \u00e1lltak, fikt\u00edv sz\u00e1ml\u00e1k befogad\u00e1s\u00e1val cs\u00f6kkentett\u00e9k a t\u00e1rsas\u00e1gok ad\u00f3fizet\u00e9si k\u00f6telezetts\u00e9g\u00e9t.<br \/>\n    Az egyik \u00e9rintett c\u00e9g cseh \u00e9s horv\u00e1t gazdas\u00e1gi t\u00e1rsas\u00e1gokt\u00f3l v\u00e1s\u00e1rolt sz\u00f3jaolajat \u00e9s sz\u00f3jadar\u00e1t. Annak \u00e9rdek\u00e9ben, hogy a v\u00e1llalkoz\u00e1s \u00e1fafizet\u00e9si k\u00f6telezetts\u00e9g\u00e9t t\u00f6bb sz\u00e1z milli\u00f3 forinttal cs\u00f6kkentse, a beszerz\u00e9seket belf\u00f6ldik\u00e9nt t\u00fcntette fel, \u00e9s ennek igazol\u00e1sul fikt\u00edv k\u00f6lts\u00e9gsz\u00e1ml\u00e1kat haszn\u00e1lt f\u00f6l k\u00f6nyvel\u00e9s\u00e9ben \u00e9s ad\u00f3bevall\u00e1s\u00e1ban. K\u00e9t kft. lengyel gazd\u00e1lkod\u00f3kt\u00f3l v\u00e1s\u00e1rolt toj\u00e1st, a beszerz\u00e9seket azonban magyar c\u00e9geken futtatt\u00e1k kereszt\u00fcl, \u00edgy t\u00f6bb mint sz\u00e1zmilli\u00f3 forint forgalmi ad\u00f3 megfizet\u00e9s\u00e9t elker\u00fclve.<br \/>\n<script async src=\"\/\/pagead2.googlesyndication.com\/pagead\/js\/adsbygoogle.js\"><\/script><br \/>\n<!-- 640x400 --><br \/>\n<ins class=\"adsbygoogle\"\n     style=\"display:inline-block;width:640px;height:400px\"\n     data-ad-client=\"ca-pub-1959107119989764\"\n     data-ad-slot=\"6491857550\"><\/ins><br \/>\n<script>\n(adsbygoogle = window.adsbygoogle || []).push({});\n<\/script><br \/>\n    Az \u00fcgyben m\u00e1s szegedi \u00e9s Szeged k\u00f6rny\u00e9ki v\u00e1llalkoz\u00e1sok is \u00e9rintettek voltak, melyek az elk\u00f6vet\u0151k \u00e1ltal ki\u00e1ll\u00edtott fikt\u00edv sz\u00e1ml\u00e1k felhaszn\u00e1l\u00e1s\u00e1val cs\u00f6kkentett\u00e9k ad\u00f3fizet\u00e9si k\u00f6telezetts\u00e9g\u00fcket.<br \/>\n    A csoport ir\u00e1ny\u00edt\u00f3i mellett &#8211; akik egyike sz\u00f6k\u00e9sben van &#8211; a b\u00edr\u00f3s\u00e1g el\u0151tt \u00e1llnak a megrendel\u00e9sek szervez\u00e9s\u00e9vel, a szerz\u0151d\u00e9sk\u00f6t\u00e9sek lebonyol\u00edt\u00e1s\u00e1val, illetve fikt\u00edv sz\u00e1ml\u00e1k k\u00f6nyvel\u00e9sben, ad\u00f3bevall\u00e1sban t\u00f6rt\u00e9n\u0151 felhaszn\u00e1l\u00e1s\u00e1val foglalkoz\u00f3 v\u00e1dlottak is.<br \/>\n    Az \u00fcgyben \u00f6sszesen mintegy sz\u00e1z ember ellen indult elj\u00e1r\u00e1s. A kisebb s\u00faly\u00fa b\u0171ncselekm\u00e9nyeket elk\u00f6vet\u0151 \u00e9s az okozott k\u00e1rt megt\u00e9r\u00edt\u0151 v\u00e1dlottakat az \u00fcgy\u00e9szs\u00e9g megrov\u00e1sban r\u00e9szes\u00edtette vagy \u00e9lt a v\u00e1dhalaszt\u00e1s lehet\u0151s\u00e9g\u00e9vel.<br \/>\n    A Szegedi T\u00f6rv\u00e9nysz\u00e9k el\u0151tt \u00f6sszesen 36 emberrel szemben emeltek v\u00e1dat. K\u00f6z\u00fcl\u00fck tizennyolcan m\u00e9g a nyomoz\u00e1s sor\u00e1n beismer\u0151 vallom\u00e1st tettek, \u00e9s a b\u00fcntet\u00e9sr\u0151l egyezs\u00e9get k\u00f6t\u00f6ttek az \u00fcgy\u00e9szs\u00e9ggel, melyet a b\u00edr\u00f3s\u00e1g el\u0151tt is fenntartottak. A t\u00f6rv\u00e9nysz\u00e9k el\u0151tt tov\u00e1bbi tizenegy v\u00e1dlott jelezte, hogy beismer\u0151 vallom\u00e1st k\u00edv\u00e1n tenni, \u00e9s lemond a t\u00e1rgyal\u00e1shoz val\u00f3 jog\u00e1r\u00f3l. Eset\u00fckben a K\u00f3bor Jen\u0151 vezette b\u00edr\u00f3i tan\u00e1cs el\u0151rel\u00e1that\u00f3lag december 4-\u00e9n hirdet hat\u00e1rozatot.(MTI)<br \/>\n<div class=\"ads-in-post2\"><script async src=\"https:\/\/pagead2.googlesyndication.com\/pagead\/js\/adsbygoogle.js\"><\/script>\r\n<ins class=\"adsbygoogle\"\r\n     style=\"display:block\"\r\n     data-ad-format=\"fluid\"\r\n     data-ad-layout-key=\"-6t+ed+2i-1n-4w\"\r\n     data-ad-client=\"ca-pub-1959107119989764\"\r\n     data-ad-slot=\"4008251320\"><\/ins>\r\n<script>\r\n     (adsbygoogle = window.adsbygoogle || []).push({});\r\n<\/script><\/div>\n","protected":false},"excerpt":{"rendered":"<p>K\u00fclf\u00f6ldr\u0151l sz\u00e1rmaz\u00f3 sz\u00f3ja \u00e9s toj\u00e1s \u00e1fafizet\u00e9s n\u00e9lk\u00fcli \u00e9rt\u00e9kes\u00edt\u00e9s\u00e9hez ny\u00fajtottak seg\u00edts\u00e9get azok a v\u00e1dlottak, akiknek \u00fcgy\u00e9ben h\u00e9tf\u0151n kezd\u0151d\u00f6tt el\u0151k\u00e9sz\u00edt\u0151 \u00fcl\u00e9s a Szegedi T\u00f6rv\u00e9nysz\u00e9ken.<\/p>\n","protected":false},"author":1,"featured_media":0,"comment_status":"closed","ping_status":"open","sticky":false,"template":"","format":"standard","meta":[],"categories":[19],"tags":[],"_links":{"self":[{"href":"https:\/\/gazdasagportal.hu\/index.php\/wp-json\/wp\/v2\/posts\/121605"}],"collection":[{"href":"https:\/\/gazdasagportal.hu\/index.php\/wp-json\/wp\/v2\/posts"}],"about":[{"href":"https:\/\/gazdasagportal.hu\/index.php\/wp-json\/wp\/v2\/types\/post"}],"author":[{"embeddable":true,"href":"https:\/\/gazdasagportal.hu\/index.php\/wp-json\/wp\/v2\/users\/1"}],"replies":[{"embeddable":true,"href":"https:\/\/gazdasagportal.hu\/index.php\/wp-json\/wp\/v2\/comments?post=121605"}],"version-history":[{"count":1,"href":"https:\/\/gazdasagportal.hu\/index.php\/wp-json\/wp\/v2\/posts\/121605\/revisions"}],"predecessor-version":[{"id":121606,"href":"https:\/\/gazdasagportal.hu\/index.php\/wp-json\/wp\/v2\/posts\/121605\/revisions\/121606"}],"wp:attachment":[{"href":"https:\/\/gazdasagportal.hu\/index.php\/wp-json\/wp\/v2\/media?parent=121605"}],"wp:term":[{"taxonomy":"category","embeddable":true,"href":"https:\/\/gazdasagportal.hu\/index.php\/wp-json\/wp\/v2\/categories?post=121605"},{"taxonomy":"post_tag","embeddable":true,"href":"https:\/\/gazdasagportal.hu\/index.php\/wp-json\/wp\/v2\/tags?post=121605"}],"curies":[{"name":"wp","href":"https:\/\/api.w.org\/{rel}","templated":true}]}}