{"id":121603,"date":"2019-11-25T17:08:53","date_gmt":"2019-11-25T16:08:53","guid":{"rendered":"http:\/\/gazdasagportal.hu\/?p=121603"},"modified":"2019-11-25T17:08:53","modified_gmt":"2019-11-25T16:08:53","slug":"europol-osszehangolt-rendori-akcioval-rajtautottek-az-iszlam-allam-propagandagepezeten","status":"publish","type":"post","link":"https:\/\/gazdasagportal.hu\/index.php\/europol-osszehangolt-rendori-akcioval-rajtautottek-az-iszlam-allam-propagandagepezeten\/","title":{"rendered":"Europol: \u00f6sszehangolt rend\u0151ri akci\u00f3val rajta\u00fct\u00f6ttek az Iszl\u00e1m \u00c1llam propagandag\u00e9pezet\u00e9n"},"content":{"rendered":"<p><strong>Tucatnyi eur\u00f3pai uni\u00f3s tagorsz\u00e1g hat\u00f3s\u00e1gai \u00f6sszehangolt akci\u00f3ban rajta\u00fct\u00f6ttek az Iszl\u00e1m \u00c1llam nev\u0171 terrorcsoport internetes propagandag\u00e9pezet\u00e9n &#8211; jelentette be h\u00e9tf\u0151n az Europol.<\/strong><!--more--><\/p>\n<div class=\"ads-in-post1\"><div id=\"gazdasagportal.hu_fullbanner_wideboard\"><\/div>\r\n<\/div>\n<p>    Az eur\u00f3pai rend\u0151rs\u00e9gi egy\u00fcttm\u0171k\u00f6d\u00e9si szervezet arr\u00f3l sz\u00e1molt be, hogy a tizenk\u00e9t orsz\u00e1g, illetve kilenc online platform, k\u00f6zt\u00fck a Google, a Twitter, az Instagram \u00e9s a Telegram r\u00e9szv\u00e9tel\u00e9vel zajl\u00f3, m\u00e9g el\u0151z\u0151 h\u00e9ten v\u00e9grehajtott m\u0171velet sor\u00e1n mintegy 26 ezer felhaszn\u00e1l\u00f3i fi\u00f3kot \u00e9s honlapot t\u00f6r\u00f6ltek a vil\u00e1gh\u00e1l\u00f3r\u00f3l.<br \/>\n    Az egyik f\u0151 c\u00e9lpont az Iszl\u00e1m \u00c1llam &#8222;hivatalos sz\u00f3cs\u00f6ve&#8221;, az Aam\u00e1k h\u00edr\u00fcgyn\u00f6ks\u00e9g volt.<br \/>\n    Eric Van Der Sypt, a belga sz\u00f6vets\u00e9gi \u00fcgy\u00e9szs\u00e9g sz\u00f3viv\u0151je k\u00f6z\u00f6lte, hogy ezzel jelent\u0151s sebet ejtettek a dzsihadist\u00e1k propagandag\u00e9pezet\u00e9n, \u00e9s nagy er\u0151fesz\u00edt\u00e9sekre lesz sz\u00fcks\u00e9g a kiiktatott kommunik\u00e1ci\u00f3s csatorn\u00e1k p\u00f3tl\u00e1s\u00e1ra.<br \/>\n<script async src=\"\/\/pagead2.googlesyndication.com\/pagead\/js\/adsbygoogle.js\"><\/script><br \/>\n<!-- 640x400 --><br \/>\n<ins class=\"adsbygoogle\"\n     style=\"display:inline-block;width:640px;height:400px\"\n     data-ad-client=\"ca-pub-1959107119989764\"\n     data-ad-slot=\"6491857550\"><\/ins><br \/>\n<script>\n(adsbygoogle = window.adsbygoogle || []).push({});\n<\/script><br \/>\n    &#8222;Az Iszl\u00e1m \u00c1llam nem csup\u00e1n a harct\u00e9ren van jelen. Ezen csatorn\u00e1kon kereszt\u00fcl nagysz\u00e1m\u00fa embert siker\u00fclt radikaliz\u00e1lniuk \u00e9s toborozniuk k\u00fclf\u00f6ld\u00f6n, Eur\u00f3p\u00e1ban is&#8221; &#8211; hangs\u00falyozta.<br \/>\n    Az \u00fcgyn\u00f6ks\u00e9g t\u00e1j\u00e9koztat\u00e1sa szerint a vizsg\u00e1lt tartalmak, p\u00e9ld\u00e1ul k\u00e9pek \u00e9s vide\u00f3k k\u00f6z\u00fcl a legs\u00falyosabbak legt\u00f6bbje a Telegramon voltak megtal\u00e1lhat\u00f3.<br \/>\n    Tavaly szint\u00e9n belga vezet\u00e9ssel hasonl\u00f3 akci\u00f3t hajtottak v\u00e9gre, a terrorszervezetnek azonban akkor viszonylag hamar siker\u00fclt \u00fajra fel\u00e9p\u00edtenie online jelenl\u00e9t\u00e9t.(MTI)<br \/>\n<div class=\"ads-in-post2\"><script async src=\"https:\/\/pagead2.googlesyndication.com\/pagead\/js\/adsbygoogle.js\"><\/script>\r\n<ins class=\"adsbygoogle\"\r\n     style=\"display:block\"\r\n     data-ad-format=\"fluid\"\r\n     data-ad-layout-key=\"-6t+ed+2i-1n-4w\"\r\n     data-ad-client=\"ca-pub-1959107119989764\"\r\n     data-ad-slot=\"4008251320\"><\/ins>\r\n<script>\r\n     (adsbygoogle = window.adsbygoogle || []).push({});\r\n<\/script><\/div>\n","protected":false},"excerpt":{"rendered":"<p>Tucatnyi eur\u00f3pai uni\u00f3s tagorsz\u00e1g hat\u00f3s\u00e1gai \u00f6sszehangolt akci\u00f3ban rajta\u00fct\u00f6ttek az Iszl\u00e1m \u00c1llam nev\u0171 terrorcsoport internetes propagandag\u00e9pezet\u00e9n &#8211; jelentette be h\u00e9tf\u0151n az Europol.<\/p>\n","protected":false},"author":1,"featured_media":0,"comment_status":"closed","ping_status":"open","sticky":false,"template":"","format":"standard","meta":[],"categories":[12],"tags":[],"_links":{"self":[{"href":"https:\/\/gazdasagportal.hu\/index.php\/wp-json\/wp\/v2\/posts\/121603"}],"collection":[{"href":"https:\/\/gazdasagportal.hu\/index.php\/wp-json\/wp\/v2\/posts"}],"about":[{"href":"https:\/\/gazdasagportal.hu\/index.php\/wp-json\/wp\/v2\/types\/post"}],"author":[{"embeddable":true,"href":"https:\/\/gazdasagportal.hu\/index.php\/wp-json\/wp\/v2\/users\/1"}],"replies":[{"embeddable":true,"href":"https:\/\/gazdasagportal.hu\/index.php\/wp-json\/wp\/v2\/comments?post=121603"}],"version-history":[{"count":1,"href":"https:\/\/gazdasagportal.hu\/index.php\/wp-json\/wp\/v2\/posts\/121603\/revisions"}],"predecessor-version":[{"id":121604,"href":"https:\/\/gazdasagportal.hu\/index.php\/wp-json\/wp\/v2\/posts\/121603\/revisions\/121604"}],"wp:attachment":[{"href":"https:\/\/gazdasagportal.hu\/index.php\/wp-json\/wp\/v2\/media?parent=121603"}],"wp:term":[{"taxonomy":"category","embeddable":true,"href":"https:\/\/gazdasagportal.hu\/index.php\/wp-json\/wp\/v2\/categories?post=121603"},{"taxonomy":"post_tag","embeddable":true,"href":"https:\/\/gazdasagportal.hu\/index.php\/wp-json\/wp\/v2\/tags?post=121603"}],"curies":[{"name":"wp","href":"https:\/\/api.w.org\/{rel}","templated":true}]}}