{"id":121590,"date":"2019-11-25T13:47:19","date_gmt":"2019-11-25T12:47:19","guid":{"rendered":"http:\/\/gazdasagportal.hu\/?p=121590"},"modified":"2019-11-25T13:47:19","modified_gmt":"2019-11-25T12:47:19","slug":"london-nem-hosszabbitja-meg-az-uber-szolgaltatasi-engedelyet","status":"publish","type":"post","link":"https:\/\/gazdasagportal.hu\/index.php\/london-nem-hosszabbitja-meg-az-uber-szolgaltatasi-engedelyet\/","title":{"rendered":"London nem hosszabb\u00edtja meg az Uber szolg\u00e1ltat\u00e1si enged\u00e9ly\u00e9t"},"content":{"rendered":"<p><strong>Nem hosszabb\u00edtotta meg az illet\u00e9kes londoni k\u00f6zleked\u00e9si hat\u00f3s\u00e1g az Uber h\u00e9tf\u0151n lej\u00e1rt taxiszolg\u00e1ltat\u00e1si enged\u00e9ly\u00e9t.<\/strong><!--more--><\/p>\n<div class=\"ads-in-post1\"><div id=\"gazdasagportal.hu_fullbanner_wideboard\"><\/div>\r\n<\/div>\n<p>    A londoni t\u00f6megk\u00f6zleked\u00e9st ir\u00e1ny\u00edt\u00f3 v\u00e1rosh\u00e1zi szervezet, a Transport for London (TfL) h\u00e9tf\u0151n k\u00f6z\u00f6lte, hogy nem \u00e1ll\u00edt ki az Uber sz\u00e1m\u00e1ra \u00faj szolg\u00e1ltat\u00e1si enged\u00e9lyt, mivel \u00fagy \u00edt\u00e9li meg, hogy a c\u00e9g nem felel meg a londoni taxiszolg\u00e1ltat\u00e1si enged\u00e9lyek birtokosai sz\u00e1m\u00e1ra el\u0151\u00edrt felt\u00e9telrendszernek.<br \/>\n    A v\u00e1llalat 21 napon bel\u00fcl fellebbezhet, \u00e9s annak elb\u00edr\u00e1l\u00e1s\u00e1ig folytathatja londoni m\u0171k\u00f6d\u00e9s\u00e9t.<br \/>\n    A TfL 2017 szeptember\u00e9ben is elutas\u00edtotta az Uber londoni m\u0171k\u00f6d\u00e9si enged\u00e9ly\u00e9nek meg\u00faj\u00edt\u00e1s\u00e1t, akkor is azon a c\u00edmen, hogy a c\u00e9g &#8211; amely 2012 \u00f3ta van jelen Londonban &#8211; nem teljes\u00edtette a felel\u0151ss\u00e9gteljes v\u00e1llalati tev\u00e9kenys\u00e9g krit\u00e9riumait.<br \/>\n    A londoni Westminster ker\u00fclet magisztr\u00e1tusi b\u00edr\u00f3s\u00e1ga azonban a v\u00e1llalat fellebbez\u00e9s\u00e9t elb\u00edr\u00e1lva tavaly ny\u00e1ron \u00fagy d\u00f6nt\u00f6tt, hogy az Uber ism\u00e9t teljes k\u00f6r\u0171 enged\u00e9ly birtok\u00e1ban m\u0171k\u00f6dhet a brit f\u0151v\u00e1rosban.<br \/>\n    Az enged\u00e9ly azonban a c\u00e9g \u00e1ltal k\u00e9rt \u00f6t \u00e9v helyett csak 15 havi pr\u00f3baid\u0151re sz\u00f3lt, azzal a kik\u00f6t\u00e9ssel, hogy ennek lej\u00e1rt\u00e1val a hat\u00f3s\u00e1gok ism\u00e9t megvizsg\u00e1lhatj\u00e1k, hogy az Uber megfelel-e a taxiszolg\u00e1ltat\u00e1si szab\u00e1lyoknak.<br \/>\n    A pr\u00f3baid\u0151s enged\u00e9ly szeptemberben lej\u00e1rt, de akkor a c\u00e9g m\u00e9g kapott k\u00e9t h\u00f3napra sz\u00f3l\u00f3 hosszabb\u00edt\u00e1st.<br \/>\n    A TfL azonban h\u00e9tf\u0151n k\u00f6z\u00f6lte: j\u00f3llehet az Uber a k\u00e9t \u00e9vvel ezel\u0151tti \u00e1llapothoz k\u00e9pest sz\u00e1mos jav\u00edt\u00e1st hajtott v\u00e9gre, tov\u00e1bbra is rengeteg olyan jelens\u00e9g tapasztalhat\u00f3 m\u0171k\u00f6d\u00e9s\u00e9ben, amely k\u00f6zvetlen\u00fcl vesz\u00e9lyezteti az utasok biztons\u00e1g\u00e1t.<br \/>\n<script async src=\"\/\/pagead2.googlesyndication.com\/pagead\/js\/adsbygoogle.js\"><\/script><br \/>\n<!-- 640x400 --><br \/>\n<ins class=\"adsbygoogle\"\n     style=\"display:inline-block;width:640px;height:400px\"\n     data-ad-client=\"ca-pub-1959107119989764\"\n     data-ad-slot=\"6491857550\"><\/ins><br \/>\n<script>\n(adsbygoogle = window.adsbygoogle || []).push({});\n<\/script><br \/>\n    A v\u00e1rosh\u00e1zi k\u00f6zleked\u00e9sszervez\u0151 c\u00e9g a kir\u00edv\u00f3 esetek k\u00f6z\u00f6tt eml\u00edtette, hogy csak 2018 v\u00e9ge \u00e9s 2019 eleje k\u00f6z\u00f6tt, egy k\u00e9th\u00f3napos ellen\u0151rz\u00e9si id\u0151szakban a c\u00e9g 14 ezer esetben v\u00e9gzett utassz\u00e1ll\u00edt\u00e1st olyan sof\u0151r\u00f6kkel, akik csal\u00e1rd m\u00f3don szerzett enged\u00e9llyel &#8211; rendszerint m\u00e1s g\u00e9pkocsivezet\u0151k nyilv\u00e1ntart\u00e1s\u00e1ba felt\u00f6lt\u00f6tt fot\u00f3kkal &#8211; vezettek.<br \/>\n    Sadiq Khan londoni polg\u00e1rmester a TfL d\u00f6nt\u00e9s\u00e9hez f\u0171z\u00f6tt h\u00e9tf\u0151i k\u00f6zlem\u00e9ny\u00e9ben lesz\u00f6gezte: tudja, hogy a v\u00e9gz\u00e9s nem lesz n\u00e9pszer\u0171 az Ubert rendszeresen haszn\u00e1l\u00f3 londoniak k\u00f6r\u00e9ben, de a londoni \u00f6nkorm\u00e1nyzat sz\u00e1m\u00e1ra \u00e9ppen az \u0151 biztons\u00e1guk garant\u00e1l\u00e1sa a legfontosabb d\u00f6nt\u00e9si t\u00e9nyez\u0151.<br \/>\n    Khan szerint az a t\u00e9ny, hogy egy r\u00f6vid ellen\u0151rz\u00e9si id\u0151szakban 14 ezer olyan utassz\u00e1ll\u00edt\u00e1st t\u00e1rtak fel, amelyeket csal\u00f3 sof\u0151r\u00f6k v\u00e9geztek, felveti p\u00e9ld\u00e1ul annak a kock\u00e1zat\u00e1t, hogy ezekben az esetekben az utasok jogos\u00edtv\u00e1ny n\u00e9lk\u00fcli, vagy felf\u00fcggesztett enged\u00e9ly\u0171 g\u00e9pkocsivezet\u0151k aut\u00f3j\u00e1ba \u00fclhettek be.<br \/>\n    A londoni polg\u00e1rmester szerint a TfL az Uber m\u0171k\u00f6d\u00e9s\u00e9ben olyan hi\u00e1nyoss\u00e1gok eg\u00e9sz sor\u00e1t t\u00e1rta fel, amelyek k\u00f6zvetlen\u00fcl vesz\u00e9lyeztett\u00e9k az utasok biztons\u00e1g\u00e1t.<br \/>\n    H\u00e9tf\u0151i k\u00f6zlem\u00e9ny\u00e9ben az Uber &#8222;rendk\u00edv\u00fclinek \u00e9s elhib\u00e1zottnak&#8221; nevezte a londoni m\u0171k\u00f6d\u00e9si enged\u00e9ly meghosszabb\u00edt\u00e1s\u00e1nak elutas\u00edt\u00e1s\u00e1r\u00f3l hozott v\u00e1rosh\u00e1zi d\u00f6nt\u00e9st.<br \/>\n    Jamie Heywood, az Uber \u00e9szak- \u00e9s kelet-eur\u00f3pai region\u00e1lis igazgat\u00f3ja szerint a c\u00e9g az elm\u00falt k\u00e9t h\u00f3napban valamennyi londoni g\u00e9pkocsivezet\u0151j\u00e9nek tev\u00e9kenys\u00e9g\u00e9t hivatalosan \u00e1tvil\u00e1g\u00edttatta \u00e9s egy\u00e9b min\u0151s\u00e9gjav\u00edt\u00f3 int\u00e9zked\u00e9seket is v\u00e9grehajtott.<br \/>\n    Heywood k\u00f6z\u00f6lte, hogy a v\u00e1llalat fellebbez\u00e9st ny\u00fajt be a szolg\u00e1ltat\u00e1si enged\u00e9ly meghosszabb\u00edt\u00e1s\u00e1nak elutas\u00edt\u00e1sa ellen.<br \/>\n    Az Uber Londonon k\u00edv\u00fcl gyakorlatilag az \u00f6sszes t\u00f6bbi brit nagyv\u00e1rosban &#8211; k\u00f6zt\u00fck Manchesterben, Liverpoolban, Birminghamben, Edinburghban \u00e9s Glasgow-ban &#8211; jelen van, de a mostani vita csak londoni m\u0171k\u00f6d\u00e9s\u00e9t \u00e9rinti.<br \/>\n    A c\u00e9gnek 45 ezer sof\u0151rje van Londonban, \u00e9s a kocsirendel\u00e9shez sz\u00fcks\u00e9ges mobiltelefonos alkalmaz\u00e1st csaknem n\u00e9gymilli\u00f3 londoni t\u00f6lt\u00f6tte le.(MTI)<br \/>\n<div class=\"ads-in-post2\"><script async src=\"https:\/\/pagead2.googlesyndication.com\/pagead\/js\/adsbygoogle.js\"><\/script>\r\n<ins class=\"adsbygoogle\"\r\n     style=\"display:block\"\r\n     data-ad-format=\"fluid\"\r\n     data-ad-layout-key=\"-6t+ed+2i-1n-4w\"\r\n     data-ad-client=\"ca-pub-1959107119989764\"\r\n     data-ad-slot=\"4008251320\"><\/ins>\r\n<script>\r\n     (adsbygoogle = window.adsbygoogle || []).push({});\r\n<\/script><\/div>\n","protected":false},"excerpt":{"rendered":"<p>Nem hosszabb\u00edtotta meg az illet\u00e9kes londoni k\u00f6zleked\u00e9si hat\u00f3s\u00e1g az Uber h\u00e9tf\u0151n lej\u00e1rt taxiszolg\u00e1ltat\u00e1si enged\u00e9ly\u00e9t.<\/p>\n","protected":false},"author":1,"featured_media":0,"comment_status":"closed","ping_status":"open","sticky":false,"template":"","format":"standard","meta":[],"categories":[12,246],"tags":[],"_links":{"self":[{"href":"https:\/\/gazdasagportal.hu\/index.php\/wp-json\/wp\/v2\/posts\/121590"}],"collection":[{"href":"https:\/\/gazdasagportal.hu\/index.php\/wp-json\/wp\/v2\/posts"}],"about":[{"href":"https:\/\/gazdasagportal.hu\/index.php\/wp-json\/wp\/v2\/types\/post"}],"author":[{"embeddable":true,"href":"https:\/\/gazdasagportal.hu\/index.php\/wp-json\/wp\/v2\/users\/1"}],"replies":[{"embeddable":true,"href":"https:\/\/gazdasagportal.hu\/index.php\/wp-json\/wp\/v2\/comments?post=121590"}],"version-history":[{"count":1,"href":"https:\/\/gazdasagportal.hu\/index.php\/wp-json\/wp\/v2\/posts\/121590\/revisions"}],"predecessor-version":[{"id":121591,"href":"https:\/\/gazdasagportal.hu\/index.php\/wp-json\/wp\/v2\/posts\/121590\/revisions\/121591"}],"wp:attachment":[{"href":"https:\/\/gazdasagportal.hu\/index.php\/wp-json\/wp\/v2\/media?parent=121590"}],"wp:term":[{"taxonomy":"category","embeddable":true,"href":"https:\/\/gazdasagportal.hu\/index.php\/wp-json\/wp\/v2\/categories?post=121590"},{"taxonomy":"post_tag","embeddable":true,"href":"https:\/\/gazdasagportal.hu\/index.php\/wp-json\/wp\/v2\/tags?post=121590"}],"curies":[{"name":"wp","href":"https:\/\/api.w.org\/{rel}","templated":true}]}}