{"id":121557,"date":"2019-11-25T06:45:33","date_gmt":"2019-11-25T05:45:33","guid":{"rendered":"http:\/\/gazdasagportal.hu\/?p=121557"},"modified":"2019-11-25T06:45:33","modified_gmt":"2019-11-25T05:45:33","slug":"schiff-nem-nyilatkozik-arrol-hogy-a-kepviselohaz-meginditja-e-az-impeachment-eljarast-trump-ellen","status":"publish","type":"post","link":"https:\/\/gazdasagportal.hu\/index.php\/schiff-nem-nyilatkozik-arrol-hogy-a-kepviselohaz-meginditja-e-az-impeachment-eljarast-trump-ellen\/","title":{"rendered":"Schiff nem nyilatkozik arr\u00f3l, hogy a k\u00e9pvisel\u0151h\u00e1z megind\u00edtja-e az impeachment-elj\u00e1r\u00e1st Trump ellen"},"content":{"rendered":"<p><strong>Adam Schiff, a k\u00e9pvisel\u0151h\u00e1z h\u00edrszerz\u00e9si bizotts\u00e1g\u00e1nak demokrata p\u00e1rti vezet\u0151je vas\u00e1rnapi telev\u00edzi\u00f3s interj\u00faj\u00e1ban nem nyilatkozott arr\u00f3l, hogy a k\u00e9pvisel\u0151h\u00e1z megind\u00edtja-e az alkotm\u00e1nyos felment\u00e9st c\u00e9lz\u00f3 elj\u00e1r\u00e1st (impeachment) Donald Trump amerikai eln\u00f6k ellen.<\/strong><!--more--><\/p>\n<div class=\"ads-in-post1\"><div id=\"gazdasagportal.hu_fullbanner_wideboard\"><\/div>\r\n<\/div>\n<p>    Schiff kifejtette: a k\u00f6vetkez\u0151 l\u00e9p\u00e9s az impeachment-elj\u00e1r\u00e1st megel\u0151z\u0151 meghallgat\u00e1sokr\u00f3l k\u00e9sz\u00fcl\u0151 jelent\u00e9s \u00f6ssze\u00e1ll\u00edt\u00e1sa. \u00dagy v\u00e9lte, hogy a m\u00e1r elhangzott tan\u00favallom\u00e1sok elegend\u0151 bizony\u00edt\u00e9kot tartalmaznak ahhoz, hogy az alkotm\u00e1nyos elj\u00e1r\u00e1s keret\u00e9ben felel\u0151ss\u00e9gre vonj\u00e1k az eln\u00f6k\u00f6t. De &#8211; f\u0171zte hozz\u00e1 -, a v\u00e9gleges jelent\u00e9s el\u0151tt konzult\u00e1l m\u00e9g koll\u00e9g\u00e1ival a t\u00f6rv\u00e9nyhoz\u00e1sban \u00e9s v\u00e1laszt\u00f3ival Kaliforni\u00e1ban. &#8222;Lehets\u00e9ges, hogy sz\u00fcks\u00e9g lesz tov\u00e1bbi meghallgat\u00e1sokra, \u00fajabb tan\u00favallom\u00e1sokra&#8221; &#8211; sz\u00f6gezte le.<br \/>\n    A demokrata p\u00e1rti politikus a CNN h\u00edrtelev\u00edzi\u00f3nak adott interj\u00faj\u00e1ban vas\u00e1rnap \u00fagy fogalmazott: &#8222;ez az eln\u00f6k k\u00e9tszer is idegen beavatkoz\u00e1st k\u00edv\u00e1nt a v\u00e1laszt\u00e1si rendszer\u00fcnkbe (&#8230;) akkor, amikor 2016-ban arra buzd\u00edtotta az oroszokat, hogy hackelj\u00e9k Hillary (Clinton, akkori demokrata p\u00e1rti eln\u00f6kjel\u00f6lt) e-mailjeit, \u00e9s k\u00e9s\u0151bb (az oroszok) ezt meg is pr\u00f3b\u00e1lt\u00e1k&#8221;.<br \/>\n    Schiff ezzel Trumpnak a 2016-os eln\u00f6kv\u00e1laszt\u00e1si kamp\u00e1nyban t\u00f6bbsz\u00f6r &#8211; sokak szerint humoriz\u00e1lva &#8211; elhangzott megjegyz\u00e9s\u00e9re utalt, amelyben vet\u00e9lyt\u00e1rsa e-mailjeinek felt\u00f6r\u00e9s\u00e9re b\u00edztatott t\u00f6bbeket, k\u00f6zt\u00fck orosz hackereket is.<br \/>\n    &#8222;Ami Ukrajn\u00e1t illeti, k\u0151kem\u00e9ny bizony\u00edt\u00e9kaink vannak a helytelen viselked\u00e9s\u00e9re&#8221; &#8211; nyilatkozta Schiff, \u00e9s ezzel a jelenlegi k\u00e9pvisel\u0151h\u00e1zi meghallgat\u00e1sok t\u00e1rgy\u00e1t k\u00e9pez\u0151 Ukrajn\u00e1ra, illetve a Trump-adminisztr\u00e1ci\u00f3 v\u00e9lelmezett nyom\u00e1sgyakorl\u00e1s\u00e1ra utalt.<br \/>\n    Schiff hat\u00e1rozottan elh\u00e1r\u00edtotta a v\u00e1laszt arra a k\u00e9rd\u00e9sre, hogy vajon a demokrata t\u00f6bbs\u00e9g\u0171 k\u00e9pvisel\u0151h\u00e1z megind\u00edtja-e az eln\u00f6k ellen az impeachment-elj\u00e1r\u00e1st.<br \/>\n<script async src=\"\/\/pagead2.googlesyndication.com\/pagead\/js\/adsbygoogle.js\"><\/script><br \/>\n<!-- 640x400 --><br \/>\n<ins class=\"adsbygoogle\"\n     style=\"display:inline-block;width:640px;height:400px\"\n     data-ad-client=\"ca-pub-1959107119989764\"\n     data-ad-slot=\"6491857550\"><\/ins><br \/>\n<script>\n(adsbygoogle = window.adsbygoogle || []).push({});\n<\/script><br \/>\n    K\u00f6zben a Fox telev\u00edzi\u00f3ban John Kennedy szen\u00e1tor Nancy Pelosi demokrata p\u00e1rti h\u00e1zeln\u00f6k\u00f6t b\u00edr\u00e1lta, mondv\u00e1n, hogy &#8222;rutinszer\u0171 politikai eszk\u00f6zk\u00e9nt haszn\u00e1lja&#8221; az impeachment-elj\u00e1r\u00e1st, Newt Gigrich, volt republik\u00e1nus h\u00e1zeln\u00f6k pedig szint\u00e9n Pelosit, tov\u00e1bb\u00e1 Adam Schiffet \u00e9s m\u00e1s demokrata p\u00e1rti politikusokat k\u00e1rhoztatott az eg\u00e9sz folyamat\u00e9rt.<br \/>\n    John Kennedy, louisianai szen\u00e1tor &#8211; aki nem rokona John Kennedy volt eln\u00f6knek \u00e9s csal\u00e1dj\u00e1nak &#8211; a Foxnak adott interj\u00faj\u00e1ban \u00fagy fogalmazott: &#8222;Pelosi h\u00e1zeln\u00f6k komolytalanul viselkedik&#8221;. Newt Gingrich, republik\u00e1nus politikus &#8211; aki 1995 \u00e9s 1999 k\u00f6z\u00f6tt volt h\u00e1zeln\u00f6k &#8211; szint\u00e9n a Fox telev\u00edzi\u00f3ban \u00fagy v\u00e9lekedett, hogy az impeachment-elj\u00e1r\u00e1ssal &#8222;Nancy Pelosi \u00e9s Adam Schiff ki\u00e9li a fant\u00e1zi\u00e1j\u00e1t&#8221;. Mint fogalmazott: &#8222;patologikusan sz\u00fcks\u00e9g\u00fck van arra, hogy megpr\u00f3b\u00e1lj\u00e1k t\u00f6nkretenni az eln\u00f6k\u00f6t, m\u00e9g annak \u00e1r\u00e1n is, ha ez a folyamat \u0151ket is megnyomor\u00edtja&#8221;. Szerinte a demokrat\u00e1kat nem \u00e9rdeklik &#8222;a t\u00e9nyek&#8221; vagy &#8222;az \u00e9rvek&#8221;.<br \/>\n    Devin Nunes, kaliforniai republik\u00e1nus k\u00e9pvisel\u0151 vas\u00e1rnap meger\u0151s\u00edtette p\u00e9nteken tett \u00edg\u00e9ret\u00e9t, miszerint bepereli a CNN telev\u00edzi\u00f3t \u00e9s a The Daily Beast c\u00edm\u0171 port\u00e1lt, mert mindk\u00e9t m\u00e9dium azt \u00e1ll\u00edtotta, hogy \u0151 2018-ban B\u00e9csben tal\u00e1lkozott Viktor Sokin ukrajnai f\u0151\u00fcgy\u00e9sszel, \u00e9s szorgalmazta n\u00e1la a Joe Biden volt aleln\u00f6k \u00e9s jelenlegi demokrata p\u00e1rti eln\u00f6kjel\u00f6lt-aspir\u00e1ns \u00e9s a fia, Hunter Biden ukrajnai \u00fczleti \u00fcgyeinek kivizsg\u00e1l\u00e1s\u00e1t. &#8222;A korrupt m\u00e9dia&#8221; felel\u0151ss\u00e9gre von\u00e1s\u00e1nak egyetlen m\u00f3dja a b\u00edr\u00f3s\u00e1gi elj\u00e1r\u00e1s &#8211; jelentette ki Nunes.(MTI)<br \/>\n<div class=\"ads-in-post2\"><script async src=\"https:\/\/pagead2.googlesyndication.com\/pagead\/js\/adsbygoogle.js\"><\/script>\r\n<ins class=\"adsbygoogle\"\r\n     style=\"display:block\"\r\n     data-ad-format=\"fluid\"\r\n     data-ad-layout-key=\"-6t+ed+2i-1n-4w\"\r\n     data-ad-client=\"ca-pub-1959107119989764\"\r\n     data-ad-slot=\"4008251320\"><\/ins>\r\n<script>\r\n     (adsbygoogle = window.adsbygoogle || []).push({});\r\n<\/script><\/div>\n","protected":false},"excerpt":{"rendered":"<p>Adam Schiff, a k\u00e9pvisel\u0151h\u00e1z h\u00edrszerz\u00e9si bizotts\u00e1g\u00e1nak demokrata p\u00e1rti vezet\u0151je vas\u00e1rnapi telev\u00edzi\u00f3s interj\u00faj\u00e1ban nem nyilatkozott arr\u00f3l, hogy a k\u00e9pvisel\u0151h\u00e1z megind\u00edtja-e az alkotm\u00e1nyos felment\u00e9st c\u00e9lz\u00f3 elj\u00e1r\u00e1st (impeachment) Donald Trump amerikai eln\u00f6k ellen.<\/p>\n","protected":false},"author":1001003,"featured_media":0,"comment_status":"closed","ping_status":"open","sticky":false,"template":"","format":"standard","meta":[],"categories":[13],"tags":[],"_links":{"self":[{"href":"https:\/\/gazdasagportal.hu\/index.php\/wp-json\/wp\/v2\/posts\/121557"}],"collection":[{"href":"https:\/\/gazdasagportal.hu\/index.php\/wp-json\/wp\/v2\/posts"}],"about":[{"href":"https:\/\/gazdasagportal.hu\/index.php\/wp-json\/wp\/v2\/types\/post"}],"author":[{"embeddable":true,"href":"https:\/\/gazdasagportal.hu\/index.php\/wp-json\/wp\/v2\/users\/1001003"}],"replies":[{"embeddable":true,"href":"https:\/\/gazdasagportal.hu\/index.php\/wp-json\/wp\/v2\/comments?post=121557"}],"version-history":[{"count":1,"href":"https:\/\/gazdasagportal.hu\/index.php\/wp-json\/wp\/v2\/posts\/121557\/revisions"}],"predecessor-version":[{"id":121558,"href":"https:\/\/gazdasagportal.hu\/index.php\/wp-json\/wp\/v2\/posts\/121557\/revisions\/121558"}],"wp:attachment":[{"href":"https:\/\/gazdasagportal.hu\/index.php\/wp-json\/wp\/v2\/media?parent=121557"}],"wp:term":[{"taxonomy":"category","embeddable":true,"href":"https:\/\/gazdasagportal.hu\/index.php\/wp-json\/wp\/v2\/categories?post=121557"},{"taxonomy":"post_tag","embeddable":true,"href":"https:\/\/gazdasagportal.hu\/index.php\/wp-json\/wp\/v2\/tags?post=121557"}],"curies":[{"name":"wp","href":"https:\/\/api.w.org\/{rel}","templated":true}]}}