{"id":121551,"date":"2019-11-25T00:33:00","date_gmt":"2019-11-24T23:33:00","guid":{"rendered":"http:\/\/gazdasagportal.hu\/?p=121551"},"modified":"2019-11-25T00:38:13","modified_gmt":"2019-11-24T23:38:13","slug":"gki-novemberben-markansan-javultak-az-uzleti-varakozasok","status":"publish","type":"post","link":"https:\/\/gazdasagportal.hu\/index.php\/gki-novemberben-markansan-javultak-az-uzleti-varakozasok\/","title":{"rendered":"GKI: novemberben mark\u00e1nsan javultak az \u00fczleti v\u00e1rakoz\u00e1sok"},"content":{"rendered":"<p><strong>Novemberben az \u00fczleti v\u00e1rakoz\u00e1sok mark\u00e1nsan, a fogyaszt\u00f3k v\u00e1rakoz\u00e1sai pedig minim\u00e1lisan javultak, \u00edgy k\u00e9thavi cs\u00f6kken\u00e9s ut\u00e1n jelent\u0151sen emelkedett a GKI konjunkt\u00faraindexe, de nem \u00e9rte el augusztusi szintj\u00e9t &#8211; k\u00f6z\u00f6lte a GKI Gazdas\u00e1gkutat\u00f3 Zrt. az MTI-vel.<\/strong><!--more--><\/p>\n<div class=\"ads-in-post1\"><div id=\"gazdasagportal.hu_fullbanner_wideboard\"><\/div>\r\n<\/div>\n<p>    A GKI \u00e1ltal, az EU t\u00e1mogat\u00e1s\u00e1val v\u00e9gzett felm\u00e9r\u00e9s szerint az \u00fczleti v\u00e1rakoz\u00e1sok novemberi emelked\u00e9se els\u0151sorban az iparnak, kev\u00e9sb\u00e9 a szolg\u00e1ltat\u00e1soknak k\u00f6sz\u00f6nhet\u0151, az \u00e9p\u00edt\u0151ipari \u00e9s kereskedelmi bizalmi index gyakorlatilag nem v\u00e1ltozott.<br \/>\n    Az ipari bizalmi index a szeptemberi nagy es\u00e9st k\u00f6vet\u0151en m\u00e1sodik h\u00f3napja emelkedik, novemberben meghaladta augusztusi szintj\u00e9t, az \u00e9v eleji  \u00e9rt\u00e9k\u00e9n\u00e9l azonban \u00edgy is l\u00e9nyegesen alacsonyabb. Okt\u00f3berhez k\u00e9pest javult  az aktu\u00e1lis termel\u00e9s, a rendel\u00e9s\u00e1llom\u00e1ny &#8211; ezen bel\u00fcl az export &#8211; meg\u00edt\u00e9l\u00e9se, \u00e9s javultak a termel\u00e9si v\u00e1rakoz\u00e1sok is. A k\u00e9szletekr\u0151l alkotott v\u00e9lem\u00e9ny is kedvez\u0151bb lett.<br \/>\n    Az \u00e9p\u00edt\u0151ipari bizalmi index az elm\u00falt n\u00e9gy h\u00f3napban alig v\u00e1ltozott. Novemberben a m\u00e9ly\u00e9p\u00edt\u0151 c\u00e9gek der\u0171l\u00e1t\u00f3bb\u00e1, m\u00edg a magas\u00e9p\u00edt\u0151k kiss\u00e9 bor\u00fal\u00e1t\u00f3bb\u00e1 v\u00e1ltak. Az el\u0151z\u0151 h\u00e1rom havi termel\u00e9ssel kapcsolatos el\u00e9gedetts\u00e9g minim\u00e1lisan v\u00e1ltozott, a rendel\u00e9s\u00e1llom\u00e1ny \u00e9rt\u00e9kel\u00e9se enyh\u00e9n javult.<br \/>\n    A kereskedelmi bizalmi index n\u00e9gyhavi cs\u00f6kken\u00e9s \u00e9s egyhavi n\u00f6veked\u00e9s ut\u00e1n hibahat\u00e1ron bel\u00fcl n\u0151tt tov\u00e1bb, s ezzel az elm\u00falt 6 \u00e9vet jellemz\u0151 viszonylag keskeny s\u00e1v als\u00f3 negyed\u00e9ben maradt. Az elad\u00e1si poz\u00edci\u00f3 meg\u00edt\u00e9l\u00e9se j\u00f3val kedvez\u0151bb lett, a rendel\u00e9sek\u00e9 nem v\u00e1ltozott, a k\u00e9szletek\u00e9 viszont romlott.<br \/>\n<script async src=\"\/\/pagead2.googlesyndication.com\/pagead\/js\/adsbygoogle.js\"><\/script><br \/>\n<!-- 640x400 --><br \/>\n<ins class=\"adsbygoogle\"\n     style=\"display:inline-block;width:640px;height:400px\"\n     data-ad-client=\"ca-pub-1959107119989764\"\n     data-ad-slot=\"6491857550\"><\/ins><br \/>\n<script>\n(adsbygoogle = window.adsbygoogle || []).push({});\n<\/script><br \/>\n    A szolg\u00e1ltat\u00f3i bizalmi index novemberben hat\u00e1rozottan javult, de m\u00e9g \u00edgy sem \u00e9rte el az augusztusi szintet. Egyar\u00e1nt kedvez\u0151bb lett az \u00e1ltal\u00e1nos \u00fczletmenet \u00e9s a v\u00e1rhat\u00f3 forgalom meg\u00edt\u00e9l\u00e9se.<br \/>\n    A foglalkoztat\u00e1si hajland\u00f3s\u00e1g \u00f6sszess\u00e9g\u00e9ben er\u0151s\u00f6d\u00f6tt, k\u00fcl\u00f6n\u00f6sen az iparban \u00e9s a szolg\u00e1ltat\u00f3 c\u00e9gekn\u00e9l. A kereskedelemben nem v\u00e1ltozott, az \u00e9p\u00edt\u0151iparban pedig romlott.<br \/>\n    A felm\u00e9r\u00e9s szerint kis l\u00e9p\u00e9sekben, nagyon alacsony szintr\u0151l, de harmadik h\u00f3napja emelkedik a lakoss\u00e1g f\u00e9lelme a munkan\u00e9lk\u00fclis\u00e9gt\u0151l.<br \/>\n    Az \u00e1remel\u00e9si sz\u00e1nd\u00e9k az iparban \u00e9s a kereskedelemben jelent\u0151sen er\u0151s\u00f6d\u00f6tt, az \u00e9p\u00edt\u0151iparban \u00e9s a szolg\u00e1ltat\u00f3 szf\u00e9r\u00e1ban viszont kiss\u00e9 gyeng\u00fclt. A lakoss\u00e1g infl\u00e1ci\u00f3s v\u00e1rakoz\u00e1sai hull\u00e1mz\u00f3an alakulnak, novemberben kiss\u00e9 er\u0151sebbek lettek.<br \/>\n    A magyar gazdas\u00e1g j\u00f6v\u0151j\u00e9r\u0151l alkotott v\u00e9lem\u00e9ny kedvez\u0151bb lett, f\u0151leg az iparban, de a szolg\u00e1ltat\u00f3 szf\u00e9r\u00e1ban is. A kereskedelemben nem v\u00e1ltozott, az \u00e9p\u00edt\u0151ipar viszont kiss\u00e9 pesszimist\u00e1bb lett, mik\u00e9nt a lakoss\u00e1g is.<br \/>\n    A GKI fogyaszt\u00f3i bizalmi index \u00e9rt\u00e9ke az okt\u00f3beri jelent\u0151s visszaes\u00e9s ut\u00e1n novemberben valamelyest emelkedett. A lakoss\u00e1g saj\u00e1t p\u00e9nz\u00fcgyi helyzet\u00e9t kev\u00e9sb\u00e9 j\u00f3nak, j\u00f6v\u0151beni megtakar\u00edt\u00e1si k\u00e9pess\u00e9g\u00e9t viszont sokkal kedvez\u0151bbnek l\u00e1tta, mint egy h\u00f3nappal ezel\u0151tt. A lakoss\u00e1g a nagy \u00e9rt\u00e9k\u0171 tart\u00f3s fogyaszt\u00e1si cikkek jelenlegi v\u00e1s\u00e1rl\u00e1si lehet\u0151s\u00e9g\u00e9t kiss\u00e9 roml\u00f3nak, m\u00edg a k\u00f6vetkez\u0151 egy \u00e9vre vonatkoz\u00f3t kiss\u00e9 javul\u00f3nak \u00e9rz\u00e9kelte.(MTI)<br \/>\n<div class=\"ads-in-post2\"><script async src=\"https:\/\/pagead2.googlesyndication.com\/pagead\/js\/adsbygoogle.js\"><\/script>\r\n<ins class=\"adsbygoogle\"\r\n     style=\"display:block\"\r\n     data-ad-format=\"fluid\"\r\n     data-ad-layout-key=\"-6t+ed+2i-1n-4w\"\r\n     data-ad-client=\"ca-pub-1959107119989764\"\r\n     data-ad-slot=\"4008251320\"><\/ins>\r\n<script>\r\n     (adsbygoogle = window.adsbygoogle || []).push({});\r\n<\/script><\/div>\n","protected":false},"excerpt":{"rendered":"<p>Novemberben az \u00fczleti v\u00e1rakoz\u00e1sok mark\u00e1nsan, a fogyaszt\u00f3k v\u00e1rakoz\u00e1sai pedig minim\u00e1lisan javultak, \u00edgy k\u00e9thavi cs\u00f6kken\u00e9s ut\u00e1n jelent\u0151sen emelkedett a GKI konjunkt\u00faraindexe, de nem \u00e9rte el augusztusi szintj\u00e9t &#8211; k\u00f6z\u00f6lte a GKI Gazdas\u00e1gkutat\u00f3 Zrt. az MTI-vel.<\/p>\n","protected":false},"author":1001003,"featured_media":0,"comment_status":"closed","ping_status":"open","sticky":false,"template":"","format":"standard","meta":[],"categories":[19],"tags":[],"_links":{"self":[{"href":"https:\/\/gazdasagportal.hu\/index.php\/wp-json\/wp\/v2\/posts\/121551"}],"collection":[{"href":"https:\/\/gazdasagportal.hu\/index.php\/wp-json\/wp\/v2\/posts"}],"about":[{"href":"https:\/\/gazdasagportal.hu\/index.php\/wp-json\/wp\/v2\/types\/post"}],"author":[{"embeddable":true,"href":"https:\/\/gazdasagportal.hu\/index.php\/wp-json\/wp\/v2\/users\/1001003"}],"replies":[{"embeddable":true,"href":"https:\/\/gazdasagportal.hu\/index.php\/wp-json\/wp\/v2\/comments?post=121551"}],"version-history":[{"count":2,"href":"https:\/\/gazdasagportal.hu\/index.php\/wp-json\/wp\/v2\/posts\/121551\/revisions"}],"predecessor-version":[{"id":121554,"href":"https:\/\/gazdasagportal.hu\/index.php\/wp-json\/wp\/v2\/posts\/121551\/revisions\/121554"}],"wp:attachment":[{"href":"https:\/\/gazdasagportal.hu\/index.php\/wp-json\/wp\/v2\/media?parent=121551"}],"wp:term":[{"taxonomy":"category","embeddable":true,"href":"https:\/\/gazdasagportal.hu\/index.php\/wp-json\/wp\/v2\/categories?post=121551"},{"taxonomy":"post_tag","embeddable":true,"href":"https:\/\/gazdasagportal.hu\/index.php\/wp-json\/wp\/v2\/tags?post=121551"}],"curies":[{"name":"wp","href":"https:\/\/api.w.org\/{rel}","templated":true}]}}