{"id":121549,"date":"2019-11-25T04:04:09","date_gmt":"2019-11-25T03:04:09","guid":{"rendered":"http:\/\/gazdasagportal.hu\/?p=121549"},"modified":"2019-11-25T00:36:45","modified_gmt":"2019-11-24T23:36:45","slug":"valtozekony-lesz-az-ido-november-utolso-napjaiban","status":"publish","type":"post","link":"https:\/\/gazdasagportal.hu\/index.php\/valtozekony-lesz-az-ido-november-utolso-napjaiban\/","title":{"rendered":"V\u00e1ltoz\u00e9kony lesz az id\u0151 november utols\u00f3 napjaiban"},"content":{"rendered":"<p><strong>November utols\u00f3 napjaiban v\u00e1ltoz\u00e9kony lesz az id\u0151, naps\u00fct\u00e9sre, es\u0151re \u00e9s fagyra is k\u00e9sz\u00fclni kell &#8211; der\u00fcl ki az Orsz\u00e1gos Meteorol\u00f3giai Szolg\u00e1lat orsz\u00e1gos, k\u00f6z\u00e9pt\u00e1v\u00fa el\u0151rejelz\u00e9s\u00e9b\u0151l, amelyet vas\u00e1rnap juttattak el az MTI-nek.<\/strong><!--more--><\/p>\n<div class=\"ads-in-post1\"><div id=\"gazdasagportal.hu_fullbanner_wideboard\"><\/div>\r\n<\/div>\n<p>    H\u00e9tf\u0151n a Nyugat-Dun\u00e1nt\u00falon tart\u00f3san megmaradhat a k\u00f6d, m\u00e1sutt a d\u00e9lel\u0151tt folyam\u00e1n minden\u00fctt feloszlik. Ezt k\u00f6vet\u0151en folytat\u00f3dik a napos id\u0151, sz\u00e1mottev\u0151 csapad\u00e9k nem val\u00f3sz\u00edn\u0171. A leghidegebb \u00f3r\u00e1kban m\u00ednusz 2 \u00e9s plusz 5 fok k\u00f6z\u00f6tt, napk\u00f6zben 8-13 fok k\u00f6z\u00f6tt alakul a h\u0151m\u00e9rs\u00e9klet.<br \/>\n    Keddre virrad\u00f3ra t\u00f6bbfel\u00e9 k\u00e9pz\u0151dik k\u00f6d, \u00e9s egy &#8211; ak\u00e1r nagyobb &#8211; r\u00e9sze tart\u00f3san is megmaradhat. A nap csup\u00e1n kisebb k\u00f6rzetekben, els\u0151sorban a Dun\u00e1t\u00f3l keletre s\u00fcthet ki hosszabb-r\u00f6videbb id\u0151re. A k\u00f6d\u00f6s t\u00e1jakon helyenk\u00e9nt szit\u00e1l\u00e1s, esetleg \u00f3nos szit\u00e1l\u00e1s, a Dun\u00e1nt\u00falon n\u00e9hol jelent\u00e9ktelen es\u0151 el\u0151fordulhat. A legalacsonyabb h\u0151m\u00e9rs\u00e9klet m\u00ednusz 3 \u00e9s plusz 7 fok k\u00f6z\u00f6tt val\u00f3sz\u00edn\u0171, a keleti, \u00e9szakkeleti t\u00e1jakon lehet a hidegebb. A legmagasabb h\u0151m\u00e9rs\u00e9klet 5 \u00e9s 12 fok k\u00f6z\u00f6tt alakul.<br \/>\n    Szerd\u00e1ra virrad\u00f3ra is t\u00f6bbfel\u00e9 p\u00e1r\u00e1ss\u00e1, k\u00f6d\u00f6ss\u00e9 v\u00e1lik a leveg\u0151. A d\u00e9lel\u0151tti \u00f3r\u00e1kban f\u0151k\u00e9nt keleten m\u00e9g lehetnek kev\u00e9sb\u00e9 felh\u0151s t\u00e1jak, majd fokozatosan megn\u00f6vekszik, megvastagszik a felh\u0151zet. Eleinte a k\u00f6d\u00f6s t\u00e1jakon fordulhat el\u0151 n\u00e9hol szit\u00e1l\u00e1s, esetleg \u00f3nos szit\u00e1l\u00e1s, majd a nap m\u00e1sodik fel\u00e9ben egyre t\u00f6bb helyen eredhet el az es\u0151. A leghidegebb \u00f3r\u00e1kban t\u00f6bbnyire 1-8 fok lesz, de f\u0151leg a keleti t\u00e1jakon n\u00e9hol fagypont al\u00e1 h\u0171lhet a leveg\u0151. Napk\u00f6zben 6-14 fokig melegszik a leveg\u0151.<br \/>\n<script async src=\"\/\/pagead2.googlesyndication.com\/pagead\/js\/adsbygoogle.js\"><\/script><br \/>\n<!-- 640x400 --><br \/>\n<ins class=\"adsbygoogle\"\n     style=\"display:inline-block;width:640px;height:400px\"\n     data-ad-client=\"ca-pub-1959107119989764\"\n     data-ad-slot=\"6491857550\"><\/ins><br \/>\n<script>\n(adsbygoogle = window.adsbygoogle || []).push({});\n<\/script><br \/>\n    Cs\u00fct\u00f6rt\u00f6k\u00f6n a nap els\u0151 fel\u00e9ben t\u00f6bbfel\u00e9 kell sz\u00e1m\u00edtani &#8211; helyenk\u00e9nt ak\u00e1r kiad\u00f3s mennyis\u00e9g\u0171 &#8211; es\u0151re, majd \u00e1tmeneti sz\u00fcnet ut\u00e1n est\u00e9t\u0151l d\u00e9lnyugat fel\u0151l v\u00e1rhat\u00f3an \u00fajabb csapad\u00e9khull\u00e1m \u00e9rkezik. A minimumh\u0151m\u00e9rs\u00e9klet 4 \u00e9s 10, a maximumh\u0151m\u00e9rs\u00e9klet 8 \u00e9s 15 fok k\u00f6z\u00f6tt alakul.<br \/>\n    P\u00e9nteken hosszabb-r\u00f6videbb id\u0151szakokra kis\u00fct a nap. A tart\u00f3s csapad\u00e9k megsz\u0171nik &#8211; legk\u00e9s\u0151bb a keleti t\u00e1jakon -, de sz\u00f3rv\u00e1nyosan tov\u00e1bbi z\u00e1porok fordulhatnak el\u0151 a d\u00e9lut\u00e1ni \u00f3r\u00e1kban. A legalacsonyabb h\u0151m\u00e9rs\u00e9klet 2 \u00e9s 9, a legmagasabb h\u0151m\u00e9rs\u00e9klet 7 \u00e9s 13 fok k\u00f6z\u00f6tt alakul.<br \/>\n    Szombaton a t\u00f6bb\u00f3r\u00e1s naps\u00fct\u00e9s mellett elsz\u00f3rtan lehetnek r\u00f6vid, fut\u00f3 z\u00e1porok. A minimumh\u0151m\u00e9rs\u00e9klet m\u00ednusz 2 \u00e9s plusz 5, a maximumh\u0151m\u00e9rs\u00e9klet 5 \u00e9s 10 fok k\u00f6z\u00f6tt val\u00f3sz\u00edn\u0171.<br \/>\n    Vas\u00e1rnap egyre t\u00f6bbfel\u00e9 ered el az es\u0151, \u00e9s t\u00f6bbfel\u00e9 meger\u0151s\u00f6dik a sz\u00e9l is. A legalacsonyabb h\u0151m\u00e9rs\u00e9klet m\u00ednusz 3 \u00e9s plusz 4, a legmagasabb h\u0151m\u00e9rs\u00e9klet 3 \u00e9s 10 fok k\u00f6z\u00f6tt val\u00f3sz\u00edn\u0171 &#8211; olvashat\u00f3 az el\u0151rejelz\u00e9sben.(MTI)<br \/>\n<div class=\"ads-in-post2\"><script async src=\"https:\/\/pagead2.googlesyndication.com\/pagead\/js\/adsbygoogle.js\"><\/script>\r\n<ins class=\"adsbygoogle\"\r\n     style=\"display:block\"\r\n     data-ad-format=\"fluid\"\r\n     data-ad-layout-key=\"-6t+ed+2i-1n-4w\"\r\n     data-ad-client=\"ca-pub-1959107119989764\"\r\n     data-ad-slot=\"4008251320\"><\/ins>\r\n<script>\r\n     (adsbygoogle = window.adsbygoogle || []).push({});\r\n<\/script><\/div>\n","protected":false},"excerpt":{"rendered":"<p>November utols\u00f3 napjaiban v\u00e1ltoz\u00e9kony lesz az id\u0151, naps\u00fct\u00e9sre, es\u0151re \u00e9s fagyra is k\u00e9sz\u00fclni kell &#8211; der\u00fcl ki az Orsz\u00e1gos Meteorol\u00f3giai Szolg\u00e1lat orsz\u00e1gos, k\u00f6z\u00e9pt\u00e1v\u00fa el\u0151rejelz\u00e9s\u00e9b\u0151l, amelyet vas\u00e1rnap juttattak el az MTI-nek.<\/p>\n","protected":false},"author":1001003,"featured_media":0,"comment_status":"closed","ping_status":"open","sticky":false,"template":"","format":"standard","meta":[],"categories":[4],"tags":[],"_links":{"self":[{"href":"https:\/\/gazdasagportal.hu\/index.php\/wp-json\/wp\/v2\/posts\/121549"}],"collection":[{"href":"https:\/\/gazdasagportal.hu\/index.php\/wp-json\/wp\/v2\/posts"}],"about":[{"href":"https:\/\/gazdasagportal.hu\/index.php\/wp-json\/wp\/v2\/types\/post"}],"author":[{"embeddable":true,"href":"https:\/\/gazdasagportal.hu\/index.php\/wp-json\/wp\/v2\/users\/1001003"}],"replies":[{"embeddable":true,"href":"https:\/\/gazdasagportal.hu\/index.php\/wp-json\/wp\/v2\/comments?post=121549"}],"version-history":[{"count":2,"href":"https:\/\/gazdasagportal.hu\/index.php\/wp-json\/wp\/v2\/posts\/121549\/revisions"}],"predecessor-version":[{"id":121553,"href":"https:\/\/gazdasagportal.hu\/index.php\/wp-json\/wp\/v2\/posts\/121549\/revisions\/121553"}],"wp:attachment":[{"href":"https:\/\/gazdasagportal.hu\/index.php\/wp-json\/wp\/v2\/media?parent=121549"}],"wp:term":[{"taxonomy":"category","embeddable":true,"href":"https:\/\/gazdasagportal.hu\/index.php\/wp-json\/wp\/v2\/categories?post=121549"},{"taxonomy":"post_tag","embeddable":true,"href":"https:\/\/gazdasagportal.hu\/index.php\/wp-json\/wp\/v2\/tags?post=121549"}],"curies":[{"name":"wp","href":"https:\/\/api.w.org\/{rel}","templated":true}]}}