{"id":121508,"date":"2019-11-21T21:56:04","date_gmt":"2019-11-21T20:56:04","guid":{"rendered":"http:\/\/gazdasagportal.hu\/?p=121508"},"modified":"2019-11-21T21:56:04","modified_gmt":"2019-11-21T20:56:04","slug":"mkik-gvi-romlo-uzleti-helyzettel-szamolnak-a-vallalkozasok","status":"publish","type":"post","link":"https:\/\/gazdasagportal.hu\/index.php\/mkik-gvi-romlo-uzleti-helyzettel-szamolnak-a-vallalkozasok\/","title":{"rendered":"MKIK-GVI: roml\u00f3 \u00fczleti helyzettel sz\u00e1molnak a v\u00e1llalkoz\u00e1sok"},"content":{"rendered":"<p><strong>A Magyar Kereskedelmi \u00e9s Iparkamara Gazdas\u00e1g- \u00e9s V\u00e1llalkoz\u00e1skutat\u00f3 Int\u00e9zet (MKIK GVI) konjunkt\u00faramutat\u00f3 \u00e9rt\u00e9ke az \u00e1prilisi 58 pontr\u00f3l 2019 okt\u00f3ber\u00e9ben 46 pontra esett vissza, az \u00e9rt\u00e9k 2015 okt\u00f3bere \u00f3ta a legalacsonyabb, a 2017 okt\u00f3bere \u00f3ta tart\u00f3 javul\u00f3 tendencia megt\u00f6rt &#8211; k\u00f6z\u00f6lte a Magyar Kereskedelmi \u00e9s Iparkamara cs\u00fct\u00f6rt\u00f6k\u00f6n az MTI-vel.<\/strong><!--more--><\/p>\n<div class=\"ads-in-post1\"><div id=\"gazdasagportal.hu_fullbanner_wideboard\"><\/div>\r\n<\/div>\n<p>    Az MKIK GVI v\u00e1llalati konjunkt\u00faravizsg\u00e1lata 2268 v\u00e1llalkoz\u00e1s vezet\u0151j\u00e9nek v\u00e1laszain alapul.<br \/>\n    A felm\u00e9r\u00e9s szerint a bizonytalans\u00e1gi mutat\u00f3 \u00e9rt\u00e9ke nyolc ponttal emelkedett \u00e1prilishoz k\u00e9pest, jelenleg 44 ponton \u00e1ll, ez arra utal, hogy a magyar v\u00e1llalkoz\u00e1sok helyzet\u00e9rt\u00e9kel\u00e9se kev\u00e9sb\u00e9 egy\u00f6ntet\u0171v\u00e9 v\u00e1lt a legut\u00f3bbi adatfelv\u00e9tel \u00f3ta.<br \/>\n    Az \u00fczleti kl\u00edma roml\u00e1s\u00e1t legink\u00e1bb a k\u00fclf\u00f6ldi, vagy k\u00fclf\u00f6ldi r\u00e9sztulajdonban l\u00e9v\u0151 v\u00e1llalatok, a d\u00f6nt\u0151en export\u00e1l\u00f3, illetve az 50 f\u0151n\u00e9l nagyobb m\u00e9ret\u0171 c\u00e9gek jelzik.<br \/>\n    \u00c1gazat szerint legink\u00e1bb a feldolgoz\u00f3ipari c\u00e9gek v\u00e1rakoz\u00e1sai romlottak 2019 \u00e1prilis\u00e1hoz k\u00e9pest, de cs\u00f6kkent a konjunkt\u00fara mutat\u00f3 az \u00e9p\u00edt\u0151iparban, a kereskedelemben, valamint az egy\u00e9b szolg\u00e1ltat\u00e1sok ter\u00fclet\u00e9n tev\u00e9kenyked\u0151 c\u00e9gek k\u00f6r\u00e9ben is.<br \/>\n    A jelenlegi \u00fczleti helyzetre vonatkoz\u00f3 mutat\u00f3 7 ponttal romlott, \u00e9s 48 ponton \u00e1ll, a v\u00e1rhat\u00f3 \u00fczleti helyzet\u00e9 35 pont, ami 14 ponttal alacsonyabb a 2019 \u00e1prilisin\u00e1l.<br \/>\n    A g\u00e9pberuh\u00e1z\u00e1sok v\u00e1rhat\u00f3 volumene 27 ponton, m\u00edg az \u00e9p\u00edt\u00e9si beruh\u00e1z\u00e1sok\u00e9 m\u00ednusz 7 ponton \u00e1ll. Mindk\u00e9t mutat\u00f3 visszaesett \u00e1prilishoz k\u00e9pest, az \u00e9p\u00edt\u00e9si beruh\u00e1z\u00e1sok v\u00e1rhat\u00f3 volumene 3, m\u00edg a g\u00e9pberuh\u00e1z\u00e1sok eset\u00e9ben 6 ponttal cs\u00f6kkent.<br \/>\n    A megrendel\u00e9sek v\u00e1rhat\u00f3 alakul\u00e1s\u00e1val kapcsolatban is enyh\u00e9n pesszimist\u00e1bbakk\u00e1 v\u00e1ltak a v\u00e1llalkoz\u00e1sok: az el\u0151z\u0151 f\u00e9l\u00e9vhez k\u00e9pest 4 ponttal cs\u00f6kkent a mutat\u00f3 \u00e9rt\u00e9ke, jelenleg 49 ponton \u00e1ll.<br \/>\n    A v\u00e1llalkoz\u00e1sok a k\u00f6vetkez\u0151 f\u00e9l \u00e9vben a munkaer\u0151kereslet sz\u00e1mottev\u0151 cs\u00f6kken\u00e9s\u00e9re sz\u00e1m\u00edtanak. A munkaer\u0151kereslet v\u00e1rhat\u00f3 cs\u00f6kken\u00e9se els\u0151sorban a d\u00f6nt\u0151en export\u00e1l\u00f3, a feldolgoz\u00f3ipari, a k\u00fclf\u00f6ldi \u00e9rdekelts\u00e9g\u0171 c\u00e9gek, valamint a nagyv\u00e1llalatok munkaer\u0151ig\u00e9ny\u00e9nek sz\u00e1mottev\u0151 visszaes\u00e9s\u00e9re vezethet\u0151 vissza &#8211; olvashat\u00f3 az MKIK GVI \u00f6sszefoglal\u00f3j\u00e1ban.(MTI)<\/p>\n","protected":false},"excerpt":{"rendered":"<p>A Magyar Kereskedelmi \u00e9s Iparkamara Gazdas\u00e1g- \u00e9s V\u00e1llalkoz\u00e1skutat\u00f3 Int\u00e9zet (MKIK GVI) konjunkt\u00faramutat\u00f3 \u00e9rt\u00e9ke az \u00e1prilisi 58 pontr\u00f3l 2019 okt\u00f3ber\u00e9ben 46 pontra esett vissza, az \u00e9rt\u00e9k 2015 okt\u00f3bere \u00f3ta a legalacsonyabb, a 2017 okt\u00f3bere \u00f3ta tart\u00f3 javul\u00f3 tendencia megt\u00f6rt &#8211; k\u00f6z\u00f6lte a Magyar Kereskedelmi \u00e9s Iparkamara cs\u00fct\u00f6rt\u00f6k\u00f6n az MTI-vel.<\/p>\n","protected":false},"author":1001003,"featured_media":0,"comment_status":"closed","ping_status":"open","sticky":false,"template":"","format":"standard","meta":[],"categories":[19],"tags":[],"_links":{"self":[{"href":"https:\/\/gazdasagportal.hu\/index.php\/wp-json\/wp\/v2\/posts\/121508"}],"collection":[{"href":"https:\/\/gazdasagportal.hu\/index.php\/wp-json\/wp\/v2\/posts"}],"about":[{"href":"https:\/\/gazdasagportal.hu\/index.php\/wp-json\/wp\/v2\/types\/post"}],"author":[{"embeddable":true,"href":"https:\/\/gazdasagportal.hu\/index.php\/wp-json\/wp\/v2\/users\/1001003"}],"replies":[{"embeddable":true,"href":"https:\/\/gazdasagportal.hu\/index.php\/wp-json\/wp\/v2\/comments?post=121508"}],"version-history":[{"count":1,"href":"https:\/\/gazdasagportal.hu\/index.php\/wp-json\/wp\/v2\/posts\/121508\/revisions"}],"predecessor-version":[{"id":121509,"href":"https:\/\/gazdasagportal.hu\/index.php\/wp-json\/wp\/v2\/posts\/121508\/revisions\/121509"}],"wp:attachment":[{"href":"https:\/\/gazdasagportal.hu\/index.php\/wp-json\/wp\/v2\/media?parent=121508"}],"wp:term":[{"taxonomy":"category","embeddable":true,"href":"https:\/\/gazdasagportal.hu\/index.php\/wp-json\/wp\/v2\/categories?post=121508"},{"taxonomy":"post_tag","embeddable":true,"href":"https:\/\/gazdasagportal.hu\/index.php\/wp-json\/wp\/v2\/tags?post=121508"}],"curies":[{"name":"wp","href":"https:\/\/api.w.org\/{rel}","templated":true}]}}