{"id":121463,"date":"2019-11-20T16:28:32","date_gmt":"2019-11-20T15:28:32","guid":{"rendered":"http:\/\/gazdasagportal.hu\/?p=121463"},"modified":"2019-11-20T15:29:21","modified_gmt":"2019-11-20T14:29:21","slug":"itm-a-versenykepesseg-erositeset-szolgalja-az-uj-szakkepzesi-rendszer","status":"publish","type":"post","link":"https:\/\/gazdasagportal.hu\/index.php\/itm-a-versenykepesseg-erositeset-szolgalja-az-uj-szakkepzesi-rendszer\/","title":{"rendered":"ITM: a versenyk\u00e9pess\u00e9g er\u0151s\u00edt\u00e9s\u00e9t szolg\u00e1lja az \u00faj szakk\u00e9pz\u00e9si rendszer"},"content":{"rendered":"<p><strong>Alapjaiban v\u00e1ltozik meg a hazai szakk\u00e9pz\u00e9si rendszer a 2020-21-es tan\u00e9vt\u0151l; rugalmasabb, a piaci ig\u00e9nyekhez illeszked\u0151, a lemorzsol\u00f3d\u00e1st hat\u00e9konyabban megakad\u00e1lyoz\u00f3 int\u00e9zm\u00e9nyi szerkezet j\u00f6n l\u00e9tre &#8211; mondta Schanda Tam\u00e1s, az Innov\u00e1ci\u00f3s \u00e9s Technol\u00f3giai Miniszt\u00e9rium (ITM) \u00e1llamtitk\u00e1ra szerd\u00e1n Budapesten sajt\u00f3t\u00e1j\u00e9koztat\u00f3n.<\/strong><!--more--><\/p>\n<div class=\"ads-in-post1\"><div id=\"gazdasagportal.hu_fullbanner_wideboard\"><\/div>\r\n<\/div>\n<p>    Az \u00e1ltal\u00e1nos iskol\u00e1t elv\u00e9gz\u0151k a technikum \u00e9s a szakk\u00e9pz\u0151 iskola k\u00f6z\u00fcl v\u00e1laszthatnak. A technikumban \u00f6t\u00e9ves osztatlan k\u00e9pz\u00e9s keret\u00e9ben szerezhetnek \u00e9retts\u00e9git \u00e9s technikusi oklevelet, a szakk\u00e9pz\u0151 iskol\u00e1ban pedig h\u00e1rom\u00e9ves k\u00e9pz\u00e9ssel saj\u00e1t\u00edthatnak el egy szakm\u00e1t &#8211; ismertette az \u00e1llamtitk\u00e1r az Orsz\u00e1ggy\u0171l\u00e9s \u00e1ltal kedden elfogadott szakk\u00e9pz\u00e9si t\u00f6rv\u00e9ny r\u00e9szleteir\u0151l sz\u00f3lva.<br \/>\n    Kiemelte, hogy a szerkezeti \u00e1talak\u00edt\u00e1sokat a b\u00e9rek \u00e9s az \u00f6szt\u00f6nd\u00edjak jelent\u0151s emel\u00e9se k\u00eds\u00e9ri.<br \/>\n    A szakk\u00e9pz\u00e9sben oktat\u00f3k b\u00e9r\u00e9t \u00e1tlagosan 30 sz\u00e1zal\u00e9kkal emelik. Schanda Tam\u00e1s \u00fagy fogalmazott: megteremtik a teljes\u00edtm\u00e9nyalap\u00fa, versenyk\u00e9pes, motiv\u00e1l\u00f3 b\u00e9rez\u00e9si rendszert csaknem 32 ezer ember sz\u00e1m\u00e1ra.<br \/>\n    A tanul\u00f3i \u00f6szt\u00f6nd\u00edjak \u00e1talak\u00edt\u00e1s\u00e1val k\u00e9t \u00e9v alatt t\u00f6bb mint h\u00e1romszoros\u00e1ra b\u0151v\u00edtik a szakk\u00e9pz\u00e9sben r\u00e9szt vev\u0151 \u00f6szt\u00f6nd\u00edjasok sz\u00e1m\u00e1t &#8211; tette hozz\u00e1.<br \/>\n    Az \u00e1llamtitk\u00e1r kifejtette, a magyar gazdas\u00e1gi eredm\u00e9nyek fenntart\u00e1s\u00e1hoz sz\u00fcks\u00e9g van j\u00f3l k\u00e9pzett szakemberekre, ehhez pedig elengedhetetlen a szakk\u00e9pz\u00e9s meg\u00faj\u00edt\u00e1sa.<br \/>\n    Az oktat\u00f3i b\u00e9remel\u00e9sekr\u0151l elmondta: az \u00e1tlagosan 30 sz\u00e1zal\u00e9kos emel\u00e9sb\u0151l a k\u00f6zismereti \u00e9s a szakmai t\u00e1rgyakat oktat\u00f3k egyar\u00e1nt r\u00e9szes\u00fclhetnek, pontos m\u00e9rt\u00e9k\u00e9r\u0151l az egy\u00e9ni teljes\u00edtm\u00e9ny alapj\u00e1n sz\u00fcletik majd d\u00f6nt\u00e9s. Emelkednek az \u00f3raad\u00f3k \u00f3rad\u00edjai is.<br \/>\n    Az \u00e1llamtitk\u00e1r p\u00e9ldak\u00e9nt eml\u00edtette, hogy egy pedag\u00f3gus II. besorol\u00e1s\u00fa, egyetemi diplom\u00e1val \u00e9s 10 \u00e9v szakmai tapasztalattal rendelkez\u0151 szakmai tan\u00e1r brutt\u00f3 300 ezer forint helyett legal\u00e1bb brutt\u00f3 350 ezer forintot fog kapni, de az \u00f6sszeg a 400 ezer forintot is el\u00e9rheti. A p\u00e1lyakezd\u0151 oktat\u00f3k b\u00e9re pedig ak\u00e1r m\u00e1sf\u00e9lszeres\u00e9re is n\u0151het.<br \/>\n    Schanda Tam\u00e1s hangs\u00falyozta: akik most \u00e1tl\u00e9pnek a pedag\u00f3gusi k\u00f6zalkalmazotti jogviszonyb\u00f3l a szakk\u00e9pz\u0151 int\u00e9zm\u00e9nyek oktat\u00f3ira vonatkoz\u00f3 \u00faj szab\u00e1lyoz\u00e1s al\u00e1, azoknak ugyan\u00fagy j\u00e1r majd a jubileumi jutalom. Az oktat\u00f3k a pedag\u00f3gus igazolv\u00e1nyra is jogosultak lesznek, \u00e9s a Nemzeti Pedag\u00f3gus Karnak is tagjai lesznek a j\u00f6v\u0151ben &#8211; jelezte.<br \/>\n    Az \u00e1llamtitk\u00e1r szerint a fiatalokat, illetve a sz\u00fcleiket is szeretn\u00e9k min\u00e9l ink\u00e1bb arra \u00f6szt\u00f6n\u00f6zni, hogy a biztos meg\u00e9lhet\u00e9st ny\u00fajt\u00f3, a tov\u00e1bbtanul\u00e1shoz ugyan\u00fagy megfelel\u0151 alapot jelent\u0151 szakk\u00e9pz\u00e9st v\u00e1lassz\u00e1k. Ez\u00e9rt a tanul\u00f3i \u00f6szt\u00f6nd\u00edjak rendszer\u00e9ben is nagy v\u00e1ltoz\u00e1sok lesznek.<br \/>\n    A szakk\u00e9pz\u00e9sben r\u00e9szt vev\u0151k a tanulm\u00e1nyi eredm\u00e9ny\u00fckt\u0151l f\u00fcgg\u0151en kapnak \u00f6szt\u00f6nd\u00edjat.<br \/>\n    A nappali rendszer\u0171 oktat\u00e1sban tanul\u00f3k \u00e1ltal\u00e1nos \u00f6szt\u00f6nd\u00edjra lesznek jogosultak, ha \u00f6nhib\u00e1jukon k\u00edv\u00fcl, illetve az adott ter\u00fclet saj\u00e1toss\u00e1gai miatt nem vesznek r\u00e9szt a du\u00e1lis k\u00e9pz\u00e9sben. A szakk\u00e9pz\u0151 iskol\u00e1k 9. \u00e9vfolyam\u00e1n ez havi 14 ezer forint minden tanul\u00f3 sz\u00e1m\u00e1ra, a 10. \u00e9s a 11. \u00e9vfolyamra j\u00e1r\u00f3k pedig 10 \u00e9s 50 ezer forint k\u00f6z\u00f6tti havi \u00f6szt\u00f6nd\u00edjat kaphatnak. A technikumok 9. \u00e9s 10. \u00e9vfolyam\u00e1n minden tanul\u00f3 havi 7 ezer forintot kap majd, a 11. \u00e9vfolyamt\u00f3l pedig szint\u00e9n havi 10 \u00e9s 50 ezer forint k\u00f6z\u00f6tti juttat\u00e1sra lesznek jogosultak &#8211; ismertette az \u00e1llamtitk\u00e1r.<br \/>\n    \u00c9vente k\u00e9tezer h\u00e1tr\u00e1nyos helyzet\u0171, j\u00f3 tanulm\u00e1nyi eredm\u00e9nnyel rendelkez\u0151 di\u00e1k megkaphatja a havi 30 ezer forint t\u00e1mogat\u00e1st jelent\u0151 Ap\u00e1czai \u00f6szt\u00f6nd\u00edjat is &#8211; tette hozz\u00e1.<br \/>\n    Kiemelte: \u00faj elem a t\u00f6rv\u00e9nyben az egyszeri p\u00e1lyakezd\u00e9si juttat\u00e1s, amelyre akkor jogosult a tanul\u00f3, ha sikeresen befejezi a k\u00e9pz\u00e9st \u00e9s szakm\u00e1t szerez. Ennek m\u00e9rt\u00e9ke 150 ezer \u00e9s 300 ezer forint k\u00f6z\u00f6tt lesz.<\/p>\n<p>    Ezekkel az \u00faj\u00edt\u00e1sokkal a szakk\u00e9pz\u00e9sben tanul\u00f3 \u00f6szt\u00f6nd\u00edjasok sz\u00e1ma az idei 33 500-r\u00f3l 2021-re 110 500-ra n\u0151 &#8211; hangs\u00falyozta Schanda Tam\u00e1s.<br \/>\n    B\u00f3dis J\u00f3zsef, az ITM \u00e1llamtitk\u00e1ra a r\u00e9szletekr\u0151l sz\u00f3lva elmondta: a szakgimn\u00e1ziumokat felv\u00e1lt\u00f3 \u00f6t\u00e9ves technikumokban a k\u00f6zismereti \u00e9s \u00e1gazati alapismereteket ad\u00f3 els\u0151 k\u00e9t \u00e9v ut\u00e1n a k\u00f6zismereti t\u00e1rgyak mellett szakir\u00e1ny\u00fa oktat\u00e1s folyik majd. A 11. \u00e9vfolyamt\u00f3l megjelen\u0151, v\u00e1llalat \u00e1ltal v\u00e9gzett szakir\u00e1ny\u00fa oktat\u00e1s eset\u00e9n a szakk\u00e9pz\u00e9si munkaszerz\u0151d\u00e9s megk\u00f6t\u00e9s\u00e9vel m\u00e1r ekkor munkaj\u00f6vedelemhez juthatnak a tanul\u00f3k.<br \/>\n    A technikumi oktat\u00e1s z\u00e1r\u00e1sak\u00e9nt n\u00e9gy k\u00f6zismereti tant\u00e1rgyb\u00f3l kell \u00e9retts\u00e9gi vizsg\u00e1t tenni, az \u00f6t\u00f6dik a szakmai vizsga, amely emelt szint\u0171 \u00e9retts\u00e9ginek felel meg. A technikumok minden szempontb\u00f3l versenyk\u00e9pes k\u00e9pz\u00e9st ny\u00fajtanak, \u00e9s megadj\u00e1k a lehet\u0151s\u00e9get, hogy a tanul\u00f3k a fels\u0151oktat\u00e1sba menjenek tov\u00e1bb &#8211; hangs\u00falyozta az \u00e1llamtitk\u00e1r.<br \/>\n    A h\u00e1rom\u00e9ves szakk\u00e9pz\u0151 iskol\u00e1kban az els\u0151 \u00e9v ny\u00fajt \u00e1gazati alapismereteket, majd a k\u00f6vetkez\u0151 k\u00e9t \u00e9v a szakir\u00e1ny\u00fa k\u00e9pz\u00e9s. A v\u00e9gz\u00e9s ut\u00e1n nyitott a lehet\u0151s\u00e9g arra, hogy a tanul\u00f3k tov\u00e1bbl\u00e9pjenek, \u00e9s \u00e9retts\u00e9git vagy technikusi v\u00e9gzetts\u00e9get szerezzenek.<br \/>\n    B\u00f3dis J\u00f3zsef hozz\u00e1tette, az \u00e9retts\u00e9givel m\u00e1r rendelkez\u0151knek tov\u00e1bbra is lesz lehet\u0151s\u00e9g\u00fck arra, hogy k\u00e9t \u00e9v alatt technikusi v\u00e9gzetts\u00e9get szerezzenek.<br \/>\n    A lemorzsol\u00f3d\u00e1s megakad\u00e1lyoz\u00e1sa \u00e9rdek\u00e9ben az \u00faj rendszerben a lemarad\u00f3 di\u00e1kok a Dobbant\u00f3 programban egy\u00e9ni fejleszt\u00e9s ut\u00e1n, m\u0171helyiskol\u00e1kban folytathatj\u00e1k tanulm\u00e1nyaikat \u00e9s r\u00e9sz-szakm\u00e1kat szerezhetnek &#8211; h\u00edvta fel a figyelmet az \u00e1llamtitk\u00e1r.(MTI)<\/p><div id=\"gazda-1228524036\" class=\"gazda-tartalomban gazda-entity-placement\"><script async src=\"https:\/\/pagead2.googlesyndication.com\/pagead\/js\/adsbygoogle.js\"><\/script>\r\n<ins class=\"adsbygoogle\"\r\n     style=\"display:block\"\r\n     data-ad-format=\"fluid\"\r\n     data-ad-layout-key=\"-6t+ed+2i-1n-4w\"\r\n     data-ad-client=\"ca-pub-1959107119989764\"\r\n     data-ad-slot=\"4008251320\"><\/ins>\r\n<script>\r\n     (adsbygoogle = window.adsbygoogle || []).push({});\r\n<\/script><\/div>\n","protected":false},"excerpt":{"rendered":"<p>Alapjaiban v\u00e1ltozik meg a hazai szakk\u00e9pz\u00e9si rendszer a 2020-21-es tan\u00e9vt\u0151l; rugalmasabb, a piaci ig\u00e9nyekhez illeszked\u0151, a lemorzsol\u00f3d\u00e1st hat\u00e9konyabban megakad\u00e1lyoz\u00f3 int\u00e9zm\u00e9nyi szerkezet j\u00f6n l\u00e9tre &#8211; mondta Schanda Tam\u00e1s, az Innov\u00e1ci\u00f3s \u00e9s Technol\u00f3giai Miniszt\u00e9rium (ITM) \u00e1llamtitk\u00e1ra szerd\u00e1n Budapesten sajt\u00f3t\u00e1j\u00e9koztat\u00f3n.<\/p>\n","protected":false},"author":1,"featured_media":0,"comment_status":"closed","ping_status":"open","sticky":false,"template":"","format":"standard","meta":[],"categories":[19],"tags":[],"_links":{"self":[{"href":"https:\/\/gazdasagportal.hu\/index.php\/wp-json\/wp\/v2\/posts\/121463"}],"collection":[{"href":"https:\/\/gazdasagportal.hu\/index.php\/wp-json\/wp\/v2\/posts"}],"about":[{"href":"https:\/\/gazdasagportal.hu\/index.php\/wp-json\/wp\/v2\/types\/post"}],"author":[{"embeddable":true,"href":"https:\/\/gazdasagportal.hu\/index.php\/wp-json\/wp\/v2\/users\/1"}],"replies":[{"embeddable":true,"href":"https:\/\/gazdasagportal.hu\/index.php\/wp-json\/wp\/v2\/comments?post=121463"}],"version-history":[{"count":1,"href":"https:\/\/gazdasagportal.hu\/index.php\/wp-json\/wp\/v2\/posts\/121463\/revisions"}],"predecessor-version":[{"id":121464,"href":"https:\/\/gazdasagportal.hu\/index.php\/wp-json\/wp\/v2\/posts\/121463\/revisions\/121464"}],"wp:attachment":[{"href":"https:\/\/gazdasagportal.hu\/index.php\/wp-json\/wp\/v2\/media?parent=121463"}],"wp:term":[{"taxonomy":"category","embeddable":true,"href":"https:\/\/gazdasagportal.hu\/index.php\/wp-json\/wp\/v2\/categories?post=121463"},{"taxonomy":"post_tag","embeddable":true,"href":"https:\/\/gazdasagportal.hu\/index.php\/wp-json\/wp\/v2\/tags?post=121463"}],"curies":[{"name":"wp","href":"https:\/\/api.w.org\/{rel}","templated":true}]}}