{"id":121461,"date":"2019-11-20T15:56:36","date_gmt":"2019-11-20T14:56:36","guid":{"rendered":"http:\/\/gazdasagportal.hu\/?p=121461"},"modified":"2019-11-20T15:28:09","modified_gmt":"2019-11-20T14:28:09","slug":"europai-bizottsag-az-unios-allampolgarok-tobbsege-pozitivan-velekedik-az-unio-nemzetkozi-kereskedelempolitikajarol","status":"publish","type":"post","link":"https:\/\/gazdasagportal.hu\/index.php\/europai-bizottsag-az-unios-allampolgarok-tobbsege-pozitivan-velekedik-az-unio-nemzetkozi-kereskedelempolitikajarol\/","title":{"rendered":"Eur\u00f3pai Bizotts\u00e1g: az uni\u00f3s \u00e1llampolg\u00e1rok t\u00f6bbs\u00e9ge pozit\u00edvan v\u00e9lekedik az uni\u00f3 nemzetk\u00f6zi kereskedelempolitik\u00e1j\u00e1r\u00f3l"},"content":{"rendered":"<p><strong>Az eur\u00f3paiak t\u00f6bbs\u00e9ge pozit\u00edvan v\u00e9lekedik az uni\u00f3 nemzetk\u00f6zi kereskedelempolitik\u00e1j\u00e1r\u00f3l, mintegy 60 sz\u00e1zal\u00e9kuk v\u00e9li \u00fagy, hogy szem\u00e9lyesen is el\u0151ny\u00f6ket ny\u00fajt sz\u00e1m\u00e1ra az uni\u00f3 \u00e1llal folytatott nemzetk\u00f6zi kereskedelem. Az ar\u00e1ny 16 sz\u00e1zal\u00e9kponttal magasabb a 10 \u00e9ve m\u00e9rt adatn\u00e1l &#8211; der\u00fclt ki az Eur\u00f3pai Bizotts\u00e1g szerd\u00e1n k\u00f6zz\u00e9tett tematikus Eurobarom\u00e9ter felm\u00e9r\u00e9s\u00e9b\u0151l.<\/strong><!--more--><\/p>\n<div class=\"ads-in-post1\"><div id=\"gazdasagportal.hu_fullbanner_wideboard\"><\/div>\r\n<\/div>\n<p>    A felm\u00e9r\u00e9s szerint a v\u00e1laszad\u00f3k 71 sz\u00e1zal\u00e9ka gondolja azt, hogy az Eur\u00f3pai Uni\u00f3 (EU) hat\u00e9konyabban k\u00e9pes megv\u00e9deni haz\u00e1ja kereskedelmi \u00e9rdekeit ann\u00e1l, mintha az adott orsz\u00e1g egyed\u00fcl k\u00e9pviseln\u00e9 azokat.<br \/>\n    A v\u00e1laszad\u00f3k 54 sz\u00e1zal\u00e9ka \u00fagy v\u00e9lte, hogy az EU kereskedelempolitik\u00e1j\u00e1nak mindenekel\u0151tt az uni\u00f3n bel\u00fcli munkahelyteremt\u00e9s c\u00e9lj\u00e1t kellene szolg\u00e1lnia. Az uni\u00f3s k\u00f6rnyezetv\u00e9delmi \u00e9s eg\u00e9szs\u00e9g\u00fcgyi norm\u00e1k v\u00e9delme ugyancsak fontoss\u00e1 v\u00e1lt az eur\u00f3paiak sz\u00e1m\u00e1ra: minden m\u00e1sodik v\u00e1laszad\u00f3 ezt nevezte meg az egyik priorit\u00e1snak. Ez 20 sz\u00e1zal\u00e9kponttal t\u00f6bb, mint 2010-ben.<br \/>\n    Az eur\u00f3paiak t\u00f6bb mint fele azt is elismerte, hogy az uni\u00f3s kereskedelempolitika m\u00e1r figyelembe veszi a nemzetk\u00f6zi kereskedelem t\u00e1rsadalmi, k\u00f6rnyezeti \u00e9s emberi jogi hat\u00e1sait az EU-n bel\u00fcl \u00e9s vil\u00e1gszerte.<br \/>\n<script async src=\"\/\/pagead2.googlesyndication.com\/pagead\/js\/adsbygoogle.js\"><\/script><br \/>\n<!-- 640x400 --><br \/>\n<ins class=\"adsbygoogle\"\n     style=\"display:inline-block;width:640px;height:400px\"\n     data-ad-client=\"ca-pub-1959107119989764\"\n     data-ad-slot=\"6491857550\"><\/ins><br \/>\n<script>\n(adsbygoogle = window.adsbygoogle || []).push({});\n<\/script><br \/>\n    Az emberek h\u00e1romnegyede egyet\u00e9rtett abban, hogy a nemzetk\u00f6zi kereskedelmet szab\u00e1lyozni kell. T\u00edzb\u0151l hatan b\u00edznak abban, hogy az uni\u00f3 ny\u00edlt \u00e9s \u00e1tl\u00e1that\u00f3 m\u00f3don folytatja kereskedelempolitik\u00e1j\u00e1t. Azok k\u00f6z\u00fcl, akik szerint a nemzetk\u00f6zi kereskedelem el\u0151ny\u00f6ket jelent sz\u00e1mukra, 54 sz\u00e1zal\u00e9k a sz\u00e9lesebb \u00e1ruv\u00e1laszt\u00e9kban l\u00e1tta ezt az el\u0151nyt, 36 sz\u00e1zal\u00e9k az alacsonyabb \u00e1rakban. Ezek az el\u0151ny\u00f6k k\u00e9zzelfoghat\u00f3bbnak t\u0171nnek a fiatal, a magasabb v\u00e9gzetts\u00e9g\u0171 \u00e9s a magasabb j\u00f6vedelemmel rendelkez\u0151 v\u00e1laszad\u00f3k sz\u00e1m\u00e1ra.<br \/>\n    A megk\u00e9rdezettek t\u00f6bb mint fele egyet\u00e9rtett azzal, hogy az uni\u00f3nak magasabb importv\u00e1mokat kell kivetnie a nemzetk\u00f6zi kereskedelmi szab\u00e1lyokat felr\u00fag\u00f3 nem uni\u00f3s orsz\u00e1gok vagy v\u00e1llalkoz\u00e1sok term\u00e9keire &#8211; k\u00f6z\u00f6lte az uni\u00f3s bizotts\u00e1g.(MTI)<br \/>\n<div class=\"ads-in-post2\"><script async src=\"https:\/\/pagead2.googlesyndication.com\/pagead\/js\/adsbygoogle.js\"><\/script>\r\n<ins class=\"adsbygoogle\"\r\n     style=\"display:block\"\r\n     data-ad-format=\"fluid\"\r\n     data-ad-layout-key=\"-6t+ed+2i-1n-4w\"\r\n     data-ad-client=\"ca-pub-1959107119989764\"\r\n     data-ad-slot=\"4008251320\"><\/ins>\r\n<script>\r\n     (adsbygoogle = window.adsbygoogle || []).push({});\r\n<\/script><\/div>\n","protected":false},"excerpt":{"rendered":"<p>Az eur\u00f3paiak t\u00f6bbs\u00e9ge pozit\u00edvan v\u00e9lekedik az uni\u00f3 nemzetk\u00f6zi kereskedelempolitik\u00e1j\u00e1r\u00f3l, mintegy 60 sz\u00e1zal\u00e9kuk v\u00e9li \u00fagy, hogy szem\u00e9lyesen is el\u0151ny\u00f6ket ny\u00fajt sz\u00e1m\u00e1ra az uni\u00f3 \u00e1llal folytatott nemzetk\u00f6zi kereskedelem. Az ar\u00e1ny 16 sz\u00e1zal\u00e9kponttal magasabb a 10 \u00e9ve m\u00e9rt adatn\u00e1l &#8211; der\u00fclt ki az Eur\u00f3pai Bizotts\u00e1g szerd\u00e1n k\u00f6zz\u00e9tett tematikus Eurobarom\u00e9ter felm\u00e9r\u00e9s\u00e9b\u0151l.<\/p>\n","protected":false},"author":1,"featured_media":0,"comment_status":"closed","ping_status":"open","sticky":false,"template":"","format":"standard","meta":[],"categories":[12],"tags":[],"_links":{"self":[{"href":"https:\/\/gazdasagportal.hu\/index.php\/wp-json\/wp\/v2\/posts\/121461"}],"collection":[{"href":"https:\/\/gazdasagportal.hu\/index.php\/wp-json\/wp\/v2\/posts"}],"about":[{"href":"https:\/\/gazdasagportal.hu\/index.php\/wp-json\/wp\/v2\/types\/post"}],"author":[{"embeddable":true,"href":"https:\/\/gazdasagportal.hu\/index.php\/wp-json\/wp\/v2\/users\/1"}],"replies":[{"embeddable":true,"href":"https:\/\/gazdasagportal.hu\/index.php\/wp-json\/wp\/v2\/comments?post=121461"}],"version-history":[{"count":1,"href":"https:\/\/gazdasagportal.hu\/index.php\/wp-json\/wp\/v2\/posts\/121461\/revisions"}],"predecessor-version":[{"id":121462,"href":"https:\/\/gazdasagportal.hu\/index.php\/wp-json\/wp\/v2\/posts\/121461\/revisions\/121462"}],"wp:attachment":[{"href":"https:\/\/gazdasagportal.hu\/index.php\/wp-json\/wp\/v2\/media?parent=121461"}],"wp:term":[{"taxonomy":"category","embeddable":true,"href":"https:\/\/gazdasagportal.hu\/index.php\/wp-json\/wp\/v2\/categories?post=121461"},{"taxonomy":"post_tag","embeddable":true,"href":"https:\/\/gazdasagportal.hu\/index.php\/wp-json\/wp\/v2\/tags?post=121461"}],"curies":[{"name":"wp","href":"https:\/\/api.w.org\/{rel}","templated":true}]}}