{"id":121459,"date":"2019-11-20T14:52:26","date_gmt":"2019-11-20T13:52:26","guid":{"rendered":"http:\/\/gazdasagportal.hu\/?p=121459"},"modified":"2019-11-20T14:52:26","modified_gmt":"2019-11-20T13:52:26","slug":"europai-bizottsag-egyetlen-eurozona-tag-jovo-evi-budzsetervezete-sem-serti-sulyosan-az-eloirasokat","status":"publish","type":"post","link":"https:\/\/gazdasagportal.hu\/index.php\/europai-bizottsag-egyetlen-eurozona-tag-jovo-evi-budzsetervezete-sem-serti-sulyosan-az-eloirasokat\/","title":{"rendered":"Eur\u00f3pai Bizotts\u00e1g: egyetlen eur\u00f3z\u00f3na-tag j\u00f6v\u0151 \u00e9vi b\u00fcdzs\u00e9tervezete sem s\u00e9rti s\u00falyosan az el\u0151\u00edr\u00e1sokat"},"content":{"rendered":"<p><strong>Egyetlen eur\u00f3\u00f6vezeti orsz\u00e1g k\u00f6lts\u00e9gvet\u00e9s-tervezete sem utal arra, hogy &#8222;k\u00fcl\u00f6n\u00f6sen s\u00falyosan&#8221; megs\u00e9rten\u00e9 a Stabilit\u00e1si \u00e9s N\u00f6veked\u00e9si Paktum k\u00f6vetelm\u00e9nyeit a k\u00f6vetkez\u0151 \u00e9vben &#8211; \u00edrta friss jelent\u00e9s\u00e9ben az Eur\u00f3pai Bizotts\u00e1g.<\/strong><!--more--><\/p>\n<div class=\"ads-in-post1\"><div id=\"gazdasagportal.hu_fullbanner_wideboard\"><\/div>\r\n<\/div>\n<p>    Kilenc tag\u00e1llam &#8211; N\u00e9metorsz\u00e1g, \u00cdrorsz\u00e1g, G\u00f6r\u00f6gorsz\u00e1g, Ciprus, Litv\u00e1nia, Luxemburg, M\u00e1lta, Hollandia \u00e9s Ausztria &#8211; 2020-as b\u00fcdzs\u00e9javaslata megfelel a szab\u00e1lyoknak a szerd\u00e1n k\u00f6zz\u00e9tett \u00e9rt\u00e9kel\u00e9s szerint.<br \/>\n    \u00c9sztorsz\u00e1g \u00e9s Lettorsz\u00e1g &#8222;nagy vonalakban&#8221; megfelel az el\u0151\u00edr\u00e1soknak. Nyolc tagorsz\u00e1g &#8211; Belgium, Spanyolorsz\u00e1g, Franciaorsz\u00e1g, Olaszorsz\u00e1g, Portug\u00e1lia, Szlov\u00e9nia, Szlov\u00e1kia \u00e9s Finnorsz\u00e1g &#8211; eset\u00e9ben viszont fenn\u00e1ll a kock\u00e1zata annak, hogy j\u00f6v\u0151re nem teljes\u00fclnek a Stabilit\u00e1si \u00e9s N\u00f6veked\u00e9si Paktumban r\u00f6gz\u00edtett k\u00f6vetelm\u00e9nyek.<br \/>\n    Az el\u0151rejelz\u00e9sek azt mutatj\u00e1k, hogy Belgium, Spanyolorsz\u00e1g, Franciaorsz\u00e1g \u00e9s Olaszorsz\u00e1g eset\u00e9ben az ad\u00f3ss\u00e1gcs\u00f6kkent\u00e9si referencia\u00e9rt\u00e9kre vonatkoz\u00f3 k\u00f6vetelm\u00e9nyek sem fognak teljes\u00fclni.<br \/>\n    A br\u00fcsszeli test\u00fclet emellett elfogadta a G\u00f6r\u00f6gorsz\u00e1gr\u00f3l sz\u00f3l\u00f3 negyedik jelent\u00e9st a meger\u0151s\u00edtett fel\u00fcgyeleti keretben. Ebben meg\u00e1llap\u00edtott\u00e1k, hogy az orsz\u00e1g j\u00f6v\u0151 \u00e9vi k\u00f6lts\u00e9gvet\u00e9se n\u00f6veked\u00e9sbar\u00e1t m\u00f3don teljes\u00edti az els\u0151dleges t\u00f6bbletre vonatkoz\u00f3 c\u00e9lokat, s a korm\u00e1ny megtette a kell\u0151 int\u00e9zked\u00e9seket annak \u00e9rdek\u00e9ben, hogy sz\u00e9lesebb k\u00f6r\u0171 reformprogramja el\u0151mozd\u00edt\u00e1s\u00e1val \u00f6sszef\u00fcgg\u00e9sben megval\u00f3s\u00edtsa a 2019 k\u00f6zep\u00e9re v\u00e1llalt konkr\u00e9t reformokat.<br \/>\n    &#8222;Mik\u00f6zben egyre t\u00f6bb vesz\u00e9ly fenyegeti Eur\u00f3pa gazdas\u00e1gi n\u00f6veked\u00e9si kil\u00e1t\u00e1sait, megnyugtat\u00f3 azt l\u00e1tni, hogy egyes tagorsz\u00e1gok, p\u00e9ld\u00e1ul N\u00e9metorsz\u00e1g \u00e9s Hollandia, a beruh\u00e1z\u00e1sok t\u00e1mogat\u00e1s\u00e1ra haszn\u00e1lj\u00e1k k\u00f6lts\u00e9gvet\u00e9si mozg\u00e1ster\u00fcket. Azonban m\u00f3djukban \u00e1llna t\u00f6bbet is tenni&#8221; &#8211; mondta Valdis Dombrovskis eur\u00f3\u00e9rt \u00e9s szoci\u00e1lis p\u00e1rbesz\u00e9d\u00e9rt felel\u0151s bizotts\u00e1gi aleln\u00f6k.<br \/>\n    &#8222;M\u00e1sr\u00e9szt a nagyon magas ad\u00f3ss\u00e1gszinttel rendelkez\u0151 tagorsz\u00e1goknak &#8211; p\u00e9ld\u00e1ul Belgiumnak, Franciaorsz\u00e1gnak, Olaszorsz\u00e1gnak, Spanyolorsz\u00e1gnak &#8211; ki kell haszn\u00e1lniuk az alacsonyabb kamatkiad\u00e1sokat ad\u00f3ss\u00e1guk cs\u00f6kkent\u00e9se \u00e9rdek\u00e9ben. Ezt els\u0151dleges c\u00e9ljukk\u00e1 kell tenni\u00fck&#8221; &#8211; tette hozz\u00e1.<br \/>\n    Id\u00e9n j\u00falius \u00f3ta egyetlen eur\u00f3\u00f6vezeti tag\u00e1llam sem \u00e1ll t\u00falzottdeficit-elj\u00e1r\u00e1s alatt, ami 2002 \u00f3ta most fordul el\u0151 el\u0151sz\u00f6r.<br \/>\n    Az eur\u00f3z\u00f3na GDP-ar\u00e1nyos \u00e1llamad\u00f3ss\u00e1ga v\u00e1rhat\u00f3an tov\u00e1bbra is cs\u00f6kken\u0151 p\u00e1ly\u00e1n marad, \u00e9s a 2019-es 86 sz\u00e1zal\u00e9kr\u00f3l 2020-ra 85 sz\u00e1zal\u00e9kra m\u00e9rs\u00e9kl\u0151dik.(MTI)<br \/>\n<div class=\"ads-in-post2\"><script async src=\"https:\/\/pagead2.googlesyndication.com\/pagead\/js\/adsbygoogle.js\"><\/script>\r\n<ins class=\"adsbygoogle\"\r\n     style=\"display:block\"\r\n     data-ad-format=\"fluid\"\r\n     data-ad-layout-key=\"-6t+ed+2i-1n-4w\"\r\n     data-ad-client=\"ca-pub-1959107119989764\"\r\n     data-ad-slot=\"4008251320\"><\/ins>\r\n<script>\r\n     (adsbygoogle = window.adsbygoogle || []).push({});\r\n<\/script><\/div>\n","protected":false},"excerpt":{"rendered":"<p>Egyetlen eur\u00f3\u00f6vezeti orsz\u00e1g k\u00f6lts\u00e9gvet\u00e9s-tervezete sem utal arra, hogy &#8222;k\u00fcl\u00f6n\u00f6sen s\u00falyosan&#8221; megs\u00e9rten\u00e9 a Stabilit\u00e1si \u00e9s N\u00f6veked\u00e9si Paktum k\u00f6vetelm\u00e9nyeit a k\u00f6vetkez\u0151 \u00e9vben &#8211; \u00edrta friss jelent\u00e9s\u00e9ben az Eur\u00f3pai Bizotts\u00e1g.<\/p>\n","protected":false},"author":1,"featured_media":0,"comment_status":"closed","ping_status":"open","sticky":false,"template":"","format":"standard","meta":[],"categories":[12,246],"tags":[],"_links":{"self":[{"href":"https:\/\/gazdasagportal.hu\/index.php\/wp-json\/wp\/v2\/posts\/121459"}],"collection":[{"href":"https:\/\/gazdasagportal.hu\/index.php\/wp-json\/wp\/v2\/posts"}],"about":[{"href":"https:\/\/gazdasagportal.hu\/index.php\/wp-json\/wp\/v2\/types\/post"}],"author":[{"embeddable":true,"href":"https:\/\/gazdasagportal.hu\/index.php\/wp-json\/wp\/v2\/users\/1"}],"replies":[{"embeddable":true,"href":"https:\/\/gazdasagportal.hu\/index.php\/wp-json\/wp\/v2\/comments?post=121459"}],"version-history":[{"count":1,"href":"https:\/\/gazdasagportal.hu\/index.php\/wp-json\/wp\/v2\/posts\/121459\/revisions"}],"predecessor-version":[{"id":121460,"href":"https:\/\/gazdasagportal.hu\/index.php\/wp-json\/wp\/v2\/posts\/121459\/revisions\/121460"}],"wp:attachment":[{"href":"https:\/\/gazdasagportal.hu\/index.php\/wp-json\/wp\/v2\/media?parent=121459"}],"wp:term":[{"taxonomy":"category","embeddable":true,"href":"https:\/\/gazdasagportal.hu\/index.php\/wp-json\/wp\/v2\/categories?post=121459"},{"taxonomy":"post_tag","embeddable":true,"href":"https:\/\/gazdasagportal.hu\/index.php\/wp-json\/wp\/v2\/tags?post=121459"}],"curies":[{"name":"wp","href":"https:\/\/api.w.org\/{rel}","templated":true}]}}