{"id":121457,"date":"2019-11-20T13:41:04","date_gmt":"2019-11-20T12:41:04","guid":{"rendered":"http:\/\/gazdasagportal.hu\/?p=121457"},"modified":"2019-11-20T13:41:04","modified_gmt":"2019-11-20T12:41:04","slug":"munkaeropiaci-reform-indul-komarom-esztergom-megyeben","status":"publish","type":"post","link":"https:\/\/gazdasagportal.hu\/index.php\/munkaeropiaci-reform-indul-komarom-esztergom-megyeben\/","title":{"rendered":"Munkaer\u0151piaci reform indul Kom\u00e1rom-Esztergom megy\u00e9ben"},"content":{"rendered":"<p><strong>Kom\u00e1rom-Esztergom megy\u00e9ben is megkezd\u0151dik a v\u00e1llalatokkal szorosabb kapcsolatban megval\u00f3s\u00edtott munker\u0151piaci reformprogram, amelyet k\u00e9s\u0151bb a nyugat-magyarorsz\u00e1gi megy\u00e9kre is kiterjesztenek &#8211; mondta szerdai tatai sajt\u00f3t\u00e1j\u00e9koztat\u00f3j\u00e1n a P\u00e9nz\u00fcgyminiszt\u00e9rium foglalkoztat\u00e1spolitik\u00e1\u00e9rt \u00e9s v\u00e1llalati kapcsolatok\u00e9rt felel\u0151s \u00e1llamtitk\u00e1ra.<\/strong><!--more--><\/p>\n<div class=\"ads-in-post1\"><div id=\"gazdasagportal.hu_fullbanner_wideboard\"><\/div>\r\n<\/div>\n<p>    Bod\u00f3 S\u00e1ndor hozz\u00e1tette, Kom\u00e1rom-Esztergom megy\u00e9ben 127 ezerr\u0151l 141 ezerre n\u0151tt a foglalkoztatottak sz\u00e1ma 2010 \u00e9s 2019 m\u00e1sodik negyed\u00e9ve k\u00f6z\u00f6tt. A n\u00f6veked\u00e9s szinte teljes eg\u00e9sz\u00e9ben a versenyszektor munkahelyteremt\u00e9s\u00e9nek tudhat\u00f3 be, mik\u00f6zben a k\u00f6zfoglalkoztat\u00e1sban dolgoz\u00f3k sz\u00e1ma cs\u00f6kkent.<br \/>\n    A munkan\u00e9lk\u00fcliek sz\u00e1ma 2010 \u00e9s 2019 m\u00e1sodik negyed\u00e9ve k\u00f6z\u00f6tt 11 ezerr\u0151l 2,6 ezerre cs\u00f6kkent. A munkan\u00e9lk\u00fclis\u00e9gi r\u00e1ta 8 sz\u00e1zal\u00e9kr\u00f3l 1,8 sz\u00e1zal\u00e9kra m\u00e9rs\u00e9kl\u0151d\u00f6tt. Ilyen alacsony munkan\u00e9lk\u00fclis\u00e9g a munkaer\u0151-tartal\u00e9kok kimer\u00fcl\u00e9s\u00e9t jelzi \u00e9s szinte a teljes foglalkoztat\u00e1s \u00e1llapot\u00e1nak felel meg &#8211; h\u00edvta fel a figyelmet.<br \/>\n<script async src=\"\/\/pagead2.googlesyndication.com\/pagead\/js\/adsbygoogle.js\"><\/script><br \/>\n<!-- 640x400 --><br \/>\n<ins class=\"adsbygoogle\"\n     style=\"display:inline-block;width:640px;height:400px\"\n     data-ad-client=\"ca-pub-1959107119989764\"\n     data-ad-slot=\"6491857550\"><\/ins><br \/>\n<script>\n(adsbygoogle = window.adsbygoogle || []).push({});\n<\/script><br \/>\n    Az \u00e1llamtitk\u00e1r kiemelte, hogy az \u00dat a munkaer\u0151piacra program sor\u00e1n orsz\u00e1gosan t\u00f6bb t\u00edzezer \u00faj \u00fcres \u00e1ll\u00e1shelyet siker\u00fclt felkutatni, \u00e9s eddig t\u00f6bb mint 50 ezer sikeres kik\u00f6zvet\u00edt\u00e9sre ker\u00fclt sor. A programot 2020 elej\u00e9re az eg\u00e9sz orsz\u00e1gra kiterjesztik.<br \/>\n    Bod\u00f3 S\u00e1ndor elmondta, hogy a munk\u00e1ssz\u00e1ll\u00f3k \u00e9p\u00edt\u00e9s\u00e9re ind\u00edtott p\u00e1ly\u00e1zaton m\u00e1r nemcsak \u00f6nkorm\u00e1nyzatok, hanem gazdas\u00e1gi t\u00e1rsas\u00e1gok is indulhatnak. Az 5 milli\u00e1rd forintos keret\u00f6sszeggel meghirdetett lehet\u0151s\u00e9gre 2020. m\u00e1jus 15-ig lehet jelentkezni.<br \/>\n    Kancz Csaba korm\u00e1nymegb\u00edzott elmondta, a megye munkaer\u0151-tartal\u00e9ka a k\u00f6zfoglalkoztatottakkal egy\u00fctt mintegy hatezerre tehet\u0151. A most indult \u00faj kezdem\u00e9nyez\u00e9s sor\u00e1n er\u0151s\u00edtik a v\u00e1llalatokkal t\u00f6rt\u00e9n\u0151 kapcsolattart\u00e1st, illetve szem\u00e9lyre szabott aj\u00e1nlatokkal keresik meg a lehets\u00e9ges munkav\u00e1llal\u00f3kat.(MTI)<br \/>\n<div class=\"ads-in-post2\"><script async src=\"https:\/\/pagead2.googlesyndication.com\/pagead\/js\/adsbygoogle.js\"><\/script>\r\n<ins class=\"adsbygoogle\"\r\n     style=\"display:block\"\r\n     data-ad-format=\"fluid\"\r\n     data-ad-layout-key=\"-6t+ed+2i-1n-4w\"\r\n     data-ad-client=\"ca-pub-1959107119989764\"\r\n     data-ad-slot=\"4008251320\"><\/ins>\r\n<script>\r\n     (adsbygoogle = window.adsbygoogle || []).push({});\r\n<\/script><\/div>\n","protected":false},"excerpt":{"rendered":"<p>Kom\u00e1rom-Esztergom megy\u00e9ben is megkezd\u0151dik a v\u00e1llalatokkal szorosabb kapcsolatban megval\u00f3s\u00edtott munker\u0151piaci reformprogram, amelyet k\u00e9s\u0151bb a nyugat-magyarorsz\u00e1gi megy\u00e9kre is kiterjesztenek &#8211; mondta szerdai tatai sajt\u00f3t\u00e1j\u00e9koztat\u00f3j\u00e1n a P\u00e9nz\u00fcgyminiszt\u00e9rium foglalkoztat\u00e1spolitik\u00e1\u00e9rt \u00e9s v\u00e1llalati kapcsolatok\u00e9rt felel\u0151s \u00e1llamtitk\u00e1ra.<\/p>\n","protected":false},"author":1,"featured_media":0,"comment_status":"closed","ping_status":"open","sticky":false,"template":"","format":"standard","meta":[],"categories":[19],"tags":[],"_links":{"self":[{"href":"https:\/\/gazdasagportal.hu\/index.php\/wp-json\/wp\/v2\/posts\/121457"}],"collection":[{"href":"https:\/\/gazdasagportal.hu\/index.php\/wp-json\/wp\/v2\/posts"}],"about":[{"href":"https:\/\/gazdasagportal.hu\/index.php\/wp-json\/wp\/v2\/types\/post"}],"author":[{"embeddable":true,"href":"https:\/\/gazdasagportal.hu\/index.php\/wp-json\/wp\/v2\/users\/1"}],"replies":[{"embeddable":true,"href":"https:\/\/gazdasagportal.hu\/index.php\/wp-json\/wp\/v2\/comments?post=121457"}],"version-history":[{"count":1,"href":"https:\/\/gazdasagportal.hu\/index.php\/wp-json\/wp\/v2\/posts\/121457\/revisions"}],"predecessor-version":[{"id":121458,"href":"https:\/\/gazdasagportal.hu\/index.php\/wp-json\/wp\/v2\/posts\/121457\/revisions\/121458"}],"wp:attachment":[{"href":"https:\/\/gazdasagportal.hu\/index.php\/wp-json\/wp\/v2\/media?parent=121457"}],"wp:term":[{"taxonomy":"category","embeddable":true,"href":"https:\/\/gazdasagportal.hu\/index.php\/wp-json\/wp\/v2\/categories?post=121457"},{"taxonomy":"post_tag","embeddable":true,"href":"https:\/\/gazdasagportal.hu\/index.php\/wp-json\/wp\/v2\/tags?post=121457"}],"curies":[{"name":"wp","href":"https:\/\/api.w.org\/{rel}","templated":true}]}}