{"id":121455,"date":"2019-11-20T12:37:31","date_gmt":"2019-11-20T11:37:31","guid":{"rendered":"http:\/\/gazdasagportal.hu\/?p=121455"},"modified":"2019-11-20T12:37:31","modified_gmt":"2019-11-20T11:37:31","slug":"az-iden-is-kikapcsolasi-moratoriumot-hirdet-az-unnepekre-az-e-on","status":"publish","type":"post","link":"https:\/\/gazdasagportal.hu\/index.php\/az-iden-is-kikapcsolasi-moratoriumot-hirdet-az-unnepekre-az-e-on\/","title":{"rendered":"Az id\u00e9n is kikapcsol\u00e1si morat\u00f3riumot hirdet az \u00fcnnepekre az E.ON"},"content":{"rendered":"<p><strong>Egyetlen lakoss\u00e1gi \u00fcgyf\u00e9ln\u00e9l sem kapcsolja ki tart\u00f3s tartoz\u00e1s miatt az \u00e1ramot az E.ON a kar\u00e1csonyi \u00fcnnepek idej\u00e9n. A morat\u00f3rium 2019. december 13-t\u00f3l 2020. janu\u00e1r 3-ig lesz \u00e9rv\u00e9nyben.<\/strong><!--more--><\/p>\n<div class=\"ads-in-post1\"><div id=\"gazdasagportal.hu_fullbanner_wideboard\"><\/div>\r\n<\/div>\n<p><strong>\u00a0<\/strong><\/p>\n<p>Ahogy 2010 \u00f3ta minden \u00e9vben, az E.ON az id\u00e9n is felf\u00fcggeszti lakoss\u00e1gi \u00fcgyfelein\u00e9l a tartoz\u00e1s miatti kikapcsol\u00e1sokat az \u00fcnnepi id\u0151szakban. A v\u00e1llalat saj\u00e1t d\u00f6nt\u00e9se alapj\u00e1n 2019. december 13. \u00e9s 2020. janu\u00e1r 3. k\u00f6z\u00f6tt nem sz\u00fcnteti meg a szolg\u00e1ltat\u00e1st \u00e1ramd\u00edj tartoz\u00e1s miatt. Az \u00f6nk\u00e9nt v\u00e1llalt kikapcsol\u00e1si morat\u00f3riummal k\u00edv\u00e1n a v\u00e1llalat hozz\u00e1j\u00e1rulni a b\u00e9k\u00e9s \u00e9s nyugodt \u00fcnnepekhez, hogy a kar\u00e1csony \u00e9s a szilveszter k\u00f6r\u00fcli id\u0151szakban minden \u00fcgyfele sz\u00e1m\u00e1ra biztos\u00edtott legyen a villamosenergia-ell\u00e1t\u00e1s.<\/p>\n<p>&nbsp;<\/p><div id=\"gazda-4035941106\" class=\"gazda-tartalomban gazda-entity-placement\"><script async src=\"https:\/\/pagead2.googlesyndication.com\/pagead\/js\/adsbygoogle.js\"><\/script>\r\n<ins class=\"adsbygoogle\"\r\n     style=\"display:block\"\r\n     data-ad-format=\"fluid\"\r\n     data-ad-layout-key=\"-6t+ed+2i-1n-4w\"\r\n     data-ad-client=\"ca-pub-1959107119989764\"\r\n     data-ad-slot=\"4008251320\"><\/ins>\r\n<script>\r\n     (adsbygoogle = window.adsbygoogle || []).push({});\r\n<\/script><\/div>\n<p>A kikapcsol\u00e1si morat\u00f3rium az E.ON Energiakereskedelmi Kft.-vel (egyetemes szolg\u00e1ltat\u00f3) szerz\u0151d\u00e9sben \u00e1ll\u00f3 lakoss\u00e1gi \u00fcgyfeleket \u00e9rinti. A v\u00e1llal\u00e1s a nem lakoss\u00e1gi, illetve m\u00e1s energiakeresked\u0151vel szerz\u0151d\u00e9sben \u00e1ll\u00f3 \u00fcgyfelekre nem vonatkozik.<br \/>\n<div class=\"ads-in-post2\"><script async src=\"https:\/\/pagead2.googlesyndication.com\/pagead\/js\/adsbygoogle.js\"><\/script>\r\n<ins class=\"adsbygoogle\"\r\n     style=\"display:block\"\r\n     data-ad-format=\"fluid\"\r\n     data-ad-layout-key=\"-6t+ed+2i-1n-4w\"\r\n     data-ad-client=\"ca-pub-1959107119989764\"\r\n     data-ad-slot=\"4008251320\"><\/ins>\r\n<script>\r\n     (adsbygoogle = window.adsbygoogle || []).push({});\r\n<\/script><\/div>\n","protected":false},"excerpt":{"rendered":"<p>Egyetlen lakoss\u00e1gi \u00fcgyf\u00e9ln\u00e9l sem kapcsolja ki tart\u00f3s tartoz\u00e1s miatt az \u00e1ramot az E.ON a kar\u00e1csonyi \u00fcnnepek idej\u00e9n. A morat\u00f3rium 2019. december 13-t\u00f3l 2020. janu\u00e1r 3-ig lesz \u00e9rv\u00e9nyben.<\/p>\n","protected":false},"author":1,"featured_media":0,"comment_status":"closed","ping_status":"open","sticky":false,"template":"","format":"standard","meta":[],"categories":[4],"tags":[],"_links":{"self":[{"href":"https:\/\/gazdasagportal.hu\/index.php\/wp-json\/wp\/v2\/posts\/121455"}],"collection":[{"href":"https:\/\/gazdasagportal.hu\/index.php\/wp-json\/wp\/v2\/posts"}],"about":[{"href":"https:\/\/gazdasagportal.hu\/index.php\/wp-json\/wp\/v2\/types\/post"}],"author":[{"embeddable":true,"href":"https:\/\/gazdasagportal.hu\/index.php\/wp-json\/wp\/v2\/users\/1"}],"replies":[{"embeddable":true,"href":"https:\/\/gazdasagportal.hu\/index.php\/wp-json\/wp\/v2\/comments?post=121455"}],"version-history":[{"count":1,"href":"https:\/\/gazdasagportal.hu\/index.php\/wp-json\/wp\/v2\/posts\/121455\/revisions"}],"predecessor-version":[{"id":121456,"href":"https:\/\/gazdasagportal.hu\/index.php\/wp-json\/wp\/v2\/posts\/121455\/revisions\/121456"}],"wp:attachment":[{"href":"https:\/\/gazdasagportal.hu\/index.php\/wp-json\/wp\/v2\/media?parent=121455"}],"wp:term":[{"taxonomy":"category","embeddable":true,"href":"https:\/\/gazdasagportal.hu\/index.php\/wp-json\/wp\/v2\/categories?post=121455"},{"taxonomy":"post_tag","embeddable":true,"href":"https:\/\/gazdasagportal.hu\/index.php\/wp-json\/wp\/v2\/tags?post=121455"}],"curies":[{"name":"wp","href":"https:\/\/api.w.org\/{rel}","templated":true}]}}