{"id":121418,"date":"2019-11-19T14:28:14","date_gmt":"2019-11-19T13:28:14","guid":{"rendered":"http:\/\/gazdasagportal.hu\/?p=121418"},"modified":"2019-11-19T14:28:14","modified_gmt":"2019-11-19T13:28:14","slug":"a-lidl-15-eve-nyitotta-meg-magyarorszagi-uzleteit","status":"publish","type":"post","link":"https:\/\/gazdasagportal.hu\/index.php\/a-lidl-15-eve-nyitotta-meg-magyarorszagi-uzleteit\/","title":{"rendered":"A Lidl 15 \u00e9ve nyitotta meg magyarorsz\u00e1gi \u00fczleteit"},"content":{"rendered":"<p><strong>A ma 15 \u00e9ves jubileum\u00e1t \u00fcnnepl\u0151 Lidl Magyarorsz\u00e1g t\u00f6retlen fejl\u0151d\u00e9s\u00e9nek k\u00f6sz\u00f6nhet\u0151en, e m\u00e1sf\u00e9l \u00e9vtized alatt a hazai FMCG szektor egyik legdinamikusabban fejl\u0151d\u0151 kiskereskedelmi l\u00e1nc\u00e1v\u00e1 v\u00e1lt. Az elm\u00falt gazdas\u00e1gi \u00e9vben a v\u00e1llalat brutt\u00f3 549 milli\u00e1rd forint forgalmat realiz\u00e1lt, melynek 52 sz\u00e1zal\u00e9k\u00e1t a hazai besz\u00e1ll\u00edt\u00f3k term\u00e9keinek forgalmaz\u00e1s\u00e1b\u00f3l sz\u00e1rmaz\u00f3 \u00e1rbev\u00e9tel teszi ki. A legmagasabb ar\u00e1ny\u00fa magyar besz\u00e1ll\u00edt\u00f3i jelenl\u00e9t az \u00e1ruh\u00e1zl\u00e1nc hazai partnerei k\u00f6r\u00e9ben a bor (82%), a p\u00e9k\u00e1ru (65%), \u00e9s a z\u00f6lds\u00e9g-gy\u00fcm\u00f6lcs (66%) term\u00e9kkateg\u00f3ri\u00e1kban figyelhet\u0151 meg<\/strong><strong>. <\/strong><strong>A legnagyobb n\u00f6veked\u00e9s a z\u00f6lds\u00e9g-gy\u00fcm\u00f6lcs term\u00e9kkateg\u00f3ri\u00e1ban t\u00f6rt\u00e9nt, ahol a tavalyi \u00e9vben 2017-hez k\u00e9pest 13,7 sz\u00e1zal\u00e9kkal t\u00f6bb magyar besz\u00e1ll\u00edt\u00f3val alak\u00edtott ki egy\u00fcttm\u0171k\u00f6d\u00e9st az \u00e1ruh\u00e1zl\u00e1nc. <\/strong><!--more--><\/p>\n<div class=\"ads-in-post1\"><div id=\"gazdasagportal.hu_fullbanner_wideboard\"><\/div>\r\n<\/div>\n<p>A Lidl els\u0151 logisztikai k\u00f6zpontja \u00e9s 12 \u00fczlete 2004. november 18-\u00e1n ny\u00edlt meg Magyarorsz\u00e1gon. Rohamos fejl\u0151d\u00e9s\u00e9t j\u00f3l mutatja, hogy a diszkontl\u00e1nc a hazai piacnyit\u00e1shoz k\u00e9pest ma m\u00e1r h\u00e1rom logisztikai k\u00f6zponttal \u00e9s 182 azaz t\u00f6bb mint tizen\u00f6tsz\u00f6r annyi \u00e1ruh\u00e1zzal rendelkezik. Munkat\u00e1rsainak sz\u00e1m\u00e1t tekintve az indul\u00e1skori 1192 f\u0151h\u00f6z k\u00e9pest megsokszorozva a v\u00e1llalat ma m\u00e1r t\u00f6bb mint 6000 munkav\u00e1llal\u00f3t foglalkoztat.<\/p>\n<p>Az \u00e1ruh\u00e1zl\u00e1nc hazai fejl\u0151d\u00e9s\u00e9t j\u00f3l mutatja, hogy az elm\u00falt gazdas\u00e1gi \u00e9vben 549 milli\u00e1rd forgalmat \u00e9rt el. A magyar term\u00e9kek forgalmaz\u00e1sa, a hazai besz\u00e1ll\u00edt\u00f3kkal val\u00f3 egy\u00fcttm\u0171k\u00f6d\u00e9s mindig fontos volt a Lidl Magyarorsz\u00e1g sz\u00e1m\u00e1ra. Az \u00e1ruh\u00e1zl\u00e1nc besz\u00e1ll\u00edt\u00f3i k\u00f6r\u00e9ben 110 olyan partnerre t\u00e1maszkodhat, aki a kezdetek \u00f3ta egy\u00fcttm\u0171k\u00f6dik vele. Az elm\u00falt 15 \u00e9vben megn\u00e9gyszerezve hazai besz\u00e1ll\u00edt\u00f3i partnereinek sz\u00e1m\u00e1t a diszkontl\u00e1nc ma m\u00e1r k\u00f6zel 500 magyar besz\u00e1ll\u00edt\u00f3val folytat akt\u00edv \u00e9s sikeres egy\u00fcttm\u0171k\u00f6d\u00e9st. A v\u00e1llalat n\u00f6veked\u00e9s\u00e9nek eredm\u00e9nyess\u00e9g\u00e9t mutatja, hogy besz\u00e1ll\u00edt\u00f3i k\u00f6r\u00e9nek mintegy 50 sz\u00e1zal\u00e9k\u00e1t ma m\u00e1r a magyar besz\u00e1ll\u00edt\u00f3k teszik ki, akikkel a 2018-as \u00fczleti \u00e9vben 286 milli\u00e1rd forint forgalmat bonyol\u00edtott. A fejl\u0151d\u00e9sben nagy szerepe van a 2013-ban elind\u00edtott \u201eLidl a magyar besz\u00e1ll\u00edt\u00f3k\u00e9rt\u201d programnak is, mely sikeress\u00e9ge \u00e1ltal a Lidl Magyarorsz\u00e1g \u00e1ruh\u00e1zaiban m\u00e1ra m\u00e1r k\u00f6zel 60 sz\u00e1zal\u00e9kos a magyar term\u00e9kek ar\u00e1nya, \u00edgy t\u00f6bb mint 2500 hazai term\u00e9k k\u00f6z\u00fcl v\u00e1logathatnak a v\u00e1s\u00e1rl\u00f3k.<\/p><div id=\"gazda-4260606996\" class=\"gazda-tartalomban gazda-entity-placement\"><script async src=\"https:\/\/pagead2.googlesyndication.com\/pagead\/js\/adsbygoogle.js\"><\/script>\r\n<ins class=\"adsbygoogle\"\r\n     style=\"display:block\"\r\n     data-ad-format=\"fluid\"\r\n     data-ad-layout-key=\"-6t+ed+2i-1n-4w\"\r\n     data-ad-client=\"ca-pub-1959107119989764\"\r\n     data-ad-slot=\"4008251320\"><\/ins>\r\n<script>\r\n     (adsbygoogle = window.adsbygoogle || []).push({});\r\n<\/script><\/div>\n<p>A v\u00e1llalat a program keret\u00e9ben 2014-ben h\u00edvta \u00e9letre a Lidl Wine Expo Hungary rendezv\u00e9nysorozatot, mely \u00a0c\u00e9lja \u00f6sszecseng a Magyarorsz\u00e1g korm\u00e1ny\u00e1nak t\u00f6rekv\u00e9seivel: a magyar bortermel\u0151k t\u00e1mogat\u00e1sa, a magyar borok Eur\u00f3p\u00e1n bel\u00fcli n\u00e9pszer\u0171s\u00edt\u00e9se, az export \u00e9s a gazdas\u00e1gi n\u00f6veked\u00e9s el\u0151seg\u00edt\u00e9se. A rendezv\u00e9nysorozat \u00e1ltal a kezdeti 6 milli\u00f3 palackot k\u00f6vet\u0151en 2018-ban m\u00e1r 20,5 milli\u00f3 palack bort \u00e9rt\u00e9kes\u00edtett a v\u00e1llalat itthon \u00e9s k\u00fclf\u00f6ld\u00f6n egyar\u00e1nt.<\/p>\n<p>A \u201eLidl a magyar besz\u00e1ll\u00edt\u00f3k\u00e9rt\u201d programnak k\u00f6sz\u00f6nhet\u0151en \u00e9vr\u0151l \u00e9vre jelent\u0151sen n\u0151 a v\u00e1llalat \u00e1ltal folytatott exporttev\u00e9kenys\u00e9g, mely szerint a magyar besz\u00e1ll\u00edt\u00f3k a Lidl \u00e1ruh\u00e1zl\u00e1ncon kereszt\u00fcl bonyol\u00edtott exportforgalma 2018-ban az el\u0151z\u0151 \u00e9vhez k\u00e9pest 15 sz\u00e1zal\u00e9kos n\u00f6veked\u00e9ssel megk\u00f6zel\u00edti a 46 milli\u00e1rd forintot. Ezt t\u00e1masztja al\u00e1 az a kiemelked\u0151 eredm\u00e9ny is, hogy a v\u00e1llalat az elm\u00falt \u00e9vben 11 milli\u00f3 palack magyar bort export\u00e1lt, ami a teljes hazai borexport mintegy 27 sz\u00e1zal\u00e9k\u00e1t jelenti, ezzel pedig az orsz\u00e1g legnagyobb borexport\u0151r\u00e9v\u00e9 v\u00e1lt.<br \/>\n<script async src=\"\/\/pagead2.googlesyndication.com\/pagead\/js\/adsbygoogle.js\"><\/script><br \/>\n<!-- 640x400 --><br \/>\n<ins class=\"adsbygoogle\"\n     style=\"display:inline-block;width:640px;height:400px\"\n     data-ad-client=\"ca-pub-1959107119989764\"\n     data-ad-slot=\"6491857550\"><\/ins><br \/>\n<script>\n(adsbygoogle = window.adsbygoogle || []).push({});\n<\/script><br \/>\nA Lidl Magyarorsz\u00e1g a hazai kiskereskedelmi szektor meghat\u00e1roz\u00f3 szerepl\u0151jek\u00e9nt strat\u00e9giai egy\u00fcttm\u0171k\u00f6d\u00e9si meg\u00e1llapod\u00e1st \u00edrt al\u00e1 a Nemzeti Befektet\u00e9si \u00dcgyn\u00f6ks\u00e9ggel 2016-ban azzal a c\u00e9llal, hogy az \u00e1ruh\u00e1zl\u00e1nc fenntartsa \u00e9s n\u00f6velje a magyarorsz\u00e1gi munkahelyek sz\u00e1m\u00e1t, tov\u00e1bb b\u0151v\u00edtse a magyar \u00e1ruk \u00e9s a hazai besz\u00e1ll\u00edt\u00f3k r\u00e9szar\u00e1ny\u00e1t, el\u0151seg\u00edtse a hazai term\u00e9kek k\u00fclpiacokon val\u00f3 t\u00e9rnyer\u00e9s\u00e9t.<\/p>\n<p><strong>V\u00e1s\u00e1rl\u00f3i ig\u00e9nyek szem el\u0151tt tart\u00e1sa<\/strong><\/p>\n<p>Felel\u0151s v\u00e1llalatk\u00e9nt a Lidl \u00e9vek \u00f3ta kiemelt hangs\u00falyt helyez az eg\u00e9szs\u00e9ges \u00e9s kiegyens\u00falyozott \u00e9trend t\u00e1mogat\u00e1s\u00e1ra. Ennek k\u00f6vetkezt\u00e9ben olyan fejleszt\u00e9seket val\u00f3s\u00edt meg, melyek hozz\u00e1j\u00e1rulnak a v\u00e1s\u00e1rl\u00f3k t\u00e1pl\u00e1lkoz\u00e1ssal \u00f6sszef\u00fcgg\u0151 eg\u00e9szs\u00e9gtudatoss\u00e1guk n\u00f6vel\u00e9s\u00e9re. A v\u00e1llalat t\u00f6bbek k\u00f6z\u00f6tt c\u00e9lul t\u0171zte ki, hogy saj\u00e1t m\u00e1rk\u00e1s term\u00e9keinek s\u00f3- \u00e9s cukortartalm\u00e1t 2025-ig \u00e1tlagosan 20%-kal cs\u00f6kkenti. A vev\u0151i preferenci\u00e1k alakul\u00e1s\u00e1nak megfelel\u0151en kifejlesztette \u00e9s vezette be id\u00e9n a Lidl a Pikok Pure term\u00e9kcsal\u00e1dj\u00e1t, mely h\u00fask\u00e9sz\u00edtm\u00e9nyek rendk\u00edv\u00fcl magas h\u00fastartalommal rendelkeznek, kiz\u00e1r\u00f3lag term\u00e9szetes \u00f6sszetev\u0151kb\u0151l k\u00e9sz\u00fcltek, adal\u00e9kanyagt\u00f3l \u00e9s sz\u00ednez\u00e9kt\u0151l mentesek, nem tartalmaznak tart\u00f3s\u00edt\u00f3szert \u00e9s \u00edzfokoz\u00f3t sem. A Lidl Magyarorsz\u00e1g az \u00e9lelmiszer-kiskereskedelmi l\u00e1ncok k\u00f6z\u00f6tt els\u0151k\u00e9nt vezette be id\u00e9n augusztusban a helyen s\u00fct\u00f6tt bio p\u00e9k\u00e1rukat, mely \u00e1ltal az \u00e1ruh\u00e1zl\u00e1nc bio term\u00e9kk\u00edn\u00e1lata most m\u00e1r k\u00f6zel k\u00e9tsz\u00e1z k\u00fcl\u00f6nb\u00f6z\u0151 bioterm\u00e9kre b\u0151v\u00fclt.<\/p>\n<p><strong>CSR<\/strong><\/p>\n<p>A Lidl Magyarorsz\u00e1g a kezdetekt\u0151l fogva elk\u00f6telezett olyan t\u00e1rsadalmi c\u00e9l\u00fa kezdem\u00e9nyez\u00e9sek mellett, amelyekkel seg\u00edti, t\u00e1mogatja a h\u00e1tr\u00e1nyos helyzet\u0171 gyermekeket \u00e9s a r\u00e1szorul\u00f3 csal\u00e1dokat. Az \u00e1ruh\u00e1zl\u00e1nc az elm\u00falt \u00e9vekben t\u00f6bb mint 300 milli\u00f3 forinttal j\u00e1rult hozz\u00e1 t\u00f6bb ezer csal\u00e1d \u00e9s gyermek \u00e9letmin\u0151s\u00e9g\u00e9nek javul\u00e1s\u00e1hoz. A Lidl mint a Heim P\u00e1l Gyermekk\u00f3rh\u00e1z Fejleszt\u00e9s\u00e9\u00e9rt Alap\u00edtv\u00e1ny hivatalos t\u00e1mogat\u00f3ja elk\u00f6telezett a gyermek-k\u00f6z\u00e9tkeztet\u00e9s min\u0151s\u00e9gi jav\u00edt\u00e1s\u00e1ban is, \u00f6sszesen 60 milli\u00f3 forint \u00e9rt\u00e9k\u0171 \u00e9lelmiszerrel seg\u00edti a k\u00f3rh\u00e1zi \u00e1pol\u00e1sra szorul\u00f3 gyermekek eg\u00e9szs\u00e9ges \u00e9tkeztet\u00e9s\u00e9t.<\/p>\n<p>A fenntarthat\u00f3 fejl\u0151d\u00e9s jegy\u00e9ben a v\u00e1llalat az elm\u00falt 10 \u00e9vben 15,6 milli\u00e1rd forintot ford\u00edtott moderniz\u00e1l\u00e1sra, \u00edgy az \u00e1ruh\u00e1zak jelent\u0151s m\u00e9rt\u00e9k\u0171 f\u0171t\u00e9si energi\u00e1t, CO2-kibocs\u00e1t\u00e1st \u00e9s \u00e1ramfogyaszt\u00e1st takar\u00edtanak meg. A Lidl k\u00f6rnyezeti fenntarthat\u00f3s\u00e1g melletti elk\u00f6telezetts\u00e9g\u00e9t mutatja azon v\u00e1llal\u00e1sa is, mely szerint 2025-re 20 sz\u00e1zal\u00e9kkal cs\u00f6kkenti a m\u0171anyag felhaszn\u00e1l\u00e1s\u00e1t, saj\u00e1t m\u00e1rk\u00e1s term\u00e9kei m\u0171anyag csomagol\u00e1sainak \u00fajrahasznos\u00edthat\u00f3s\u00e1g\u00e1t pedig 100 sz\u00e1zal\u00e9kig biztos\u00edtani fogja. A Lidl Magyarorsz\u00e1g m\u0171anyag hullad\u00e9k visszaszor\u00edt\u00e1s\u00e1ra ir\u00e1nyul\u00f3 int\u00e9zked\u00e9seinek eredm\u00e9nyek\u00e9ppen elmondhat\u00f3, hogy az \u00e1ruh\u00e1zl\u00e1nc most m\u00e1r \u00e9vente 215 tonn\u00e1val cs\u00f6kkenti a m\u0171anyag-csomagol\u00f3anyagok felhaszn\u00e1l\u00e1s\u00e1t \u00e9s j\u00e1rul hozz\u00e1 a k\u00f6rnyezet meg\u00f3v\u00e1s\u00e1hoz.<\/p>\n<p><strong>M\u00e9rf\u00f6ldk\u00f6vek:<\/strong><\/p>\n<p>2004\u00a0\u00a0\u00a0\u00a0\u00a0\u00a0\u00a0 megny\u00edlik az els\u0151 logisztikai k\u00f6zpont \u00e9s 12 \u00fczlet Magyarorsz\u00e1gon<br \/>\n2006 \u00a0\u00a0\u00a0\u00a0\u00a0\u00a0 Hej\u0151k\u00fcrti logisztikai k\u00f6zpont megnyit\u00e1sa<br \/>\n2008\u00a0\u00a0\u00a0\u00a0\u00a0\u00a0\u00a0 100. Lidl \u00e1ruh\u00e1z megnyit\u00e1sa<br \/>\n2009\u00a0\u00a0\u00a0\u00a0\u00a0\u00a0\u00a0 a Lidl harmadik logisztikai k\u00f6zpontja is megny\u00edlik Szigetszentmikl\u00f3son<br \/>\n2010\u00a0\u00a0\u00a0\u00a0\u00a0\u00a0\u00a0 helyben s\u00fct\u00f6tt p\u00e9k\u00e1ruk bevezet\u00e9se<br \/>\n2012\u00a0\u00a0\u00a0\u00a0\u00a0\u00a0\u00a0 a Lidl alkalmazottak sz\u00e1ma meghaladja a 3000 f\u0151t<br \/>\n2013\u00a0\u00a0\u00a0\u00a0\u00a0\u00a0\u00a0 Lidl a magyar besz\u00e1ll\u00edt\u00f3k\u00e9rt program indul\u00e1sa<br \/>\n2014\u00a0\u00a0\u00a0\u00a0\u00a0\u00a0\u00a0 Lidl Wine Expo Hungary indul\u00e1sa<br \/>\n2015\u00a0\u00a0\u00a0\u00a0\u00a0\u00a0\u00a0 az \u00e1ruh\u00e1zak alapter\u00fclete el\u00e9ri a 300 ezer nm-et<br \/>\n2016\u00a0\u00a0\u00a0\u00a0\u00a0\u00a0\u00a0 elindul a Besz\u00e1ll\u00edt\u00f3i Akad\u00e9mia<br \/>\n2018\u00a0\u00a0\u00a0\u00a0\u00a0\u00a0\u00a0 a Lidl k\u00f6zel 100 milli\u00f3 forintot adom\u00e1nyozott<br \/>\n2019\u00a0\u00a0\u00a0\u00a0\u00a0\u00a0\u00a0 a Lidl \u00e9ves brutt\u00f3 \u00e1rbev\u00e9tele 549 milli\u00e1rd forint<\/p>\n<p><strong>Lidl sz\u00e1mokban:<\/strong><\/p>\n<p>182 \u00e1ruh\u00e1z<br \/>\n3 logisztikai k\u00f6zpont<br \/>\nt\u00f6bb mint 6000 munkav\u00e1llal\u00f3<br \/>\n&#8212;&#8212;&#8212;&#8212;&#8212;&#8212;&#8212;&#8212;&#8212;&#8212;<\/p>\n<p><strong>Lidl Magyarorsz\u00e1gr\u00f3l<\/strong><\/p>\n<p>Az 1930-as \u00e9vekben, N\u00e9metorsz\u00e1gban alap\u00edtott Lidl haz\u00e1nk egyik legdinamikusabban fejl\u0151d\u0151 \u00e9lelmiszerl\u00e1nca. A Lidl Magyarorsz\u00e1gon 2004-ben nyitotta meg els\u0151 logisztikai k\u00f6zpontj\u00e1t \u00e9s 12 \u00fczlet\u00e9t, ma pedig m\u00e1r 182 \u00e1ruh\u00e1zzal van jelen haz\u00e1nkban, \u00e9s t\u00f6bb mint 6000 munkav\u00e1llal\u00f3t foglalkoztat. A v\u00e1llalat 2004-es magyarorsz\u00e1gi piacra l\u00e9p\u00e9se \u00f3ta t\u00f6retlen\u00fcl fejl\u0151dik: nem csak a diszkont szegmensben \u00e9rt el vezet\u0151 szerepet, de forgalm\u00e1t tekintve az \u00e9lelmiszer kiskereskedelmi l\u00e1ncok k\u00f6z\u00f6tt is a legdinamikusabb n\u00f6veked\u00e9st tudhatja mag\u00e1\u00e9nak.<\/p>\n<p>A Lidl Magyarorsz\u00e1g az FMCG szektor meghat\u00e1roz\u00f3 foglalkoztat\u00f3jak\u00e9nt kiemelt figyelmet ford\u00edt munkav\u00e1llal\u00f3i elismer\u00e9s\u00e9re. Orsz\u00e1gos szinten egyed\u00fcl\u00e1ll\u00f3 \u00fctemben \u00e9s m\u00e9rt\u00e9kben n\u00f6veli munkav\u00e1llal\u00f3inak b\u00e9r\u00e9t: 2019. m\u00e1rcius 1-j\u00e9vel \u00e1tlagosan 15%-kal emelte bolti \u00e9s rakt\u00e1ri fizikai munkav\u00e1llal\u00f3i munkab\u00e9r\u00e9t, \u00edgy 2016 janu\u00e1rja \u00f3ta \u00f6sszesen 75%-os b\u00e9remel\u00e9st val\u00f3s\u00edtott meg.<\/p>\n<p>A v\u00e1llalat emellett k\u00fcl\u00f6n\u00f6s figyelmet ford\u00edt a magyar besz\u00e1ll\u00edt\u00f3kra, a magyar gazdas\u00e1g t\u00e1mogat\u00e1s\u00e1nak \u00e9s fejleszt\u00e9s\u00e9nek jegy\u00e9ben, ennek k\u00f6sz\u00f6nhet\u0151en term\u00e9keinek k\u00f6zel 60 sz\u00e1zal\u00e9k\u00e1t magyar besz\u00e1ll\u00edt\u00f3kt\u00f3l szerzi be.<br \/>\n<div class=\"ads-in-post2\"><script async src=\"https:\/\/pagead2.googlesyndication.com\/pagead\/js\/adsbygoogle.js\"><\/script>\r\n<ins class=\"adsbygoogle\"\r\n     style=\"display:block\"\r\n     data-ad-format=\"fluid\"\r\n     data-ad-layout-key=\"-6t+ed+2i-1n-4w\"\r\n     data-ad-client=\"ca-pub-1959107119989764\"\r\n     data-ad-slot=\"4008251320\"><\/ins>\r\n<script>\r\n     (adsbygoogle = window.adsbygoogle || []).push({});\r\n<\/script><\/div>\n","protected":false},"excerpt":{"rendered":"<p>A ma 15 \u00e9ves jubileum\u00e1t \u00fcnnepl\u0151 Lidl Magyarorsz\u00e1g t\u00f6retlen fejl\u0151d\u00e9s\u00e9nek k\u00f6sz\u00f6nhet\u0151en, e m\u00e1sf\u00e9l \u00e9vtized alatt a hazai FMCG szektor egyik legdinamikusabban fejl\u0151d\u0151 kiskereskedelmi l\u00e1nc\u00e1v\u00e1 v\u00e1lt. Az elm\u00falt gazdas\u00e1gi \u00e9vben a v\u00e1llalat brutt\u00f3 549 milli\u00e1rd forint forgalmat realiz\u00e1lt, melynek 52 sz\u00e1zal\u00e9k\u00e1t a hazai besz\u00e1ll\u00edt\u00f3k term\u00e9keinek forgalmaz\u00e1s\u00e1b\u00f3l sz\u00e1rmaz\u00f3 \u00e1rbev\u00e9tel teszi ki. A legmagasabb ar\u00e1ny\u00fa magyar besz\u00e1ll\u00edt\u00f3i jelenl\u00e9t &#8230;<\/p>\n","protected":false},"author":1,"featured_media":0,"comment_status":"closed","ping_status":"open","sticky":false,"template":"","format":"standard","meta":[],"categories":[19],"tags":[],"_links":{"self":[{"href":"https:\/\/gazdasagportal.hu\/index.php\/wp-json\/wp\/v2\/posts\/121418"}],"collection":[{"href":"https:\/\/gazdasagportal.hu\/index.php\/wp-json\/wp\/v2\/posts"}],"about":[{"href":"https:\/\/gazdasagportal.hu\/index.php\/wp-json\/wp\/v2\/types\/post"}],"author":[{"embeddable":true,"href":"https:\/\/gazdasagportal.hu\/index.php\/wp-json\/wp\/v2\/users\/1"}],"replies":[{"embeddable":true,"href":"https:\/\/gazdasagportal.hu\/index.php\/wp-json\/wp\/v2\/comments?post=121418"}],"version-history":[{"count":1,"href":"https:\/\/gazdasagportal.hu\/index.php\/wp-json\/wp\/v2\/posts\/121418\/revisions"}],"predecessor-version":[{"id":121419,"href":"https:\/\/gazdasagportal.hu\/index.php\/wp-json\/wp\/v2\/posts\/121418\/revisions\/121419"}],"wp:attachment":[{"href":"https:\/\/gazdasagportal.hu\/index.php\/wp-json\/wp\/v2\/media?parent=121418"}],"wp:term":[{"taxonomy":"category","embeddable":true,"href":"https:\/\/gazdasagportal.hu\/index.php\/wp-json\/wp\/v2\/categories?post=121418"},{"taxonomy":"post_tag","embeddable":true,"href":"https:\/\/gazdasagportal.hu\/index.php\/wp-json\/wp\/v2\/tags?post=121418"}],"curies":[{"name":"wp","href":"https:\/\/api.w.org\/{rel}","templated":true}]}}