{"id":121370,"date":"2019-11-18T08:00:34","date_gmt":"2019-11-18T07:00:34","guid":{"rendered":"http:\/\/gazdasagportal.hu\/?p=121370"},"modified":"2019-11-18T08:00:34","modified_gmt":"2019-11-18T07:00:34","slug":"egy-evtizede-szeretet-ehseg-adomanygyujtes-a-tesco-aruhazakban","status":"publish","type":"post","link":"https:\/\/gazdasagportal.hu\/index.php\/egy-evtizede-szeretet-ehseg-adomanygyujtes-a-tesco-aruhazakban\/","title":{"rendered":"Egy \u00e9vtizede szeretet.\u00e9hs\u00e9g. adom\u00e1nygy\u0171jt\u00e9s a Tesco \u00e1ruh\u00e1zakban"},"content":{"rendered":"<p><strong>A Tesco id\u00e9n tizedik \u00e9ve vesz r\u00e9szt az\u00a0<\/strong><strong>\u00d6kumenikus\u00a0Seg\u00e9lyszervezet szeretet.\u00e9hs\u00e9g. Orsz\u00e1gos Adventi P\u00e9nzadom\u00e1nygy\u0171jt\u0151 kamp\u00e1ny\u00e1ban mint a szervezet strat\u00e9giai partnere. A v\u00e1s\u00e1rl\u00f3k november 11. \u00e9s december 24. k\u00f6z\u00f6tt 250 forintos adom\u00e1nykuponok v\u00e1s\u00e1rl\u00e1s\u00e1val t\u00e1mogathatj\u00e1k a Seg\u00e9lyszervezetet abban, hogy min\u00e9l t\u00f6bb csal\u00e1d \u00fcnnep\u00e9t tudj\u00e1k szebb\u00e9 tenni \u00e9s min\u00e9l t\u00f6bbeknek ny\u00fajthassanak seg\u00edts\u00e9get a h\u00e9tk\u00f6znapokban is. A tavalyi akci\u00f3 keret\u00e9ben t\u00f6bb mint 66 milli\u00f3 forint gy\u0171lt \u00edgy \u00f6ssze.<\/strong><!--more--><\/p>\n<div class=\"ads-in-post1\"><div id=\"gazdasagportal.hu_fullbanner_wideboard\"><\/div>\r\n<\/div>\n<p>Az adventi id\u0151szak alatt jellemz\u0151en t\u00f6bbet v\u00e1s\u00e1rolunk \u2013 aj\u00e1nd\u00e9kokra \u00e9s \u00e9telekre egyar\u00e1nt nagyobb \u00f6sszeget sz\u00e1nunk. A szeretet.\u00e9hs\u00e9g. p\u00e9nzadom\u00e1nygy\u0171jt\u00e9s remek lehet\u0151s\u00e9get ad arra, hogy egy kicsit szebb\u00e9 tegy\u00fck az \u00fcnnepet azoknak is, akik h\u00e1tr\u00e1nyos \u00e9letk\u00f6r\u00fclm\u00e9nyeik miatt mindezt nem engedhetik meg maguknak. A Tesco id\u00e9n m\u00e1r tizedik alkalommal t\u00e1mogatja az \u00d6kumenikus Seg\u00e9lyszervezet szeretet.\u00e9hs\u00e9g. Orsz\u00e1gos Adventi P\u00e9nzadom\u00e1nygy\u0171jt\u00e9s\u00e9t, melynek sor\u00e1n az \u00e1ruh\u00e1zl\u00e1nc v\u00e1s\u00e1rl\u00f3i \u00e9s dolgoz\u00f3i id\u00e9n november 11. \u00e9s december 24. k\u00f6z\u00f6tt a kassz\u00e1kn\u00e1l 250 forint \u00e9rt\u00e9k\u0171 adom\u00e1nykuponokat v\u00e1s\u00e1rolhatnak. Az ezek \u00e9rt\u00e9kes\u00edt\u00e9s\u00e9b\u0151l befolyt teljes \u00f6sszeget a Tesco az \u00d6kumenikus Seg\u00e9lyszervezetnek adja \u00e1t, akik neh\u00e9z helyzetben lev\u0151 csal\u00e1dokat \u00e9s gyermekeket t\u00e1mogathatnak bel\u0151le. Kov\u00e1cs Koko Istv\u00e1n, olimpiai \u00e9s vil\u00e1gbajnok \u00f6k\u00f6lv\u00edv\u00f3 az \u00d6kumenikus Seg\u00e9lyszervezet j\u00f3szolg\u00e1lati nagyk\u00f6vetek\u00e9nt \u00e1ll a kamp\u00e1ny mell\u00e9 id\u00e9n is.<br \/>\n<script async src=\"\/\/pagead2.googlesyndication.com\/pagead\/js\/adsbygoogle.js\"><\/script><br \/>\n<!-- 640x400 --><br \/>\n<ins class=\"adsbygoogle\"\n     style=\"display:inline-block;width:640px;height:400px\"\n     data-ad-client=\"ca-pub-1959107119989764\"\n     data-ad-slot=\"6491857550\"><\/ins><br \/>\n<script>\n(adsbygoogle = window.adsbygoogle || []).push({});\n<\/script><br \/>\nA seg\u00e9lyszervezet \u00e9s az \u00e1ruh\u00e1zl\u00e1nc egy \u00e9vtizedes egy\u00fcttm\u0171k\u00f6d\u00e9s\u00e9nek eredm\u00e9nyess\u00e9g\u00e9t j\u00f3l mutatja az adom\u00e1nyok egyre n\u00f6vekv\u0151 m\u00e9rt\u00e9ke. Tavaly a kamp\u00e1nyhoz csatlakoz\u00f3 c\u00e9gek k\u00f6z\u00fcl a legt\u00f6bb adom\u00e1nyt, t\u00f6bb mint 66 milli\u00f3 forintot az orsz\u00e1g legnagyobb adom\u00e1nygy\u0171jt\u0151 csapatak\u00e9nt a Tesco v\u00e1s\u00e1rl\u00f3i \u00e9s dolgoz\u00f3i gy\u0171jt\u00f6tt\u00e9k \u00f6ssze. A kamp\u00e1ny sor\u00e1n befolyt p\u00e9nzadom\u00e1nyokb\u00f3l az \u00d6kumenikus Seg\u00e9lyszervezet nemcsak az adventi id\u0151szakban, hanem eg\u00e9sz \u00e9vben t\u00e1mogatni tudja a r\u00e1szorul\u00f3kat \u2013 hiszen orsz\u00e1gos h\u00e1l\u00f3zat\u00e1n kereszt\u00fcl folyamatosan azon dolgozik, hogy val\u00f3di kit\u00f6r\u00e9si lehet\u0151s\u00e9geket biztos\u00edtson a szeg\u00e9nys\u00e9gben \u00e9l\u0151knek.<\/p>\n<p>A Tesco hisz benne, hogy minden apr\u00f3 figyelmess\u00e9g sz\u00e1m\u00edt, ez\u00e9rt a szervezet strat\u00e9giai partnerek\u00e9nt a szeretet.\u00e9hs\u00e9g. kamp\u00e1ny mellett t\u00f6bbek k\u00f6z\u00f6tt az \u00d6kumenikus Seg\u00e9lyszervezet Felh\u0151tlen Gyermekkor kamp\u00e1ny\u00e1t is rendszeresen t\u00e1mogatja, melynek c\u00e9lja a neh\u00e9z sors\u00fa \u00e9s h\u00e1tr\u00e1nyos helyzet\u0171 gyermekek seg\u00edt\u00e9se. Az \u00e1ruh\u00e1zl\u00e1nc emellett \u00e9vente t\u00f6bb alkalommal tart tart\u00f3s\u00e9lelmiszer-gy\u0171jt\u0151 kamp\u00e1nyokat, illetve t\u00f6bb mint 170 \u00e1ruh\u00e1zb\u00f3l minden nap a r\u00e1szorul\u00f3k sz\u00e1m\u00e1ra aj\u00e1nlja fel a m\u00e1r nem eladhat\u00f3, de fogyaszt\u00e1sra m\u00e9g alkalmas \u00e9lelmiszert.<br \/>\n<div class=\"ads-in-post2\"><script async src=\"https:\/\/pagead2.googlesyndication.com\/pagead\/js\/adsbygoogle.js\"><\/script>\r\n<ins class=\"adsbygoogle\"\r\n     style=\"display:block\"\r\n     data-ad-format=\"fluid\"\r\n     data-ad-layout-key=\"-6t+ed+2i-1n-4w\"\r\n     data-ad-client=\"ca-pub-1959107119989764\"\r\n     data-ad-slot=\"4008251320\"><\/ins>\r\n<script>\r\n     (adsbygoogle = window.adsbygoogle || []).push({});\r\n<\/script><\/div>\n","protected":false},"excerpt":{"rendered":"<p>A Tesco id\u00e9n tizedik \u00e9ve vesz r\u00e9szt az\u00a0\u00d6kumenikus\u00a0Seg\u00e9lyszervezet szeretet.\u00e9hs\u00e9g. Orsz\u00e1gos Adventi P\u00e9nzadom\u00e1nygy\u0171jt\u0151 kamp\u00e1ny\u00e1ban mint a szervezet strat\u00e9giai partnere. A v\u00e1s\u00e1rl\u00f3k november 11. \u00e9s december 24. k\u00f6z\u00f6tt 250 forintos adom\u00e1nykuponok v\u00e1s\u00e1rl\u00e1s\u00e1val t\u00e1mogathatj\u00e1k a Seg\u00e9lyszervezetet abban, hogy min\u00e9l t\u00f6bb csal\u00e1d \u00fcnnep\u00e9t tudj\u00e1k szebb\u00e9 tenni \u00e9s min\u00e9l t\u00f6bbeknek ny\u00fajthassanak seg\u00edts\u00e9get a h\u00e9tk\u00f6znapokban is. A tavalyi akci\u00f3 keret\u00e9ben t\u00f6bb &#8230;<\/p>\n","protected":false},"author":1,"featured_media":0,"comment_status":"closed","ping_status":"open","sticky":false,"template":"","format":"standard","meta":[],"categories":[4,19],"tags":[],"_links":{"self":[{"href":"https:\/\/gazdasagportal.hu\/index.php\/wp-json\/wp\/v2\/posts\/121370"}],"collection":[{"href":"https:\/\/gazdasagportal.hu\/index.php\/wp-json\/wp\/v2\/posts"}],"about":[{"href":"https:\/\/gazdasagportal.hu\/index.php\/wp-json\/wp\/v2\/types\/post"}],"author":[{"embeddable":true,"href":"https:\/\/gazdasagportal.hu\/index.php\/wp-json\/wp\/v2\/users\/1"}],"replies":[{"embeddable":true,"href":"https:\/\/gazdasagportal.hu\/index.php\/wp-json\/wp\/v2\/comments?post=121370"}],"version-history":[{"count":1,"href":"https:\/\/gazdasagportal.hu\/index.php\/wp-json\/wp\/v2\/posts\/121370\/revisions"}],"predecessor-version":[{"id":121371,"href":"https:\/\/gazdasagportal.hu\/index.php\/wp-json\/wp\/v2\/posts\/121370\/revisions\/121371"}],"wp:attachment":[{"href":"https:\/\/gazdasagportal.hu\/index.php\/wp-json\/wp\/v2\/media?parent=121370"}],"wp:term":[{"taxonomy":"category","embeddable":true,"href":"https:\/\/gazdasagportal.hu\/index.php\/wp-json\/wp\/v2\/categories?post=121370"},{"taxonomy":"post_tag","embeddable":true,"href":"https:\/\/gazdasagportal.hu\/index.php\/wp-json\/wp\/v2\/tags?post=121370"}],"curies":[{"name":"wp","href":"https:\/\/api.w.org\/{rel}","templated":true}]}}