{"id":121365,"date":"2019-11-17T13:42:41","date_gmt":"2019-11-17T12:42:41","guid":{"rendered":"http:\/\/gazdasagportal.hu\/?p=121365"},"modified":"2019-11-17T09:45:34","modified_gmt":"2019-11-17T08:45:34","slug":"telefonon-egyeztettek-a-kinai-es-amerikai-kereskedelmi-targyalok","status":"publish","type":"post","link":"https:\/\/gazdasagportal.hu\/index.php\/telefonon-egyeztettek-a-kinai-es-amerikai-kereskedelmi-targyalok\/","title":{"rendered":"Telefonon egyeztettek a k\u00ednai \u00e9s amerikai kereskedelmi t\u00e1rgyal\u00f3k"},"content":{"rendered":"<p><strong>Telefonon egyeztettek a k\u00ednai \u00e9s amerikai kereskedelmi t\u00e1rgyal\u00f3k, akik a k\u00e9t orsz\u00e1g k\u00f6z\u00f6tt 16 h\u00f3napja tart\u00f3 kereskedelmi h\u00e1bor\u00fa lez\u00e1r\u00e1s\u00e1t c\u00e9lz\u00f3 r\u00e9szmeg\u00e1llapod\u00e1s el\u0151k\u00e9sz\u00edt\u00e9s\u00e9n dolgoznak &#8211; jelentette a Hszinhua k\u00ednai \u00e1llami h\u00edr\u00fcgyn\u00f6ks\u00e9g vas\u00e1rnap.<\/strong><!--more--><\/p>\n<div class=\"ads-in-post1\"><div id=\"gazdasagportal.hu_fullbanner_wideboard\"><\/div>\r\n<\/div>\n<p>    A sz\u0171kszav\u00fa jelent\u00e9s szerint Liu Ho k\u00ednai minisztereln\u00f6k-helyettes, Robert Lighthizer amerikai kereskedelmi f\u0151t\u00e1rgyal\u00f3, valamint Steven Mnuchin amerikai p\u00e9nz\u00fcgyminiszter szombaton &#8222;konstrukt\u00edv&#8221; megbesz\u00e9l\u00e9st folytatott, melynek sor\u00e1n megvitatt\u00e1k a k\u00e9t f\u00e9l kulcsfontoss\u00e1g\u00fa aggodalmait az el\u0151zetes kereskedelmi meg\u00e1llapod\u00e1s els\u0151 szakasz\u00e1t illet\u0151en. A felek abban egyeztek meg, hogy folytatj\u00e1k a szoros egyeztet\u00e9seket &#8211; teszi hozz\u00e1 a Hszinhua jelent\u00e9se.<br \/>\n    A telefonos megbesz\u00e9l\u00e9s el\u0151zm\u00e9nyek\u00e9nt november 7-\u00e9n a k\u00ednai kereskedelmi miniszt\u00e9rium bejelentette, hogy az Egyes\u00fclt \u00c1llamok \u00e9s K\u00edna meg\u00e1llapodott: a k\u00e9toldal\u00fa kereskedelmi t\u00e1rgyal\u00e1sok el\u0151rehaladt\u00e1val p\u00e1rhuzamosan fokozatosan kivezetik az egym\u00e1s term\u00e9keire kor\u00e1ban bevezetett p\u00f3tv\u00e1mokat. Donald Trump amerikai eln\u00f6k azonban egy nappal k\u00e9s\u0151bb c\u00e1folta a bejelent\u00e9st, \u00e1ll\u00edt\u00e1sa szerint ugyanis nem egyezett bele a p\u00f3tv\u00e1mok kivezet\u00e9s\u00e9be. Az ellentmond\u00e1sos nyilatkozatok bizonytalans\u00e1got alak\u00edtottak ki a r\u00e9szmeg\u00e1llapod\u00e1s k\u00f6r\u00fcl, ezt pedig csak fokozta, hogy m\u00edg a kor\u00e1bbi tervek szerint a r\u00e9szmeg\u00e1llapod\u00e1st a k\u00e9t eln\u00f6k az \u00c1zsiai-csendes-\u00f3ce\u00e1ni Gazdas\u00e1gi Egy\u00fcttm\u0171k\u00f6d\u00e9s (APEC) november 16-17-\u00e9n esed\u00e9kes chilei cs\u00facstal\u00e1lkoz\u00f3j\u00e1n \u00edrhatta volna al\u00e1, Chile belpolitikai okok miatt lemondta a cs\u00facs\u00e9rtekezlet megtart\u00e1s\u00e1t, a felek pedig az\u00f3ta nem jelentettek be \u00fajabb helysz\u00ednt, vagy id\u0151pontot.<br \/>\n<script async src=\"\/\/pagead2.googlesyndication.com\/pagead\/js\/adsbygoogle.js\"><\/script><br \/>\n<!-- 640x400 --><br \/>\n<ins class=\"adsbygoogle\"\n     style=\"display:inline-block;width:640px;height:400px\"\n     data-ad-client=\"ca-pub-1959107119989764\"\n     data-ad-slot=\"6491857550\"><\/ins><br \/>\n<script>\n(adsbygoogle = window.adsbygoogle || []).push({});\n<\/script><br \/>\n    Larry Kudlow, a Feh\u00e9r H\u00e1z gazdas\u00e1gi f\u0151tan\u00e1csad\u00f3ja p\u00e9nteken meger\u0151s\u00edtette: a felek k\u00f6zelednek egy kereskedelmi konfliktus lez\u00e1r\u00e1s\u00e1t el\u0151seg\u00edt\u0151 meg\u00e1llapod\u00e1shoz, az al\u00e1\u00edr\u00e1s pontos d\u00e1tum\u00e1t azonban egyel\u0151re nem t\u0171zt\u00e9k ki. Hozz\u00e1tette azonban: a r\u00e9szmeg\u00e1llapod\u00e1s al\u00e1\u00edr\u00e1sa miniszteri szinten is megt\u00f6rt\u00e9nhet, nem felt\u00e9tlen sz\u00fcks\u00e9ges teh\u00e1t a k\u00e9t eln\u00f6k tal\u00e1lkoz\u00f3j\u00e1ra v\u00e1rni.<br \/>\n    A v\u00e1rakoz\u00e1sok szerint a kidolgoz\u00e1s alatt \u00e1ll\u00f3 \u00e9s az \u00e9v v\u00e9g\u00e9ig al\u00e1\u00edrand\u00f3 els\u0151 r\u00e9szmeg\u00e1llapod\u00e1sban az Egyes\u00fclt \u00c1llamok v\u00e1llalja, hogy december 15-\u00e9n m\u00e9gsem vezeti be a 156 milli\u00e1rd doll\u00e1r \u00e9rt\u00e9k\u0171 k\u00ednai importcikkekre &#8211; k\u00f6zt\u00fck mobiltelefonokra, laptopokra \u00e9s j\u00e1t\u00e9kokra &#8211; \u00edg\u00e9rt 10 sz\u00e1zal\u00e9kos p\u00f3tv\u00e1mot. Trump eln\u00f6k azonban kedden a m\u00e1r \u00e9rv\u00e9nyben l\u00e9v\u0151 p\u00f3tv\u00e1mok l\u00e9nyeges megemel\u00e9s\u00e9vel fenyegette K\u00edn\u00e1t arra az esetre, ha Peking nem k\u00f6ti meg a meg\u00e1llapod\u00e1st Washingtonnal.(MTI)<br \/>\n<div class=\"ads-in-post2\"><script async src=\"https:\/\/pagead2.googlesyndication.com\/pagead\/js\/adsbygoogle.js\"><\/script>\r\n<ins class=\"adsbygoogle\"\r\n     style=\"display:block\"\r\n     data-ad-format=\"fluid\"\r\n     data-ad-layout-key=\"-6t+ed+2i-1n-4w\"\r\n     data-ad-client=\"ca-pub-1959107119989764\"\r\n     data-ad-slot=\"4008251320\"><\/ins>\r\n<script>\r\n     (adsbygoogle = window.adsbygoogle || []).push({});\r\n<\/script><\/div>\n","protected":false},"excerpt":{"rendered":"<p>Telefonon egyeztettek a k\u00ednai \u00e9s amerikai kereskedelmi t\u00e1rgyal\u00f3k, akik a k\u00e9t orsz\u00e1g k\u00f6z\u00f6tt 16 h\u00f3napja tart\u00f3 kereskedelmi h\u00e1bor\u00fa lez\u00e1r\u00e1s\u00e1t c\u00e9lz\u00f3 r\u00e9szmeg\u00e1llapod\u00e1s el\u0151k\u00e9sz\u00edt\u00e9s\u00e9n dolgoznak &#8211; jelentette a Hszinhua k\u00ednai \u00e1llami h\u00edr\u00fcgyn\u00f6ks\u00e9g vas\u00e1rnap.<\/p>\n","protected":false},"author":1001003,"featured_media":0,"comment_status":"closed","ping_status":"open","sticky":false,"template":"","format":"standard","meta":[],"categories":[246],"tags":[],"_links":{"self":[{"href":"https:\/\/gazdasagportal.hu\/index.php\/wp-json\/wp\/v2\/posts\/121365"}],"collection":[{"href":"https:\/\/gazdasagportal.hu\/index.php\/wp-json\/wp\/v2\/posts"}],"about":[{"href":"https:\/\/gazdasagportal.hu\/index.php\/wp-json\/wp\/v2\/types\/post"}],"author":[{"embeddable":true,"href":"https:\/\/gazdasagportal.hu\/index.php\/wp-json\/wp\/v2\/users\/1001003"}],"replies":[{"embeddable":true,"href":"https:\/\/gazdasagportal.hu\/index.php\/wp-json\/wp\/v2\/comments?post=121365"}],"version-history":[{"count":1,"href":"https:\/\/gazdasagportal.hu\/index.php\/wp-json\/wp\/v2\/posts\/121365\/revisions"}],"predecessor-version":[{"id":121366,"href":"https:\/\/gazdasagportal.hu\/index.php\/wp-json\/wp\/v2\/posts\/121365\/revisions\/121366"}],"wp:attachment":[{"href":"https:\/\/gazdasagportal.hu\/index.php\/wp-json\/wp\/v2\/media?parent=121365"}],"wp:term":[{"taxonomy":"category","embeddable":true,"href":"https:\/\/gazdasagportal.hu\/index.php\/wp-json\/wp\/v2\/categories?post=121365"},{"taxonomy":"post_tag","embeddable":true,"href":"https:\/\/gazdasagportal.hu\/index.php\/wp-json\/wp\/v2\/tags?post=121365"}],"curies":[{"name":"wp","href":"https:\/\/api.w.org\/{rel}","templated":true}]}}