{"id":121358,"date":"2019-11-16T18:01:34","date_gmt":"2019-11-16T17:01:34","guid":{"rendered":"http:\/\/gazdasagportal.hu\/?p=121358"},"modified":"2019-11-16T18:01:34","modified_gmt":"2019-11-16T17:01:34","slug":"szazezrek-koveteltek-a-cseh-kormanyfo-lemondasat-pragaban","status":"publish","type":"post","link":"https:\/\/gazdasagportal.hu\/index.php\/szazezrek-koveteltek-a-cseh-kormanyfo-lemondasat-pragaban\/","title":{"rendered":"Sz\u00e1zezrek k\u00f6vetelt\u00e9k a cseh korm\u00e1nyf\u0151 lemond\u00e1s\u00e1t Pr\u00e1g\u00e1ban"},"content":{"rendered":"<p><strong>Andrej Babis cseh minisztereln\u00f6k lemond\u00e1s\u00e1t k\u00f6vetelte szombaton Pr\u00e1g\u00e1ban a Milli\u00f3 pillanat a demokr\u00e1ci\u00e1\u00e9rt nev\u0171 civil t\u00e1rsul\u00e1s szervezte nagygy\u0171l\u00e9s legal\u00e1bb 200 ezer r\u00e9sztvev\u0151je.<\/strong><!--more--><\/p>\n<div class=\"ads-in-post1\"><div id=\"gazdasagportal.hu_fullbanner_wideboard\"><\/div>\r\n<\/div>\n<p>    A t\u00fcntet\u00e9s szervez\u0151i szerint Andrej Babis politikai szerepv\u00e1llal\u00e1sa \u00f6sszef\u00e9rhetetlen v\u00e1llalkoz\u00f3i tev\u00e9kenys\u00e9g\u00e9vel, ez\u00e9rt vagy meg kellene v\u00e1lnia vagyon\u00e1t\u00f3l, vagy t\u00e1voznia kellene a korm\u00e1ny \u00e9l\u00e9r\u0151l.<br \/>\n    Mikul\u00e1s Min\u00e1r, a Milli\u00f3 pillanat a demokr\u00e1ci\u00e1\u00e9rt t\u00e1rsul\u00e1s eln\u00f6ke k\u00f6z\u00f6lte: ha Babis az \u00e9v v\u00e9g\u00e9ig nem tesz eleget a k\u00f6vetel\u00e9seknek, akkor janu\u00e1r 7-\u00e9n \u00fajabb tiltakoz\u00e1si hull\u00e1mot ind\u00edtanak el.<br \/>\n    Andrej Babis t\u00e1voz\u00e1sa \u00e9rdek\u00e9ben a civil t\u00e1rsul\u00e1s al\u00e1\u00edr\u00e1sgy\u0171jt\u00e9st is ind\u00edtott, s a c\u00e9l legal\u00e1bb egymilli\u00f3 t\u00e1mogat\u00f3 megszerz\u00e9se. A t\u00e1rsul\u00e1s kor\u00e1bbi, hasonl\u00f3 c\u00e9l\u00fa pet\u00edci\u00f3ja al\u00e1 azonban a tervezett egymilli\u00f3 al\u00e1\u00edr\u00e1st mindeddig nem siker\u00fclt \u00f6sszegy\u0171jteni.<br \/>\n    A korm\u00e1nyf\u0151 az Agrofert Holding tulajdonosak\u00e9nt Csehorsz\u00e1g m\u00e1sodik leggazdagabb embere. Az ellenz\u00e9k, a civil szf\u00e9ra \u00e9s a sajt\u00f3 egy r\u00e9sze azzal gyan\u00fas\u00edtja, hogy vissza\u00e9l politikai tiszts\u00e9g\u00e9vel \u00e9s poz\u00edci\u00f3j\u00e1t szem\u00e9lyes vagyon\u00e1nak gyarapod\u00e1s\u00e1ra haszn\u00e1lja. B\u00edr\u00e1lj\u00e1k azt is, hogy Babis a rendszerv\u00e1lt\u00e1s el\u0151tt tagja volt a kommunista p\u00e1rtnak, \u00e9s \u00e1ll\u00edt\u00f3lag egy\u00fcttm\u0171k\u00f6d\u00f6tt az \u00e1llambiztons\u00e1gi szolg\u00e1lattal.<br \/>\n    Babis a v\u00e1dakat elutas\u00edtja, \u00e9s ism\u00e9telten azt \u00e1ll\u00edtja: nem \u00e1ll fenn \u00f6sszef\u00e9rhetetlens\u00e9g, mert c\u00e9geit, az Agrofert Holdingot 2017 febru\u00e1rj\u00e1ban a hat\u00e1lyos t\u00f6rv\u00e9ny \u00e9rtelm\u00e9ben m\u00e1r vagyonkezel\u0151 alapokba helyezte.<br \/>\n<script async src=\"\/\/pagead2.googlesyndication.com\/pagead\/js\/adsbygoogle.js\"><\/script><br \/>\n<!-- 640x400 --><br \/>\n<ins class=\"adsbygoogle\"\n     style=\"display:inline-block;width:640px;height:400px\"\n     data-ad-client=\"ca-pub-1959107119989764\"\n     data-ad-slot=\"6491857550\"><\/ins><br \/>\n<script>\n(adsbygoogle = window.adsbygoogle || []).push({});\n<\/script><br \/>\n    A szervez\u0151k mintegy 300 ezerre, a rend\u0151rs\u00e9g pedig 200 ezerre becs\u00fclte a Letn\u00e1 t\u00e9ri t\u00fcntet\u00e9s r\u00e9sztvev\u0151inek sz\u00e1m\u00e1t. Az 1989-es rendszerv\u00e1lt\u00e1s \u00f3ta ez volt az egyik legnagyobb korm\u00e1nyellenes megmozdul\u00e1s Csehorsz\u00e1gban.<br \/>\n    &#8222;Harminc \u00e9ve szabads\u00e1gban \u00e9s demokr\u00e1ci\u00e1ban \u00e9l\u00fcnk, az embereknek joguk van a v\u00e9lem\u00e9nynyilv\u00e1n\u00edt\u00e1shoz, ezt senki sem tiltja nekik&#8221; &#8211; mondta Babis m\u00e9g a t\u00fcntet\u00e9s el\u0151tt \u00fajs\u00e1g\u00edr\u00f3knak. Lesz\u00f6gezte: Csehorsz\u00e1gban szabad v\u00e1laszt\u00e1sokat tartanak, s a korm\u00e1ny a v\u00e1laszt\u00e1si eredm\u00e9nyek alapj\u00e1n j\u00f6n l\u00e9tre. B\u00edr\u00e1l\u00f3inak azt javasolta, m\u00e9ress\u00e9k meg magukat a k\u00f6vetkez\u0151 szabad v\u00e1laszt\u00e1sokon.<br \/>\n    Benjamin Roll, a Milli\u00f3 pillanat a demokr\u00e1ci\u00e1\u00e9rt aleln\u00f6ke kijelentette: tiltakoz\u00e1suk nem a v\u00e1laszt\u00e1si eredm\u00e9nyek, hanem azon politikusok ellen ir\u00e1nyul, akik vissza\u00e9lnek a v\u00e1laszt\u00e1sokon megszerzett hatalmukkal.<br \/>\n    A cseh k\u00f6zszolg\u00e1lati telev\u00edzi\u00f3 \u00e1ltal egyenes ad\u00e1sban k\u00f6zvet\u00edtett t\u00fcntet\u00e9sen elhangzott tov\u00e1bbi k\u00f6vetel\u00e9s az volt, hogy t\u00e1vozzon tiszts\u00e9g\u00e9b\u0151l Marie Benesov\u00e1 igazs\u00e1g\u00fcgyi miniszter. Benesov\u00e1t azzal gyan\u00fas\u00edtj\u00e1k, hogy sz\u00fcks\u00e9g eset\u00e9n k\u00e9sz lenne le\u00e1ll\u00edtani a Babis ellen foly\u00f3 elj\u00e1r\u00e1sokat. A harmadik k\u00f6vetel\u00e9s, hogy er\u0151s\u00edts\u00e9k meg a b\u00edr\u00f3s\u00e1gok, az \u00fcgy\u00e9szs\u00e9g \u00e9s a k\u00f6zm\u00e9dia f\u00fcggetlens\u00e9g\u00e9t. A t\u00fcntet\u00e9sen elfogadott nyilatkozat ugyanakkor felsz\u00f3l\u00edtotta az ellenz\u00e9ki jobboldali p\u00e1rtokat, hogy a demokr\u00e1cia v\u00e9delme \u00e9rdek\u00e9ben fogjanak \u00f6ssze \u00e9s legyenek akt\u00edvabbak.<br \/>\n    A Letn\u00e1 t\u00e9ri t\u00fcntet\u00e9sen \u00e9s a k\u00f6zszolg\u00e1lati h\u00edrtelev\u00edzi\u00f3ban elhangzott besz\u00e9dekben t\u00f6bbsz\u00f6r is elhangzott: nem szabad megengedni, hogy n\u00e1luk is a magyarorsz\u00e1gihoz vagy a lengyelorsz\u00e1gihoz hasonl\u00f3 helyzet alakuljon ki. A pr\u00e1gai megmozdul\u00e1s r\u00e9sztvev\u0151i szerint a korm\u00e1nyzat mindk\u00e9t orsz\u00e1gban megs\u00e9rti a demokr\u00e1cia szab\u00e1lyait.(MTI)<\/p>\n","protected":false},"excerpt":{"rendered":"<p>Andrej Babis cseh minisztereln\u00f6k lemond\u00e1s\u00e1t k\u00f6vetelte szombaton Pr\u00e1g\u00e1ban a Milli\u00f3 pillanat a demokr\u00e1ci\u00e1\u00e9rt nev\u0171 civil t\u00e1rsul\u00e1s szervezte nagygy\u0171l\u00e9s legal\u00e1bb 200 ezer r\u00e9sztvev\u0151je.<\/p>\n","protected":false},"author":1001003,"featured_media":0,"comment_status":"closed","ping_status":"open","sticky":false,"template":"","format":"standard","meta":[],"categories":[12],"tags":[],"_links":{"self":[{"href":"https:\/\/gazdasagportal.hu\/index.php\/wp-json\/wp\/v2\/posts\/121358"}],"collection":[{"href":"https:\/\/gazdasagportal.hu\/index.php\/wp-json\/wp\/v2\/posts"}],"about":[{"href":"https:\/\/gazdasagportal.hu\/index.php\/wp-json\/wp\/v2\/types\/post"}],"author":[{"embeddable":true,"href":"https:\/\/gazdasagportal.hu\/index.php\/wp-json\/wp\/v2\/users\/1001003"}],"replies":[{"embeddable":true,"href":"https:\/\/gazdasagportal.hu\/index.php\/wp-json\/wp\/v2\/comments?post=121358"}],"version-history":[{"count":1,"href":"https:\/\/gazdasagportal.hu\/index.php\/wp-json\/wp\/v2\/posts\/121358\/revisions"}],"predecessor-version":[{"id":121359,"href":"https:\/\/gazdasagportal.hu\/index.php\/wp-json\/wp\/v2\/posts\/121358\/revisions\/121359"}],"wp:attachment":[{"href":"https:\/\/gazdasagportal.hu\/index.php\/wp-json\/wp\/v2\/media?parent=121358"}],"wp:term":[{"taxonomy":"category","embeddable":true,"href":"https:\/\/gazdasagportal.hu\/index.php\/wp-json\/wp\/v2\/categories?post=121358"},{"taxonomy":"post_tag","embeddable":true,"href":"https:\/\/gazdasagportal.hu\/index.php\/wp-json\/wp\/v2\/tags?post=121358"}],"curies":[{"name":"wp","href":"https:\/\/api.w.org\/{rel}","templated":true}]}}