{"id":121356,"date":"2019-11-16T15:47:18","date_gmt":"2019-11-16T14:47:18","guid":{"rendered":"http:\/\/gazdasagportal.hu\/?p=121356"},"modified":"2019-11-16T13:48:31","modified_gmt":"2019-11-16T12:48:31","slug":"a-volkswagen-csoport-60-milliard-eurot-fordit-az-elektromobilitasra-es-a-digitalizaciora","status":"publish","type":"post","link":"https:\/\/gazdasagportal.hu\/index.php\/a-volkswagen-csoport-60-milliard-eurot-fordit-az-elektromobilitasra-es-a-digitalizaciora\/","title":{"rendered":"A Volkswagen csoport 60 milli\u00e1rd eur\u00f3t ford\u00edt az elektromobilit\u00e1sra \u00e9s a digitaliz\u00e1ci\u00f3ra"},"content":{"rendered":"<p><strong>A Volkswagen csoport (VW) 60 milli\u00e1rd eur\u00f3t (20 ezer milli\u00e1rd forint) ford\u00edt az elektromobilit\u00e1sra \u00e9s a digitaliz\u00e1ci\u00f3 ter\u00fclet\u00e9re a k\u00f6vetkez\u0151 \u00f6t \u00e9vben, err\u0151l p\u00e9nteken d\u00f6nt\u00f6tt a n\u00e9met j\u00e1rm\u0171gy\u00e1rt\u00f3 t\u00e1rsas\u00e1g fel\u00fcgyel\u0151bizotts\u00e1ga.<\/strong><!--more--><\/p>\n<div class=\"ads-in-post1\"><div id=\"gazdasagportal.hu_fullbanner_wideboard\"><\/div>\r\n<\/div>\n<p>    K\u00f6zlem\u00e9ny\u00fck szerint a k\u00e9t ter\u00fcletre sz\u00e1nt \u00f6sszeg a 2020-2024-es id\u0151szakban tervezett valamennyi beruh\u00e1z\u00e1si \u00e9s kutat\u00e1s-fejleszt\u00e9si kiad\u00e1s 40 sz\u00e1zal\u00e9k\u00e1t teszi ki.<br \/>\n    A t\u00e1rsas\u00e1g kor\u00e1bban j\u00f3val kisebb hangs\u00falyt fektetett az elektromobilit\u00e1sra \u00e9s a digitaliz\u00e1ci\u00f3ra. Az el\u0151z\u0151 \u00f6t\u00e9ves tervez\u00e9si szakaszban &#8211; amelyben a 2019 \u00e9s 2023 k\u00f6z\u00f6tti id\u0151szakra k\u00e9sz\u00edtettek terveket &#8211; m\u00e9g azzal sz\u00e1moltak, hogy 44 milli\u00e1rd eur\u00f3t \u00f6sszpontos\u00edtanak erre a k\u00e9t ter\u00fcletre, ami valamennyi beruh\u00e1z\u00e1si \u00e9s kutat\u00e1s-fejleszt\u00e9si kiad\u00e1s 30 sz\u00e1zal\u00e9k\u00e1t jelenti.<br \/>\n    A friss\u00edtett tervben el\u0151ir\u00e1nyzott 60 milli\u00e1rd eur\u00f3 nagyobbik r\u00e9sze, 33 milli\u00e1rd eur\u00f3 az elektromobilit\u00e1s ter\u00fclet\u00e9re jut. A program r\u00e9szek\u00e9nt a csoport tiszt\u00e1n elektromos meghajt\u00e1s\u00fa modelljeinek gy\u00e1rt\u00e1s\u00e1ra \u00e1ll\u00edtanak \u00e1t a zwickaui ut\u00e1n n\u00e9gy tov\u00e1bbi n\u00e9metorsz\u00e1gi \u00fczemet &#8211; Emden, Hannover, Zuffenhausen \u00e9s Drezda  -, valamint a csehorsz\u00e1gi Mlada Boleslav, az amerikai Chattanogga \u00e9s a k\u00ednai Fosan v\u00e1ros\u00e1ban \u00e9s az ugyancsak k\u00ednai Sanghaj t\u00e9rs\u00e9g\u00e9ben fekv\u0151 Antingban m\u0171k\u00f6d\u0151 \u00fczemet.<br \/>\n<script async src=\"\/\/pagead2.googlesyndication.com\/pagead\/js\/adsbygoogle.js\"><\/script><br \/>\n<!-- 640x400 --><br \/>\n<ins class=\"adsbygoogle\"\n     style=\"display:inline-block;width:640px;height:400px\"\n     data-ad-client=\"ca-pub-1959107119989764\"\n     data-ad-slot=\"6491857550\"><\/ins><br \/>\n<script>\n(adsbygoogle = window.adsbygoogle || []).push({});\n<\/script><br \/>\n    Az \u00f6sszeg m\u00e1sik r\u00e9sz\u00e9t, 27 milli\u00e1rd eur\u00f3t a digitaliz\u00e1ci\u00f3ra \u00e9s az \u00fagynevezett hibridiz\u00e1ci\u00f3ra, bels\u0151\u00e9g\u00e9s\u0171 \u00e9s elektromos motorral egyar\u00e1nt rendelkez\u0151 modellek fejleszt\u00e9s\u00e9re ford\u00edtj\u00e1k.<br \/>\n     Zwickauban november elej\u00e9n kezdt\u00e9k meg az els\u0151 teljesen elektromos Volkswagen szem\u00e9lyaut\u00f3, az ID.3 sorozatgy\u00e1rt\u00e1s\u00e1t. A fel\u00fcgyel\u0151bizotts\u00e1g p\u00e9nteki \u00fcl\u00e9s\u00e9n szint\u00e9n friss\u00edtett, a k\u00f6vetkez\u0151 t\u00edz \u00e9vre kitekint\u0151 modellfejleszt\u00e9si terv szerint 2029-ig 75 tiszt\u00e1n elektromos meghajt\u00e1s\u00fa \u00e9s 60 hibrid modellt vezetnek be. A tervhez tartoz\u00f3 el\u0151rejelz\u00e9s szerint az eladott elektromos kocsik sz\u00e1ma 2029-re el\u00e9ri a 26 milli\u00f3t, a hibridek\u00e9 pedig megk\u00f6zel\u00edti a hatmilli\u00f3t.<br \/>\n    A VW a vil\u00e1g vezet\u0151 j\u00e1rm\u0171gy\u00e1rt\u00f3 csoportja. Az id\u00e9n a janu\u00e1r-szeptemberi id\u0151szakban 8,005 milli\u00f3 j\u00e1rm\u0171vet \u00e9rt\u00e9kes\u00edtett, ami 1,5 sz\u00e1zal\u00e9kos cs\u00f6kken\u00e9s az egy \u00e9vvel kor\u00e1bbi 8,131 milli\u00f3hoz k\u00e9pest. \u00c1rbev\u00e9tele 186,617 milli\u00e1rd eur\u00f3 volt, ami 6,9 sz\u00e1zal\u00e9kos n\u00f6veked\u00e9s az egy \u00e9vvel kor\u00e1bbi 174,577 milli\u00e1rd eur\u00f3hoz k\u00e9pest. Az ad\u00f3z\u00e1s ut\u00e1ni nyeres\u00e9g 11,154 milli\u00e1rd eur\u00f3 volt, 19 sz\u00e1zal\u00e9kkal haladta meg az el\u0151z\u0151 \u00e9v azonos id\u0151szak\u00e1ban el\u00e9rt 9,376 milli\u00e1rd eur\u00f3t.<br \/>\n     A csoporthoz a n\u00e9vad\u00f3 Volkswagen \u00e9s a Porsche mellett az Audi, a Bentley, a Bugatti, a Lamborghini, a Seat \u00e9s a Skoda, valamint a Ducati sportmotorker\u00e9kp\u00e1r tartozik, \u00e9s saj\u00e1t m\u00e1rk\u00e1j\u00fa haszonj\u00e1rm\u0171vei mellett a Scania \u00e9s a MAN teherg\u00e9pj\u00e1rm\u0171veket is a Volkswagen gy\u00e1rtja.(MTI)<br \/>\n<div class=\"ads-in-post2\"><script async src=\"https:\/\/pagead2.googlesyndication.com\/pagead\/js\/adsbygoogle.js\"><\/script>\r\n<ins class=\"adsbygoogle\"\r\n     style=\"display:block\"\r\n     data-ad-format=\"fluid\"\r\n     data-ad-layout-key=\"-6t+ed+2i-1n-4w\"\r\n     data-ad-client=\"ca-pub-1959107119989764\"\r\n     data-ad-slot=\"4008251320\"><\/ins>\r\n<script>\r\n     (adsbygoogle = window.adsbygoogle || []).push({});\r\n<\/script><\/div>\n","protected":false},"excerpt":{"rendered":"<p>A Volkswagen csoport (VW) 60 milli\u00e1rd eur\u00f3t (20 ezer milli\u00e1rd forint) ford\u00edt az elektromobilit\u00e1sra \u00e9s a digitaliz\u00e1ci\u00f3 ter\u00fclet\u00e9re a k\u00f6vetkez\u0151 \u00f6t \u00e9vben, err\u0151l p\u00e9nteken d\u00f6nt\u00f6tt a n\u00e9met j\u00e1rm\u0171gy\u00e1rt\u00f3 t\u00e1rsas\u00e1g fel\u00fcgyel\u0151bizotts\u00e1ga.<\/p>\n","protected":false},"author":1001003,"featured_media":0,"comment_status":"closed","ping_status":"open","sticky":false,"template":"","format":"standard","meta":[],"categories":[12,8,246],"tags":[],"_links":{"self":[{"href":"https:\/\/gazdasagportal.hu\/index.php\/wp-json\/wp\/v2\/posts\/121356"}],"collection":[{"href":"https:\/\/gazdasagportal.hu\/index.php\/wp-json\/wp\/v2\/posts"}],"about":[{"href":"https:\/\/gazdasagportal.hu\/index.php\/wp-json\/wp\/v2\/types\/post"}],"author":[{"embeddable":true,"href":"https:\/\/gazdasagportal.hu\/index.php\/wp-json\/wp\/v2\/users\/1001003"}],"replies":[{"embeddable":true,"href":"https:\/\/gazdasagportal.hu\/index.php\/wp-json\/wp\/v2\/comments?post=121356"}],"version-history":[{"count":1,"href":"https:\/\/gazdasagportal.hu\/index.php\/wp-json\/wp\/v2\/posts\/121356\/revisions"}],"predecessor-version":[{"id":121357,"href":"https:\/\/gazdasagportal.hu\/index.php\/wp-json\/wp\/v2\/posts\/121356\/revisions\/121357"}],"wp:attachment":[{"href":"https:\/\/gazdasagportal.hu\/index.php\/wp-json\/wp\/v2\/media?parent=121356"}],"wp:term":[{"taxonomy":"category","embeddable":true,"href":"https:\/\/gazdasagportal.hu\/index.php\/wp-json\/wp\/v2\/categories?post=121356"},{"taxonomy":"post_tag","embeddable":true,"href":"https:\/\/gazdasagportal.hu\/index.php\/wp-json\/wp\/v2\/tags?post=121356"}],"curies":[{"name":"wp","href":"https:\/\/api.w.org\/{rel}","templated":true}]}}