{"id":121350,"date":"2019-11-16T09:51:34","date_gmt":"2019-11-16T08:51:34","guid":{"rendered":"http:\/\/gazdasagportal.hu\/?p=121350"},"modified":"2019-11-16T09:51:34","modified_gmt":"2019-11-16T08:51:34","slug":"az-uj-novenyegeszsegugyi-szabalyozas-miatt-valtozik-a-vallalkozok-nyilvantartasi-kotelezettsege","status":"publish","type":"post","link":"https:\/\/gazdasagportal.hu\/index.php\/az-uj-novenyegeszsegugyi-szabalyozas-miatt-valtozik-a-vallalkozok-nyilvantartasi-kotelezettsege\/","title":{"rendered":"Az \u00faj n\u00f6v\u00e9nyeg\u00e9szs\u00e9g\u00fcgyi szab\u00e1lyoz\u00e1s miatt v\u00e1ltozik a v\u00e1llalkoz\u00f3k nyilv\u00e1ntart\u00e1si k\u00f6telezetts\u00e9ge"},"content":{"rendered":"<p><strong>Novemberben jelenik meg az uni\u00f3s rendelet, amely szerint b\u0151v\u00fcl a nagy vesztes\u00e9get okoz\u00f3, idegenhonos k\u00e1ros\u00edt\u00f3k terjeszt\u00e9s\u00e9re k\u00e9pes, ez\u00e9rt vizsg\u00e1latk\u00f6teles term\u00e9kek k\u00f6re; december 14-t\u0151l a n\u00f6v\u00e9nyeg\u00e9szs\u00e9g\u00fcgyi szab\u00e1lyoz\u00e1s alatt \u00e1ll\u00f3 n\u00f6v\u00e9nyekkel, n\u00f6v\u00e9nyi term\u00e9kekkel csak az a v\u00e1llalkoz\u00f3 folytathat gazdas\u00e1gi tev\u00e9kenys\u00e9get, aki szerepel a hat\u00f3s\u00e1g nyilv\u00e1ntart\u00e1s\u00e1ban &#8211; h\u00edvta fel a figyelmet a Nemzeti \u00c9lelmiszerl\u00e1nc-biztons\u00e1gi Hivatal (N\u00e9bih).<\/strong><!--more--><\/p>\n<div class=\"ads-in-post1\"><div id=\"gazdasagportal.hu_fullbanner_wideboard\"><\/div>\r\n<\/div>\n<p>    A nyilv\u00e1ntart\u00e1sra k\u00f6telezett v\u00e1llalkoz\u00f3nak a ter\u00fcletileg illet\u00e9kes korm\u00e1nyhivatalhoz kell fordulnia nyilv\u00e1ntart\u00e1sba v\u00e9tele \u00e9rdek\u00e9ben.<br \/>\n    A t\u00e1j\u00e9koztat\u00e1s szerint az Eur\u00f3pai Uni\u00f3ban jelenleg is a k\u00e9t \u00e9s f\u00e9l \u00e9vtizede alkalmazott n\u00f6v\u00e9nyeg\u00e9szs\u00e9g\u00fcgyi nyilv\u00e1ntart\u00e1si rendszer a kock\u00e1zatok felm\u00e9r\u00e9s\u00e9t \u00e9s kezel\u00e9s\u00e9t szolg\u00e1l\u00f3 ellen\u0151rz\u00e9sek alapja. A nyilv\u00e1ntart\u00e1sban mindenkit szerepeltetnie kell a hat\u00f3s\u00e1gnak, aki vizsg\u00e1latk\u00f6teles \u00e1rut termel, el\u0151\u00e1ll\u00edt, t\u00e1rol, forgalmaz, kezel. A tev\u00e9kenys\u00e9geket csak az v\u00e9gezheti, akit a nyilv\u00e1ntart\u00e1s alapj\u00e1n a meg\u00e1llap\u00edtott kock\u00e1zati szintnek megfelel\u0151 rendszeress\u00e9ggel ellen\u0151riz a hat\u00f3s\u00e1g.<br \/>\n    Annak a v\u00e1llalkoz\u00f3nak, akit a korm\u00e1nyhivatal a kor\u00e1bbiakban m\u00e1r nyilv\u00e1ntart\u00e1sba vett, 2020. m\u00e1rcius 14-ig kell beny\u00fajtania a gazd\u00e1lkod\u00e1s\u00e1ra vonatkoz\u00f3 aktualiz\u00e1lt inform\u00e1ci\u00f3kat.<br \/>\n    A N\u00e9bih arra k\u00e9ri az \u00e9rintetteket, hogy folyamatosan k\u00eds\u00e9rj\u00e9k figyelemmel a hivatal honlapj\u00e1t, ahol a n\u00f6v\u00e9nyeg\u00e9szs\u00e9g\u00fcgyi szempontb\u00f3l vizsg\u00e1latk\u00f6teles k\u00e1ros\u00edt\u00f3k \u00e9s \u00e1ruk list\u00e1it tartalmaz\u00f3 rendelet megjelen\u00e9s\u00e9r\u0151l t\u00e1j\u00e9koztatnak majd.(MTI)<br \/>\n<div class=\"ads-in-post2\"><script async src=\"https:\/\/pagead2.googlesyndication.com\/pagead\/js\/adsbygoogle.js\"><\/script>\r\n<ins class=\"adsbygoogle\"\r\n     style=\"display:block\"\r\n     data-ad-format=\"fluid\"\r\n     data-ad-layout-key=\"-6t+ed+2i-1n-4w\"\r\n     data-ad-client=\"ca-pub-1959107119989764\"\r\n     data-ad-slot=\"4008251320\"><\/ins>\r\n<script>\r\n     (adsbygoogle = window.adsbygoogle || []).push({});\r\n<\/script><\/div>\n","protected":false},"excerpt":{"rendered":"<p>Novemberben jelenik meg az uni\u00f3s rendelet, amely szerint b\u0151v\u00fcl a nagy vesztes\u00e9get okoz\u00f3, idegenhonos k\u00e1ros\u00edt\u00f3k terjeszt\u00e9s\u00e9re k\u00e9pes, ez\u00e9rt vizsg\u00e1latk\u00f6teles term\u00e9kek k\u00f6re; december 14-t\u0151l a n\u00f6v\u00e9nyeg\u00e9szs\u00e9g\u00fcgyi szab\u00e1lyoz\u00e1s alatt \u00e1ll\u00f3 n\u00f6v\u00e9nyekkel, n\u00f6v\u00e9nyi term\u00e9kekkel csak az a v\u00e1llalkoz\u00f3 folytathat gazdas\u00e1gi tev\u00e9kenys\u00e9get, aki szerepel a hat\u00f3s\u00e1g nyilv\u00e1ntart\u00e1s\u00e1ban &#8211; h\u00edvta fel a figyelmet a Nemzeti \u00c9lelmiszerl\u00e1nc-biztons\u00e1gi Hivatal (N\u00e9bih).<\/p>\n","protected":false},"author":1001003,"featured_media":0,"comment_status":"closed","ping_status":"open","sticky":false,"template":"","format":"standard","meta":[],"categories":[19],"tags":[],"_links":{"self":[{"href":"https:\/\/gazdasagportal.hu\/index.php\/wp-json\/wp\/v2\/posts\/121350"}],"collection":[{"href":"https:\/\/gazdasagportal.hu\/index.php\/wp-json\/wp\/v2\/posts"}],"about":[{"href":"https:\/\/gazdasagportal.hu\/index.php\/wp-json\/wp\/v2\/types\/post"}],"author":[{"embeddable":true,"href":"https:\/\/gazdasagportal.hu\/index.php\/wp-json\/wp\/v2\/users\/1001003"}],"replies":[{"embeddable":true,"href":"https:\/\/gazdasagportal.hu\/index.php\/wp-json\/wp\/v2\/comments?post=121350"}],"version-history":[{"count":1,"href":"https:\/\/gazdasagportal.hu\/index.php\/wp-json\/wp\/v2\/posts\/121350\/revisions"}],"predecessor-version":[{"id":121351,"href":"https:\/\/gazdasagportal.hu\/index.php\/wp-json\/wp\/v2\/posts\/121350\/revisions\/121351"}],"wp:attachment":[{"href":"https:\/\/gazdasagportal.hu\/index.php\/wp-json\/wp\/v2\/media?parent=121350"}],"wp:term":[{"taxonomy":"category","embeddable":true,"href":"https:\/\/gazdasagportal.hu\/index.php\/wp-json\/wp\/v2\/categories?post=121350"},{"taxonomy":"post_tag","embeddable":true,"href":"https:\/\/gazdasagportal.hu\/index.php\/wp-json\/wp\/v2\/tags?post=121350"}],"curies":[{"name":"wp","href":"https:\/\/api.w.org\/{rel}","templated":true}]}}