{"id":121343,"date":"2019-11-15T16:34:41","date_gmt":"2019-11-15T15:34:41","guid":{"rendered":"http:\/\/gazdasagportal.hu\/?p=121343"},"modified":"2019-11-15T15:36:02","modified_gmt":"2019-11-15T14:36:02","slug":"modositotta-gazdasagi-elorejelzeset-a-szerbiai-nemzeti-bank","status":"publish","type":"post","link":"https:\/\/gazdasagportal.hu\/index.php\/modositotta-gazdasagi-elorejelzeset-a-szerbiai-nemzeti-bank\/","title":{"rendered":"M\u00f3dos\u00edtotta gazdas\u00e1gi el\u0151rejelz\u00e9s\u00e9t a szerbiai nemzeti bank"},"content":{"rendered":"<p><strong>A szerbiai nemzeti bank (NBS) az eddig becs\u00fclt 3,5 sz\u00e1zal\u00e9kr\u00f3l 3,6 sz\u00e1zal\u00e9kra emelte a 2019-es szerb gazdas\u00e1gi n\u00f6veked\u00e9s v\u00e1rt m\u00e9rt\u00e9k\u00e9t novemberi jelent\u00e9s\u00e9ben  &#8211; k\u00f6z\u00f6lte a belgr\u00e1di sajt\u00f3 p\u00e9nteken.<\/strong><!--more--><\/p>\n<div class=\"ads-in-post1\"><div id=\"gazdasagportal.hu_fullbanner_wideboard\"><\/div>\r\n<\/div>\n<p>    Tavaly 4,4 sz\u00e1zal\u00e9kos volt a brutt\u00f3 hazai term\u00e9k (GDP) n\u00f6veked\u00e9se, m\u00edg 2020-ra 4 sz\u00e1zal\u00e9kos n\u00f6veked\u00e9st prognosztiz\u00e1l a nemzeti bank.<br \/>\n    2019 harmadik negyed\u00e9v\u00e9ben 4,7 sz\u00e1zal\u00e9kkal b\u0151v\u00fclt a szerb gazdas\u00e1g, ennek t\u00fckr\u00e9ben pedig a NBS \u00fagy d\u00f6nt\u00f6tt, m\u00f3dos\u00edtja az idei \u00e9vre vonatkoz\u00f3 becs\u00fclt gazdas\u00e1gi n\u00f6veked\u00e9st.<\/p>\n<p>    A harmadik negyed\u00e9ves adatok a befektet\u00e9sek megn\u00f6vekedett sz\u00e1m\u00e1nak \u00e9s m\u00e9rt\u00e9k\u00e9nek k\u00f6sz\u00f6nhet\u0151k &#8211; k\u00f6z\u00f6lte a k\u00f6zponti bank. A k\u00f6zvetlen k\u00fclf\u00f6ldi befektet\u00e9sek 2,9 milli\u00e1rd eur\u00f3t tettek ki az els\u0151 kilenc h\u00f3napban, az \u00e9v v\u00e9g\u00e9ig pedig ez a sz\u00e1m a NBS becsl\u00e9se szerint el\u00e9ri a 3,5 milli\u00e1rd eur\u00f3t.(MTI)<br \/>\n<div class=\"ads-in-post2\"><script async src=\"https:\/\/pagead2.googlesyndication.com\/pagead\/js\/adsbygoogle.js\"><\/script>\r\n<ins class=\"adsbygoogle\"\r\n     style=\"display:block\"\r\n     data-ad-format=\"fluid\"\r\n     data-ad-layout-key=\"-6t+ed+2i-1n-4w\"\r\n     data-ad-client=\"ca-pub-1959107119989764\"\r\n     data-ad-slot=\"4008251320\"><\/ins>\r\n<script>\r\n     (adsbygoogle = window.adsbygoogle || []).push({});\r\n<\/script><\/div>\n","protected":false},"excerpt":{"rendered":"<p>A szerbiai nemzeti bank (NBS) az eddig becs\u00fclt 3,5 sz\u00e1zal\u00e9kr\u00f3l 3,6 sz\u00e1zal\u00e9kra emelte a 2019-es szerb gazdas\u00e1gi n\u00f6veked\u00e9s v\u00e1rt m\u00e9rt\u00e9k\u00e9t novemberi jelent\u00e9s\u00e9ben &#8211; k\u00f6z\u00f6lte a belgr\u00e1di sajt\u00f3 p\u00e9nteken.<\/p>\n","protected":false},"author":1,"featured_media":0,"comment_status":"closed","ping_status":"open","sticky":false,"template":"","format":"standard","meta":[],"categories":[12,246],"tags":[],"_links":{"self":[{"href":"https:\/\/gazdasagportal.hu\/index.php\/wp-json\/wp\/v2\/posts\/121343"}],"collection":[{"href":"https:\/\/gazdasagportal.hu\/index.php\/wp-json\/wp\/v2\/posts"}],"about":[{"href":"https:\/\/gazdasagportal.hu\/index.php\/wp-json\/wp\/v2\/types\/post"}],"author":[{"embeddable":true,"href":"https:\/\/gazdasagportal.hu\/index.php\/wp-json\/wp\/v2\/users\/1"}],"replies":[{"embeddable":true,"href":"https:\/\/gazdasagportal.hu\/index.php\/wp-json\/wp\/v2\/comments?post=121343"}],"version-history":[{"count":1,"href":"https:\/\/gazdasagportal.hu\/index.php\/wp-json\/wp\/v2\/posts\/121343\/revisions"}],"predecessor-version":[{"id":121344,"href":"https:\/\/gazdasagportal.hu\/index.php\/wp-json\/wp\/v2\/posts\/121343\/revisions\/121344"}],"wp:attachment":[{"href":"https:\/\/gazdasagportal.hu\/index.php\/wp-json\/wp\/v2\/media?parent=121343"}],"wp:term":[{"taxonomy":"category","embeddable":true,"href":"https:\/\/gazdasagportal.hu\/index.php\/wp-json\/wp\/v2\/categories?post=121343"},{"taxonomy":"post_tag","embeddable":true,"href":"https:\/\/gazdasagportal.hu\/index.php\/wp-json\/wp\/v2\/tags?post=121343"}],"curies":[{"name":"wp","href":"https:\/\/api.w.org\/{rel}","templated":true}]}}