{"id":121337,"date":"2019-11-15T12:14:43","date_gmt":"2019-11-15T11:14:43","guid":{"rendered":"http:\/\/gazdasagportal.hu\/?p=121337"},"modified":"2019-11-15T12:14:43","modified_gmt":"2019-11-15T11:14:43","slug":"a-mediatanacs-elfogadta-a-kozossegi-radioknak-es-teveknek-szolo-negyszazmillio-forintos-uzemeltetesi-palyazatot","status":"publish","type":"post","link":"https:\/\/gazdasagportal.hu\/index.php\/a-mediatanacs-elfogadta-a-kozossegi-radioknak-es-teveknek-szolo-negyszazmillio-forintos-uzemeltetesi-palyazatot\/","title":{"rendered":"A M\u00e9diatan\u00e1cs elfogadta a k\u00f6z\u00f6ss\u00e9gi r\u00e1di\u00f3knak \u00e9s t\u00e9v\u00e9knek sz\u00f3l\u00f3 n\u00e9gysz\u00e1zmilli\u00f3 forintos \u00fczemeltet\u00e9si p\u00e1ly\u00e1zatot"},"content":{"rendered":"<p><strong>N\u00e9gy fordul\u00f3ban \u00f6sszesen n\u00e9gysz\u00e1zmilli\u00f3 forintos t\u00e1mogat\u00e1st ny\u00fajt majd a Nemzeti M\u00e9dia- \u00e9s H\u00edrk\u00f6zl\u00e9si Hat\u00f3s\u00e1g M\u00e9diatan\u00e1cs\u00e1nak e heti \u00fcl\u00e9s\u00e9n megszavazott p\u00e1ly\u00e1zat a k\u00f6z\u00f6ss\u00e9gi m\u00e9diaszolg\u00e1ltat\u00f3k j\u00f6v\u0151 \u00e9vi m\u0171k\u00f6d\u00e9s\u00e9nek \u00e9s \u00fczemeltet\u00e9s\u00e9nek t\u00e1mogat\u00e1s\u00e1ra. A gr\u00e9mium emellett kilenc telev\u00edzi\u00f3 \u00e9s tizenegy r\u00e1di\u00f3 p\u00e1ly\u00e1zat\u00e1t nyilv\u00e1n\u00edtotta nyertesnek a m\u0171szaki fejleszt\u00e9si felh\u00edv\u00e1son. A test\u00fclet hozz\u00e1j\u00e1rult a szombathelyi M\u00e1ria R\u00e1di\u00f3 Savaria \u00e9s a budapesti M\u00e1ria R\u00e1di\u00f3 h\u00e1l\u00f3zatba kapcsol\u00f3d\u00e1s\u00e1hoz. A tan\u00e1cs b\u00edrs\u00e1gokat r\u00f3tt ki a t\u00e1mogat\u00e1si szab\u00e1lyok megs\u00e9rt\u00e9se \u00e9s helytelen korhat\u00e1r-besorol\u00e1s miatt is.<\/strong><!--more--><\/p>\n<div class=\"ads-in-post1\"><div id=\"gazdasagportal.hu_fullbanner_wideboard\"><\/div>\r\n<\/div>\n<p><strong><em>D\u00f6nt\u00e9sek a mecenat\u00faraprogramban<\/em><\/strong><\/p>\n<p>A test\u00fclet a M\u00e9diatan\u00e1cs T\u00e1mogat\u00e1si Programj\u00e1ban n\u00e9gysz\u00e1zmilli\u00f3 forintos kerettel megszavazta azt a 2020-as p\u00e1ly\u00e1zatot, amely a k\u00f6z\u00f6ss\u00e9gi szolg\u00e1ltat\u00f3k folyamatos fenntart\u00e1s\u00e1hoz sz\u00fcks\u00e9ges m\u0171k\u00f6d\u00e9si \u00e9s \u00fczemeltet\u00e9si k\u00f6lts\u00e9geihez j\u00e1rul hozz\u00e1. Egy sikerrel p\u00e1ly\u00e1z\u00f3 k\u00f6z\u00f6ss\u00e9gi t\u00e9v\u00e9 maximum hatsz\u00e1zezer forinthoz, egy k\u00f6z\u00f6ss\u00e9gi r\u00e1di\u00f3 \u00f6tsz\u00e1zezer forinthoz, egy kisk\u00f6z\u00f6ss\u00e9gi r\u00e1di\u00f3 pedig legfeljebb n\u00e9gysz\u00e1zezer forinthoz juthat havi t\u00e1mogat\u00e1sk\u00e9nt, legfeljebb tizenk\u00e9t h\u00f3napon \u00e1t. Az els\u0151 fordul\u00f3ra id\u00e9n december 12-\u00e9ig p\u00e1ly\u00e1zhatnak azok a szolg\u00e1ltat\u00f3k, amelyeknek 2018-as nett\u00f3 \u00e1rbev\u00e9tele nem haladta meg a sz\u00e1zmilli\u00f3 forintot.<\/p><div id=\"gazda-1497706850\" class=\"gazda-tartalomban gazda-entity-placement\"><script async src=\"https:\/\/pagead2.googlesyndication.com\/pagead\/js\/adsbygoogle.js\"><\/script>\r\n<ins class=\"adsbygoogle\"\r\n     style=\"display:block\"\r\n     data-ad-format=\"fluid\"\r\n     data-ad-layout-key=\"-6t+ed+2i-1n-4w\"\r\n     data-ad-client=\"ca-pub-1959107119989764\"\r\n     data-ad-slot=\"4008251320\"><\/ins>\r\n<script>\r\n     (adsbygoogle = window.adsbygoogle || []).push({});\r\n<\/script><\/div>\n<p>A tan\u00e1cs Magyar M\u00e9dia Mecenat\u00fara Programj\u00e1nak k\u00f6z\u00f6ss\u00e9gi m\u00e9diaszolg\u00e1ltat\u00f3k sz\u00e1m\u00e1ra ki\u00edrt <strong>m\u0171szaki p\u00e1ly\u00e1zat\u00e1nak<\/strong> idei m\u00e1sodik fordul\u00f3j\u00e1ban h\u00fasz r\u00e1di\u00f3 \u00e9s telev\u00edzi\u00f3 p\u00e1ly\u00e1zott sikeresen. A h\u00e9ten megszavazott nyertesek \u00f6sszesen k\u00f6zel 43 milli\u00f3 forintot ford\u00edthatnak st\u00fadi\u00f3-, hang- \u00e9s f\u00e9nytechnikai berendez\u00e9sek, m\u0171sorjel-\u00e1tviteli, illetve a m\u00e9diaszolg\u00e1ltat\u00e1shoz sz\u00fcks\u00e9ges informatikai eszk\u00f6z\u00f6k v\u00e1s\u00e1rl\u00e1s\u00e1ra. A telev\u00edzi\u00f3k k\u00f6z\u00fcl t\u00e1mogat\u00e1st kapott a Mez\u0151t\u00fari V\u00e1rosi Telev\u00edzi\u00f3, a Zempl\u00e9n TV, a biatorb\u00e1gyi V\u00f6lgyh\u00edd TV, a p\u00e9csi Pannon Telev\u00edzi\u00f3, az RTV Szeksz\u00e1rd, a F\u00fczesabonyi V\u00e1rosi Telev\u00edzi\u00f3, a R\u00e9gi\u00f3 Tv Esztergom, a TV Budakal\u00e1sz \u00e9s a budapesti City TV. A k\u00f6z\u00f6ss\u00e9gi r\u00e1di\u00f3k k\u00f6z\u00fcl a miskolci \u00e9s a debreceni Eur\u00f3pa R\u00e1di\u00f3, a szentgotth\u00e1rdi Radio Mono\u0161ter, a telkib\u00e1nyai M\u00e1ria R\u00e1di\u00f3 Zempl\u00e9n, a Gy\u0151r Plusz R\u00e1di\u00f3 \u00e9s a budapesti Trend FM, valamint a Manna FM, m\u00edg a kisk\u00f6z\u00f6ss\u00e9gi r\u00e1di\u00f3k k\u00f6z\u00fcl a sz\u00e9kesfeh\u00e9rv\u00e1ri Alpha R\u00e1di\u00f3, a si\u00f3foki Balaton R\u00e1di\u00f3, a R\u00e1di\u00f3 Szentendre \u00e9s az Els\u0151 Pesti Egyetemi R\u00e1di\u00f3 fejlesztheti technikai berendez\u00e9seit.<\/p>\n<p><strong><em>R\u00e1di\u00f3s p\u00e1ly\u00e1zatokkal kapcsolatos \u00e9s m\u00e9diafel\u00fcgyeleti d\u00f6nt\u00e9sek<\/em><\/strong><\/p>\n<p>A M\u00e9diatan\u00e1cs felk\u00e9rte az NMHH Hivatal\u00e1t, hogy dolgozza ki a Sz\u00e9kesfeh\u00e9rv\u00e1r 99,2 MHz frekvenciaterv\u00e9t a kapcsol\u00f3d\u00f3 r\u00e1di\u00f3s p\u00e1ly\u00e1zati elj\u00e1r\u00e1s el\u0151k\u00e9sz\u00edt\u00e9sek\u00e9nt. E d\u00f6nt\u00e9s el\u0151zm\u00e9nye, hogy a M\u00e9diatan\u00e1cs \u2013 t\u00f6rv\u00e9nyi kiz\u00e1r\u00f3 okok miatt \u2013 nem \u00faj\u00edtotta meg az ezen a frekvenci\u00e1n jelenleg m\u0171k\u00f6d\u0151 V\u00f6r\u00f6smarty R\u00e1di\u00f3 jogosults\u00e1g\u00e1t, a Civil R\u00e1di\u00f3 \u00fcgy\u00e9hez hasonl\u00f3an, \u00e9s \u2013 mivel a V\u00f6r\u00f6smarty R\u00e1di\u00f3 a d\u00f6nt\u00e9st nem t\u00e1madta jogorvoslati k\u00e9relemmel \u2013 a M\u00e9diatan\u00e1cs d\u00f6nt\u00e9se jogi \u00e9rtelemben v\u00e9glegess\u00e9 v\u00e1lt. A szolg\u00e1ltat\u00f3k k\u00e9relm\u00e9re a M\u00e9diatan\u00e1cs enged\u00e9lyezte, hogy a Szombathely 88,4 MHz frekvenci\u00e1n m\u0171k\u00f6d\u0151 <strong>M\u00e1ria R\u00e1di\u00f3 Savaria <\/strong>h\u00e1l\u00f3zatba kapcsol\u00f3djon a Budapest 88,8 MHz, a G\u00f6d 97,3 MHz \u00e9s a T\u00f6r\u00f6kb\u00e1lint 97,6 MHz frekvenci\u00e1kon hallhat\u00f3 <strong>M\u00e1ria R\u00e1di\u00f3val<\/strong>.<\/p>\n<p>A test\u00fclet sz\u00e1zezer forintos b\u00edrs\u00e1got szabott ki az <strong>RTL Klub <\/strong>szolg\u00e1ltat\u00f3j\u00e1ra, ami\u00e9rt a <em>Reggeli <\/em>egy augusztusi ad\u00e1s\u00e1ban egy, a m\u0171sort t\u00e1mogat\u00f3 cip\u0151m\u00e1rk\u00e1r\u00f3l olyan t\u00f6bbletinform\u00e1ci\u00f3kat adtak, amelyek a term\u00e9k megv\u00e1s\u00e1rl\u00e1s\u00e1ra \u00f6szt\u00f6n\u00f6zhett\u00e9k a n\u00e9z\u0151ket \u2013 \u00e1lland\u00f3an jelen voltak p\u00e9ld\u00e1ul a cip\u0151k, illetve a kamera r\u00e1k\u00f6zel\u00edtett a m\u00e1rkajelre \u2013, mindez pedig ellent\u00e9tes a jogszab\u00e1lyokkal.<\/p>\n<p>A gr\u00e9mium k\u00e9tsz\u00e1zezer forintos b\u00edrs\u00e1got szabott ki az <strong>M5 <\/strong>szolg\u00e1ltat\u00f3j\u00e1ra, ami\u00e9rt a <em>Rejt\u00e9lyes XX. sz\u00e1zad <\/em>c\u00edm\u0171 m\u0171sor szeptemberben sug\u00e1rzott ad\u00e1s\u00e1t n\u00e9gy alkalommal nem j\u00f3 id\u0151ben \u00e9s nem megfelel\u0151 korhat\u00e1r-besorol\u00e1ssal adta le. A Szt\u00e1lin \u00e1ltal Bulg\u00e1ri\u00e1ban v\u00e9grehajtott tisztogat\u00f3 tev\u00e9kenys\u00e9geket taglal\u00f3 m\u0171sor, t\u00e9m\u00e1j\u00e1b\u00f3l kifoly\u00f3lag, kiz\u00e1r\u00f3lag 16-os karik\u00e1val, este 21 \u00e9s hajnali 5 \u00f3ra k\u00f6z\u00f6tt ker\u00fclhetett volna m\u0171sorra, m\u00edg a csatorna \u201ekorhat\u00e1r n\u00e9lk\u00fcl megtekinthet\u0151\u201d besorol\u00e1ssal, a reggeli \u00f3r\u00e1kban \u00e9s napk\u00f6zben sug\u00e1rozta azt.<\/p>\n<p>A M\u00e9diatan\u00e1cs a b\u00edrs\u00e1gok kiszab\u00e1sakor minden esetben a fokozatoss\u00e1g \u00e9s az ar\u00e1nyoss\u00e1g elve alapj\u00e1n, az \u00fcgyek \u00f6sszes k\u00f6r\u00fclm\u00e9ny\u00e9t figyelembe v\u00e9ve \u00e1llap\u00edtja meg a jogk\u00f6vetkezm\u00e9nyek adott form\u00e1j\u00e1t, m\u00e9rt\u00e9k\u00e9t.<\/p>\n<p>A gr\u00e9mium <a href=\"http:\/\/nmhh.hu\/rolunk\/esemenyek\" target=\"_blank\" rel=\"noopener\">heti \u00fcl\u00e9seinek<\/a> teljes <a href=\"http:\/\/nmhh.hu\/mediatanacs\/ulesek\/napirendek\" target=\"_blank\" rel=\"noopener\">napirendje<\/a> megtal\u00e1lhat\u00f3 a test\u00fclet honlapj\u00e1n, ahogy az \u00fcl\u00e9sekr\u0151l k\u00e9sz\u00fclt <a href=\"http:\/\/nmhh.hu\/mediatanacs\/ulesek\/jegyzokonyvek\" target=\"_blank\" rel=\"noopener\">jegyz\u0151k\u00f6nyvek<\/a>, illetve valamennyi <a href=\"http:\/\/nmhh.hu\/szakmai-erdekeltek\/jogforras?fac_provider_theme=mediafelugyelet&amp;fac_content_type=hatarozat&amp;fld_keyword=\" target=\"_blank\" rel=\"noopener\">hat\u00e1rozat<\/a> is \u2013 a legfrissebbek a sz\u00fcks\u00e9ges hiteles\u00edt\u00e9si \u00e9s adminisztr\u00e1ci\u00f3s \u00e1tfut\u00e1si id\u0151 ut\u00e1n lesznek nyilv\u00e1nosak.<\/p>\n<div class=\"ads-in-post2\"><script async src=\"https:\/\/pagead2.googlesyndication.com\/pagead\/js\/adsbygoogle.js\"><\/script>\r\n<ins class=\"adsbygoogle\"\r\n     style=\"display:block\"\r\n     data-ad-format=\"fluid\"\r\n     data-ad-layout-key=\"-6t+ed+2i-1n-4w\"\r\n     data-ad-client=\"ca-pub-1959107119989764\"\r\n     data-ad-slot=\"4008251320\"><\/ins>\r\n<script>\r\n     (adsbygoogle = window.adsbygoogle || []).push({});\r\n<\/script><\/div>\n","protected":false},"excerpt":{"rendered":"<p>N\u00e9gy fordul\u00f3ban \u00f6sszesen n\u00e9gysz\u00e1zmilli\u00f3 forintos t\u00e1mogat\u00e1st ny\u00fajt majd a Nemzeti M\u00e9dia- \u00e9s H\u00edrk\u00f6zl\u00e9si Hat\u00f3s\u00e1g M\u00e9diatan\u00e1cs\u00e1nak e heti \u00fcl\u00e9s\u00e9n megszavazott p\u00e1ly\u00e1zat a k\u00f6z\u00f6ss\u00e9gi m\u00e9diaszolg\u00e1ltat\u00f3k j\u00f6v\u0151 \u00e9vi m\u0171k\u00f6d\u00e9s\u00e9nek \u00e9s \u00fczemeltet\u00e9s\u00e9nek t\u00e1mogat\u00e1s\u00e1ra. A gr\u00e9mium emellett kilenc telev\u00edzi\u00f3 \u00e9s tizenegy r\u00e1di\u00f3 p\u00e1ly\u00e1zat\u00e1t nyilv\u00e1n\u00edtotta nyertesnek a m\u0171szaki fejleszt\u00e9si felh\u00edv\u00e1son. A test\u00fclet hozz\u00e1j\u00e1rult a szombathelyi M\u00e1ria R\u00e1di\u00f3 Savaria \u00e9s a budapesti &#8230;<\/p>\n","protected":false},"author":1,"featured_media":0,"comment_status":"closed","ping_status":"open","sticky":false,"template":"","format":"standard","meta":[],"categories":[19],"tags":[],"_links":{"self":[{"href":"https:\/\/gazdasagportal.hu\/index.php\/wp-json\/wp\/v2\/posts\/121337"}],"collection":[{"href":"https:\/\/gazdasagportal.hu\/index.php\/wp-json\/wp\/v2\/posts"}],"about":[{"href":"https:\/\/gazdasagportal.hu\/index.php\/wp-json\/wp\/v2\/types\/post"}],"author":[{"embeddable":true,"href":"https:\/\/gazdasagportal.hu\/index.php\/wp-json\/wp\/v2\/users\/1"}],"replies":[{"embeddable":true,"href":"https:\/\/gazdasagportal.hu\/index.php\/wp-json\/wp\/v2\/comments?post=121337"}],"version-history":[{"count":1,"href":"https:\/\/gazdasagportal.hu\/index.php\/wp-json\/wp\/v2\/posts\/121337\/revisions"}],"predecessor-version":[{"id":121338,"href":"https:\/\/gazdasagportal.hu\/index.php\/wp-json\/wp\/v2\/posts\/121337\/revisions\/121338"}],"wp:attachment":[{"href":"https:\/\/gazdasagportal.hu\/index.php\/wp-json\/wp\/v2\/media?parent=121337"}],"wp:term":[{"taxonomy":"category","embeddable":true,"href":"https:\/\/gazdasagportal.hu\/index.php\/wp-json\/wp\/v2\/categories?post=121337"},{"taxonomy":"post_tag","embeddable":true,"href":"https:\/\/gazdasagportal.hu\/index.php\/wp-json\/wp\/v2\/tags?post=121337"}],"curies":[{"name":"wp","href":"https:\/\/api.w.org\/{rel}","templated":true}]}}