{"id":121335,"date":"2019-11-15T11:36:21","date_gmt":"2019-11-15T10:36:21","guid":{"rendered":"http:\/\/gazdasagportal.hu\/?p=121335"},"modified":"2019-11-15T11:36:21","modified_gmt":"2019-11-15T10:36:21","slug":"jovo-ev-elejen-kezdi-meg-nyiregyhazi-hutogepgyaranak-fejleszteset-a-sved-electrolux","status":"publish","type":"post","link":"https:\/\/gazdasagportal.hu\/index.php\/jovo-ev-elejen-kezdi-meg-nyiregyhazi-hutogepgyaranak-fejleszteset-a-sved-electrolux\/","title":{"rendered":"J\u00f6v\u0151 \u00e9v elej\u00e9n kezdi meg ny\u00edregyh\u00e1zi h\u0171t\u0151g\u00e9pgy\u00e1r\u00e1nak fejleszt\u00e9s\u00e9t a sv\u00e9d Electrolux"},"content":{"rendered":"<p><strong>Az \u00faj gy\u00e1rt\u00f3sorok megrendel\u00e9s\u00e9vel kezdi meg ny\u00edregyh\u00e1zi h\u0171t\u0151g\u00e9pgy\u00e1r\u00e1nak \u00f6sszesen 100 milli\u00f3 eur\u00f3 (33,4 milli\u00e1rd forint) \u00e9rt\u00e9k\u0171 fejleszt\u00e9s\u00e9t 2020 elej\u00e9n a sv\u00e9d Electrolux Group &#8211; k\u00f6z\u00f6lte az Electrolux Lehel Kft. \u00fcgyvezet\u0151 igazgat\u00f3ja sajt\u00f3t\u00e1j\u00e9koztat\u00f3n p\u00e9nteken a ny\u00edrs\u00e9gi nagyv\u00e1rosban.<\/strong><!--more--><\/p>\n<div class=\"ads-in-post1\"><div id=\"gazdasagportal.hu_fullbanner_wideboard\"><\/div>\r\n<\/div>\n<p>    G\u00f6nczy S\u00e1ndor elmondta, az \u00f3ri\u00e1sv\u00e1llalat hazai t\u00f6rt\u00e9net\u00e9nek legnagyobb volumen\u0171, 2023-ig tart\u00f3 beruh\u00e1z\u00e1sa sor\u00e1n teljesen meg\u00fajul a gy\u00e1rt\u00e1si technol\u00f3gia Ny\u00edregyh\u00e1z\u00e1n \u00e9s lecser\u00e9lik az itt gy\u00e1rtott k\u00e9tf\u00e9le term\u00e9kcsal\u00e1dot is.<br \/>\n    Az \u00faj beruh\u00e1z\u00e1s r\u00e9szek\u00e9nt bevezetik a digit\u00e1lis, ipari-automatiz\u00e1ci\u00f3s \u00e9s robottechnol\u00f3gi\u00e1t, amivel a ny\u00edregyh\u00e1zi gy\u00e1r fokozatosan \u00e1t\u00e1ll a fels\u0151kateg\u00f3ri\u00e1s, t\u00f6bbek k\u00f6zt az internethez kapcsolhat\u00f3 okos k\u00e9sz\u00fcl\u00e9kek gy\u00e1rt\u00e1s\u00e1ra &#8211; ismertette az igazgat\u00f3, hozz\u00e1t\u00e9ve, a beruh\u00e1z\u00e1s a tervek szerint l\u00e9nyeg\u00e9ben nem \u00e9rinti a munkav\u00e1llal\u00f3i l\u00e9tsz\u00e1mot, k\u00e9pz\u00e9seket azonban fognak ind\u00edtani a dolgoz\u00f3k sz\u00e1m\u00e1ra.<br \/>\n    A r\u00e9szletekr\u0151l sz\u00f3lva azt mondta, a projekt el\u0151k\u00e9sz\u00edt\u00e9se a napokban kezd\u0151d\u00f6tt meg, 2020 elej\u00e9n rendelik meg a kulcsfontoss\u00e1g\u00fa gy\u00e1rt\u00f3sorokat, amelyek v\u00e1rhat\u00f3an egy \u00e9ven bel\u00fcl \u00e9rkeznek meg. Ezut\u00e1n 2021-t\u0151l fokozatosan fogj\u00e1k \u00e1talak\u00edtani az \u00fczemet, a h\u0171t\u0151szekr\u00e9nyek gy\u00e1rt\u00e1si folyamat\u00e1t &#8211; az Ipar 4.0 ir\u00e1nyelveinek megfelel\u0151en &#8211; teljesen automatiz\u00e1lj\u00e1k, bevezetik a tervez\u00e9s sor\u00e1n a szimul\u00e1ci\u00f3t, lemodellezik a min\u0151s\u00e9gbiztos\u00edt\u00e1si \u00e9s logisztikai folyamatokat, valamint a munkaer\u0151 szervez\u00e9s\u00e9ben is fontos szerepet kap a digitaliz\u00e1ci\u00f3 &#8211; ismertette.<br \/>\n<script async src=\"\/\/pagead2.googlesyndication.com\/pagead\/js\/adsbygoogle.js\"><\/script><br \/>\n<!-- 640x400 --><br \/>\n<ins class=\"adsbygoogle\"\n     style=\"display:inline-block;width:640px;height:400px\"\n     data-ad-client=\"ca-pub-1959107119989764\"\n     data-ad-slot=\"6491857550\"><\/ins><br \/>\n<script>\n(adsbygoogle = window.adsbygoogle || []).push({});\n<\/script><br \/>\n    G\u00f6nczy S\u00e1ndor megjegyezte, mintegy ezer dolgoz\u00f3t foglalkoztat\u00f3, 2005-ben alap\u00edtott \u00fczemben eddig k\u00f6z\u00e9p- \u00e9s fels\u0151kateg\u00f3ri\u00e1s g\u00e9peket gy\u00e1rtottak, ezek piaci szempontb\u00f3l is nagyon fontos term\u00e9kei az Electroluxnak. Az alulfagyaszt\u00f3s h\u0171t\u0151szekr\u00e9nyeket nagyr\u00e9szt a kelet-eur\u00f3pai, a nagym\u00e9ret\u0171, egyajt\u00f3s h\u0171t\u0151- \u00e9s fagyaszt\u00f3szekr\u00e9nyeket pedig ink\u00e1bb a skandin\u00e1v piacon \u00e9rt\u00e9kes\u00edtett\u00e9k, ez a term\u00e9kb\u00e1zis az alapja a fejleszt\u00e9snek is &#8211; tette hozz\u00e1.<br \/>\n    Szentp\u00e9teri Ferenc, az Electrolux ny\u00edregyh\u00e1zi gy\u00e1r\u00e1nak igazgat\u00f3ja a t\u00e1j\u00e9koztat\u00f3n elmondta, Ny\u00edregyh\u00e1z\u00e1n nemr\u00e9gen gy\u00e1rtott\u00e1k le a t\u00edzmilliomodik h\u0171t\u0151g\u00e9pet, ezeket egym\u00e1s mell\u00e9 \u00e1ll\u00edtva eg\u00e9szen Los Angeles-ig \u00e9rne a sor.<br \/>\n    A jubileumi, ki\u00e1ll\u00edtott darabot a p\u00e9nteki Modern Gy\u00e1rak \u00c9jszak\u00e1ja alkalm\u00e1b\u00f3l a l\u00e1togat\u00f3k is megtekinthetik az \u00fczemben &#8211; tette hozz\u00e1.<br \/>\n    Kov\u00e1cs Ferenc, a szabolcsi megyesz\u00e9khely korm\u00e1nyp\u00e1rti polg\u00e1rmestere kifejtette, a Electrolux-csoporton bel\u00fcl, illetve a v\u00e1ros \u00e9let\u00e9ben is meghat\u00e1roz\u00f3 gy\u00e1rr\u00e1 n\u0151tt ki mag\u00e1t az itteni \u00fczem, amely a most indul\u00f3 fejleszt\u00e9ssel a mai tud\u00e1s szerinti legmodernebb, cs\u00facstechnol\u00f3gi\u00e1s gy\u00e1rt\u00f3b\u00e1ziss\u00e1 n\u00f6vi ki majd mag\u00e1t.<br \/>\n    Az Electrolux \u00e9vente t\u00f6bb mint 60 milli\u00f3 h\u00e1ztart\u00e1si \u00e9s professzion\u00e1lis k\u00e9sz\u00fcl\u00e9ket \u00e9rt\u00e9kes\u00edt t\u00f6bb mint 150 orsz\u00e1gban. Az Electrolux-csoport forgalma 2018-ban 12,4 milli\u00e1rd eur\u00f3 volt, alkalmazottainak sz\u00e1ma 54 ezer.<br \/>\n    A sv\u00e9d \u00f3ri\u00e1sv\u00e1llalat Magyarorsz\u00e1gon J\u00e1szber\u00e9nyben \u00e9s Ny\u00edregyh\u00e1z\u00e1n m\u0171k\u00f6dtet gy\u00e1rat. A c\u00e9gcsoport szeptemberben jelentette be, hogy j\u00e1szber\u00e9nyi porsz\u00edv\u00f3gy\u00e1rt\u00e1st \u00e9s a szabadon\u00e1ll\u00f3 h\u0171t\u0151g\u00e9pek gy\u00e1rt\u00e1s\u00e1nak jelent\u0151s r\u00e9sz\u00e9t k\u00fcls\u0151 partnerekhez szervezi \u00e1t; a szervezet\u00e1talak\u00edt\u00e1ssal j\u00e1r\u00f3 l\u00e9tsz\u00e1mle\u00e9p\u00edt\u00e9s k\u00f6r\u00fclbel\u00fcl 800 Electrolux dolgoz\u00f3t \u00e9rinthet a j\u00e1szs\u00e1gi v\u00e1rosban.(MTI)<br \/>\n<div class=\"ads-in-post2\"><script async src=\"https:\/\/pagead2.googlesyndication.com\/pagead\/js\/adsbygoogle.js\"><\/script>\r\n<ins class=\"adsbygoogle\"\r\n     style=\"display:block\"\r\n     data-ad-format=\"fluid\"\r\n     data-ad-layout-key=\"-6t+ed+2i-1n-4w\"\r\n     data-ad-client=\"ca-pub-1959107119989764\"\r\n     data-ad-slot=\"4008251320\"><\/ins>\r\n<script>\r\n     (adsbygoogle = window.adsbygoogle || []).push({});\r\n<\/script><\/div>\n","protected":false},"excerpt":{"rendered":"<p>Az \u00faj gy\u00e1rt\u00f3sorok megrendel\u00e9s\u00e9vel kezdi meg ny\u00edregyh\u00e1zi h\u0171t\u0151g\u00e9pgy\u00e1r\u00e1nak \u00f6sszesen 100 milli\u00f3 eur\u00f3 (33,4 milli\u00e1rd forint) \u00e9rt\u00e9k\u0171 fejleszt\u00e9s\u00e9t 2020 elej\u00e9n a sv\u00e9d Electrolux Group &#8211; k\u00f6z\u00f6lte az Electrolux Lehel Kft. \u00fcgyvezet\u0151 igazgat\u00f3ja sajt\u00f3t\u00e1j\u00e9koztat\u00f3n p\u00e9nteken a ny\u00edrs\u00e9gi nagyv\u00e1rosban.<\/p>\n","protected":false},"author":1,"featured_media":0,"comment_status":"closed","ping_status":"open","sticky":false,"template":"","format":"standard","meta":[],"categories":[19],"tags":[],"_links":{"self":[{"href":"https:\/\/gazdasagportal.hu\/index.php\/wp-json\/wp\/v2\/posts\/121335"}],"collection":[{"href":"https:\/\/gazdasagportal.hu\/index.php\/wp-json\/wp\/v2\/posts"}],"about":[{"href":"https:\/\/gazdasagportal.hu\/index.php\/wp-json\/wp\/v2\/types\/post"}],"author":[{"embeddable":true,"href":"https:\/\/gazdasagportal.hu\/index.php\/wp-json\/wp\/v2\/users\/1"}],"replies":[{"embeddable":true,"href":"https:\/\/gazdasagportal.hu\/index.php\/wp-json\/wp\/v2\/comments?post=121335"}],"version-history":[{"count":1,"href":"https:\/\/gazdasagportal.hu\/index.php\/wp-json\/wp\/v2\/posts\/121335\/revisions"}],"predecessor-version":[{"id":121336,"href":"https:\/\/gazdasagportal.hu\/index.php\/wp-json\/wp\/v2\/posts\/121335\/revisions\/121336"}],"wp:attachment":[{"href":"https:\/\/gazdasagportal.hu\/index.php\/wp-json\/wp\/v2\/media?parent=121335"}],"wp:term":[{"taxonomy":"category","embeddable":true,"href":"https:\/\/gazdasagportal.hu\/index.php\/wp-json\/wp\/v2\/categories?post=121335"},{"taxonomy":"post_tag","embeddable":true,"href":"https:\/\/gazdasagportal.hu\/index.php\/wp-json\/wp\/v2\/tags?post=121335"}],"curies":[{"name":"wp","href":"https:\/\/api.w.org\/{rel}","templated":true}]}}