{"id":121330,"date":"2019-11-15T10:24:23","date_gmt":"2019-11-15T09:24:23","guid":{"rendered":"http:\/\/gazdasagportal.hu\/?p=121330"},"modified":"2019-11-15T10:24:23","modified_gmt":"2019-11-15T09:24:23","slug":"folytatodnak-a-gazdasagosztonzo-adointezkedesek","status":"publish","type":"post","link":"https:\/\/gazdasagportal.hu\/index.php\/folytatodnak-a-gazdasagosztonzo-adointezkedesek\/","title":{"rendered":"Folytat\u00f3dnak a gazdas\u00e1g\u00f6szt\u00f6nz\u0151 ad\u00f3int\u00e9zked\u00e9sek"},"content":{"rendered":"<p><strong>Az egys\u00e9ges tb-j\u00e1rul\u00e9krendszer kialak\u00edt\u00e1sa korszakos jelent\u0151s\u00e9g\u0171nek nevezhet\u0151, mert garant\u00e1lja a szab\u00e1lyoz\u00e1s \u00e1tl\u00e1that\u00f3s\u00e1g\u00e1t, emellett fontos r\u00e9sze annak a programnak, amellyel a korm\u00e1ny az ad\u00f3fajt\u00e1k egyharmad\u00e1t elt\u00f6rli &#8211; mondta a p\u00e9nteki Magyar Nemzetnek Izer Norbert ad\u00f3\u00fcgyi \u00e1llamtitk\u00e1r annak kapcs\u00e1n, hogy a P\u00e9nz\u00fcgyminiszt\u00e9rium a h\u00e9ten beny\u00fajtotta a vonatkoz\u00f3 t\u00f6rv\u00e9nyjavaslatokat.<\/strong><!--more--><\/p>\n<div class=\"ads-in-post1\"><div id=\"gazdasagportal.hu_fullbanner_wideboard\"><\/div>\r\n<\/div>\n<p>    A j\u00e1rul\u00e9krendszer \u00e1tszab\u00e1sa szerepelt a tavaszi gazdas\u00e1gv\u00e9delmi akci\u00f3terv ad\u00f3\u00fcgyi elk\u00e9pzel\u00e9sei k\u00f6z\u00f6tt, \u00e9s az akkor megszabott int\u00e9zked\u00e9seket egy kiv\u00e9tellel m\u00e1r jogszab\u00e1lyba is foglalta a t\u00f6rv\u00e9nyhoz\u00e1s &#8211; eml\u00e9keztetett az \u00e1llamtitk\u00e1r.<br \/>\n    A javaslat \u00e9rtelm\u00e9ben a nyugd\u00edjj\u00e1rul\u00e9k, a term\u00e9szetbeni \u00e9s a p\u00e9nzbeli eg\u00e9szs\u00e9gbiztos\u00edt\u00e1si j\u00e1rul\u00e9k, valamint a munkaer\u0151piaci j\u00e1rul\u00e9k olvad \u00f6ssze, az \u00faj egys\u00e9ges j\u00e1rul\u00e9k, azaz a t\u00e1rsadalombiztos\u00edt\u00e1si j\u00e1rul\u00e9k m\u00e9rt\u00e9ke 18,5 sz\u00e1zal\u00e9k lesz 2020. j\u00falius 1-j\u00e9t\u0151l.<br \/>\n    A rendszer \u00e1talak\u00edt\u00e1sa azt is jeleni, hogy h\u00e1rom k\u00f6ztehert\u00edpussal kevesebb lesz &#8211; emelte ki Izer Norbert. Hangoztatta, hogy a korm\u00e1ny egyik fontos c\u00e9lja az ad\u00f3egyszer\u0171s\u00edt\u00e9s, \u00e9s ennek keret\u00e9ben a korm\u00e1nyzati ciklus v\u00e9g\u00e9ig, 2022-ig harmad\u00e1val cs\u00f6kken az ad\u00f3k sz\u00e1ma, 2010-hez k\u00e9pest nagyj\u00e1b\u00f3l 20 k\u00f6zteher t\u0171nhet el.<br \/>\n<script async src=\"\/\/pagead2.googlesyndication.com\/pagead\/js\/adsbygoogle.js\"><\/script><br \/>\n<!-- 640x400 --><br \/>\n<ins class=\"adsbygoogle\"\n     style=\"display:inline-block;width:640px;height:400px\"\n     data-ad-client=\"ca-pub-1959107119989764\"\n     data-ad-slot=\"6491857550\"><\/ins><br \/>\n<script>\n(adsbygoogle = window.adsbygoogle || []).push({});\n<\/script><br \/>\n    A h\u00e9t elej\u00e9n beny\u00fajtott javaslatok sz\u00e9les\u00edtik az ad\u00f3hat\u00f3s\u00e1g lehet\u0151s\u00e9g\u00e9t is a feketegazdas\u00e1g szerepl\u0151i, az ad\u00f3elker\u00fcl\u0151k elleni k\u00f6zdelemben. A parlament kiterjesztheti az online sz\u00e1ml\u00e1z\u00e1s elnevez\u00e9s\u0171 hat\u00f3s\u00e1gi ellen\u0151rz\u0151 rendszer kereteit. Ennek alapj\u00e1n az ad\u00f3hat\u00f3s\u00e1g j\u00falius elsej\u00e9t\u0151l megkap minden, a v\u00e1llalkoz\u00e1sok egym\u00e1s k\u00f6z\u00f6tti \u00fcgyleteir\u0151l ki\u00e1ll\u00edtott sz\u00e1ml\u00e1t, 2021 janu\u00e1r elsej\u00e9t\u0151l pedig a mag\u00e1nszem\u00e9lyeknek ki\u00e1ll\u00edtott sz\u00e1ml\u00e1k adatait is be kell k\u00fcldeni a hivatalnak.<br \/>\n    Izer Norbert hangoztatta: az ad\u00f3elker\u00fcl\u00e9s lehet\u0151s\u00e9ge ezzel a kisebb \u00fczletekn\u00e9l is minim\u00e1lisra cs\u00f6kkenhet, amib\u0151l az \u00e1llamkassza komoly bev\u00e9telre tehet szert. Szakmai becsl\u00e9sek szerint az online sz\u00e1ml\u00e1z\u00e1s egy \u00e9v alatt 200-250 milli\u00e1rd forint pluszbev\u00e9telt hozott, a rendszer kiterjeszt\u00e9s\u00e9t\u0151l \u00fajabb t\u00edzmilli\u00e1rdok rem\u00e9lhet\u0151k.(MTI)<br \/>\n<div class=\"ads-in-post2\"><script async src=\"https:\/\/pagead2.googlesyndication.com\/pagead\/js\/adsbygoogle.js\"><\/script>\r\n<ins class=\"adsbygoogle\"\r\n     style=\"display:block\"\r\n     data-ad-format=\"fluid\"\r\n     data-ad-layout-key=\"-6t+ed+2i-1n-4w\"\r\n     data-ad-client=\"ca-pub-1959107119989764\"\r\n     data-ad-slot=\"4008251320\"><\/ins>\r\n<script>\r\n     (adsbygoogle = window.adsbygoogle || []).push({});\r\n<\/script><\/div>\n","protected":false},"excerpt":{"rendered":"<p>Az egys\u00e9ges tb-j\u00e1rul\u00e9krendszer kialak\u00edt\u00e1sa korszakos jelent\u0151s\u00e9g\u0171nek nevezhet\u0151, mert garant\u00e1lja a szab\u00e1lyoz\u00e1s \u00e1tl\u00e1that\u00f3s\u00e1g\u00e1t, emellett fontos r\u00e9sze annak a programnak, amellyel a korm\u00e1ny az ad\u00f3fajt\u00e1k egyharmad\u00e1t elt\u00f6rli &#8211; mondta a p\u00e9nteki Magyar Nemzetnek Izer Norbert ad\u00f3\u00fcgyi \u00e1llamtitk\u00e1r annak kapcs\u00e1n, hogy a P\u00e9nz\u00fcgyminiszt\u00e9rium a h\u00e9ten beny\u00fajtotta a vonatkoz\u00f3 t\u00f6rv\u00e9nyjavaslatokat.<\/p>\n","protected":false},"author":1,"featured_media":0,"comment_status":"closed","ping_status":"open","sticky":false,"template":"","format":"standard","meta":[],"categories":[20,19],"tags":[],"_links":{"self":[{"href":"https:\/\/gazdasagportal.hu\/index.php\/wp-json\/wp\/v2\/posts\/121330"}],"collection":[{"href":"https:\/\/gazdasagportal.hu\/index.php\/wp-json\/wp\/v2\/posts"}],"about":[{"href":"https:\/\/gazdasagportal.hu\/index.php\/wp-json\/wp\/v2\/types\/post"}],"author":[{"embeddable":true,"href":"https:\/\/gazdasagportal.hu\/index.php\/wp-json\/wp\/v2\/users\/1"}],"replies":[{"embeddable":true,"href":"https:\/\/gazdasagportal.hu\/index.php\/wp-json\/wp\/v2\/comments?post=121330"}],"version-history":[{"count":1,"href":"https:\/\/gazdasagportal.hu\/index.php\/wp-json\/wp\/v2\/posts\/121330\/revisions"}],"predecessor-version":[{"id":121331,"href":"https:\/\/gazdasagportal.hu\/index.php\/wp-json\/wp\/v2\/posts\/121330\/revisions\/121331"}],"wp:attachment":[{"href":"https:\/\/gazdasagportal.hu\/index.php\/wp-json\/wp\/v2\/media?parent=121330"}],"wp:term":[{"taxonomy":"category","embeddable":true,"href":"https:\/\/gazdasagportal.hu\/index.php\/wp-json\/wp\/v2\/categories?post=121330"},{"taxonomy":"post_tag","embeddable":true,"href":"https:\/\/gazdasagportal.hu\/index.php\/wp-json\/wp\/v2\/tags?post=121330"}],"curies":[{"name":"wp","href":"https:\/\/api.w.org\/{rel}","templated":true}]}}