{"id":121305,"date":"2019-11-14T15:23:38","date_gmt":"2019-11-14T14:23:38","guid":{"rendered":"http:\/\/gazdasagportal.hu\/?p=121305"},"modified":"2019-11-14T15:23:38","modified_gmt":"2019-11-14T14:23:38","slug":"emelkedtek-a-termeloi-arak-oktoberben-az-egyesult-allamokban","status":"publish","type":"post","link":"https:\/\/gazdasagportal.hu\/index.php\/emelkedtek-a-termeloi-arak-oktoberben-az-egyesult-allamokban\/","title":{"rendered":"Emelkedtek a termel\u0151i \u00e1rak okt\u00f3berben az Egyes\u00fclt \u00c1llamokban"},"content":{"rendered":"<p><strong>Okt\u00f3berben a v\u00e1rtn\u00e1l nagyobb m\u00e9rt\u00e9kben emelkedtek a termel\u0151i \u00e1rak az Egyes\u00fclt \u00c1llamokban a washingtoni munka\u00fcgyi miniszt\u00e9rium statisztikai int\u00e9zete, a Bureau of Labor Statistics cs\u00fct\u00f6rt\u00f6k\u00f6n publik\u00e1lt jelent\u00e9se szerint.<\/strong><!--more--><\/p>\n<div class=\"ads-in-post1\"><div id=\"gazdasagportal.hu_fullbanner_wideboard\"><\/div>\r\n<\/div>\n<p>Okt\u00f3berben a v\u00e1rtn\u00e1l nagyobb m\u00e9rt\u00e9kben, 0,4 sz\u00e1zal\u00e9kkal emelkedtek szezon\u00e1lis kiigaz\u00edt\u00e1ssal az el\u0151z\u0151 havihoz k\u00e9pest a termel\u0151i \u00e1rak az Egyes\u00fclt \u00c1llamokban a szeptemberi 0,3 sz\u00e1zal\u00e9kos havi cs\u00f6kken\u00e9s ut\u00e1n. Elemz\u0151k 0,3 sz\u00e1zal\u00e9kos havi n\u00f6veked\u00e9st v\u00e1rtak okt\u00f3berre. Az okt\u00f3beri 0,4 sz\u00e1zal\u00e9kos havi \u00e1remelked\u00e9s hat h\u00f3napja a legnagyobb volt az Egyes\u00fclt \u00c1llamokban.<br \/>\nAz \u00e9lelmiszer- \u00e9s energia\u00e1rakat lesz\u00e1m\u00edtva (maginfl\u00e1ci\u00f3) a termel\u0151i \u00e1rak 0,3 sz\u00e1zal\u00e9kkal emelkedtek havi b\u00e1zison okt\u00f3berben, szint\u00e9n a v\u00e1rakoz\u00e1sokat meghalad\u00f3 m\u00e9rt\u00e9kben. Okt\u00f3berre 0,2 sz\u00e1zal\u00e9kos havi n\u00f6veked\u00e9st v\u00e1rtak az elemz\u0151k a szeptemberi 0,3 sz\u00e1zal\u00e9kos havi cs\u00f6kken\u00e9s ut\u00e1n.<br \/>\nAz energia\u00e1rak 2,8 sz\u00e1zal\u00e9kkal emelkedtek okt\u00f3berben havi b\u00e1zison a szeptemberi 2,5 sz\u00e1zal\u00e9kos cs\u00f6kken\u00e9s ut\u00e1n.<br \/>\n\u00c9ves b\u00e1zison a v\u00e1rt 0,9 sz\u00e1zal\u00e9k helyett 1,1 sz\u00e1zal\u00e9kkal, 2016 okt\u00f3bere \u00f3ta a legkisebb m\u00e9rt\u00e9kben emelkedtek a termel\u0151i \u00e1rak okt\u00f3berben a szeptemberi 1,4 sz\u00e1zal\u00e9k ut\u00e1n.<br \/>\nA maginfl\u00e1ci\u00f3 \u00e9ves b\u00e1zison is nagyobbnak bizonyult a v\u00e1rtn\u00e1l, 1,6 sz\u00e1zal\u00e9k lett okt\u00f3berben a v\u00e1rt 1,5 sz\u00e1zal\u00e9k helyett, a szeptemberi 2,0 sz\u00e1zal\u00e9k ut\u00e1n.<br \/>\nA termel\u0151i \u00e1rak v\u00e1rtn\u00e1l nagyobb emelked\u00e9s\u00e9t mutat\u00f3 adatok egy nappal k\u00f6vetik az okt\u00f3beri infl\u00e1ci\u00f3s adatok szerdai k\u00f6zz\u00e9t\u00e9tel\u00e9t, ami szint\u00e9n n\u00f6veked\u00e9st mutatott. A fogyaszt\u00f3i \u00e9s termel\u0151i \u00e1rak okt\u00f3beri n\u00f6veked\u00e9se alapj\u00e1n arra lehet k\u00f6vetkeztetni, hogy a lakoss\u00e1gi fogyaszt\u00e1s \u00e1rindexe (PCE) is n\u00f6vekedni fog.<br \/>\nAz amerikai jegybank szerep\u00e9t bet\u00f6lt\u0151 sz\u00f6vets\u00e9gi tartal\u00e9kbank rendszer, a Fed els\u0151sorban PCE alakul\u00e1s\u00e1t veszi figyelembe monet\u00e1ris politikai d\u00f6nt\u00e9seiben, az alapkamat meghat\u00e1roz\u00e1s\u00e1hoz. Szeptemberben a PCE 1,7 sz\u00e1zal\u00e9k volt, az okt\u00f3beri adat a h\u00f3nap folyam\u00e1n k\u00e9s\u0151bb esed\u00e9kes. A Fed &#8222;k\u00e9t sz\u00e1zal\u00e9kot k\u00f6zel\u00edt\u0151&#8221; infl\u00e1ci\u00f3s c\u00e9lt t\u0171z\u00f6tt ki maga el\u00e9. A Fed az elm\u00falt h\u00f3napban az id\u00e9n m\u00e1r harmadik alkalommal cs\u00f6kkentette az ir\u00e1nyad\u00f3 doll\u00e1rkamatot \u00e9s jelezte egy\u00fattal a laz\u00edt\u00e1si szakasz v\u00e9g\u00e9t. A legfrissebb infl\u00e1ci\u00f3s adatok al\u00e1t\u00e1masztj\u00e1k a Fed sz\u00e1nd\u00e9k\u00e1t a monet\u00e1ris laz\u00edt\u00e1s befejez\u00e9s\u00e9re.<br \/>\n<a title=\"Hely megnyit\u00e1sa\" href=\"https:\/\/www.bls.gov\/news.release\/ppi.nr0.htm\" target=\"_blank\" rel=\"noopener noreferrer\">https:\/\/www.bls.gov\/news.release\/ppi.nr0.htm<\/a><\/p>\n<p>&nbsp;<br \/>\n<div class=\"ads-in-post2\"><script async src=\"https:\/\/pagead2.googlesyndication.com\/pagead\/js\/adsbygoogle.js\"><\/script>\r\n<ins class=\"adsbygoogle\"\r\n     style=\"display:block\"\r\n     data-ad-format=\"fluid\"\r\n     data-ad-layout-key=\"-6t+ed+2i-1n-4w\"\r\n     data-ad-client=\"ca-pub-1959107119989764\"\r\n     data-ad-slot=\"4008251320\"><\/ins>\r\n<script>\r\n     (adsbygoogle = window.adsbygoogle || []).push({});\r\n<\/script><\/div>\n","protected":false},"excerpt":{"rendered":"<p>Okt\u00f3berben a v\u00e1rtn\u00e1l nagyobb m\u00e9rt\u00e9kben emelkedtek a termel\u0151i \u00e1rak az Egyes\u00fclt \u00c1llamokban a washingtoni munka\u00fcgyi miniszt\u00e9rium statisztikai int\u00e9zete, a Bureau of Labor Statistics cs\u00fct\u00f6rt\u00f6k\u00f6n publik\u00e1lt jelent\u00e9se szerint.<\/p>\n","protected":false},"author":1,"featured_media":0,"comment_status":"closed","ping_status":"open","sticky":false,"template":"","format":"standard","meta":[],"categories":[246],"tags":[],"_links":{"self":[{"href":"https:\/\/gazdasagportal.hu\/index.php\/wp-json\/wp\/v2\/posts\/121305"}],"collection":[{"href":"https:\/\/gazdasagportal.hu\/index.php\/wp-json\/wp\/v2\/posts"}],"about":[{"href":"https:\/\/gazdasagportal.hu\/index.php\/wp-json\/wp\/v2\/types\/post"}],"author":[{"embeddable":true,"href":"https:\/\/gazdasagportal.hu\/index.php\/wp-json\/wp\/v2\/users\/1"}],"replies":[{"embeddable":true,"href":"https:\/\/gazdasagportal.hu\/index.php\/wp-json\/wp\/v2\/comments?post=121305"}],"version-history":[{"count":1,"href":"https:\/\/gazdasagportal.hu\/index.php\/wp-json\/wp\/v2\/posts\/121305\/revisions"}],"predecessor-version":[{"id":121306,"href":"https:\/\/gazdasagportal.hu\/index.php\/wp-json\/wp\/v2\/posts\/121305\/revisions\/121306"}],"wp:attachment":[{"href":"https:\/\/gazdasagportal.hu\/index.php\/wp-json\/wp\/v2\/media?parent=121305"}],"wp:term":[{"taxonomy":"category","embeddable":true,"href":"https:\/\/gazdasagportal.hu\/index.php\/wp-json\/wp\/v2\/categories?post=121305"},{"taxonomy":"post_tag","embeddable":true,"href":"https:\/\/gazdasagportal.hu\/index.php\/wp-json\/wp\/v2\/tags?post=121305"}],"curies":[{"name":"wp","href":"https:\/\/api.w.org\/{rel}","templated":true}]}}