{"id":121258,"date":"2019-11-13T13:25:12","date_gmt":"2019-11-13T12:25:12","guid":{"rendered":"http:\/\/gazdasagportal.hu\/?p=121258"},"modified":"2019-11-13T13:25:12","modified_gmt":"2019-11-13T12:25:12","slug":"uj-regionalis-elosztokozpontot-nyitott-a-tesco-polgaron","status":"publish","type":"post","link":"https:\/\/gazdasagportal.hu\/index.php\/uj-regionalis-elosztokozpontot-nyitott-a-tesco-polgaron\/","title":{"rendered":"\u00daj region\u00e1lis eloszt\u00f3k\u00f6zpontot nyitott a Tesco Polg\u00e1ron"},"content":{"rendered":"<p><strong>November elej\u00e9n megkezdte m\u0171k\u00f6d\u00e9s\u00e9t a Tesco els\u0151, saj\u00e1t m\u0171k\u00f6dtet\u00e9s\u0171 \u00e9szakkeleti region\u00e1lis eloszt\u00f3k\u00f6zpontja a Polg\u00e1ri Ipari Parkban. Az \u00faj egys\u00e9g k\u00e9pes lesz gyorsan reag\u00e1lni a k\u00f6rzet 16 \u00e1ruh\u00e1z\u00e1nak ig\u00e9nyeire, saj\u00e1t \u00e1ruk\u00e9szlet\u00e9b\u0151l az eddigin\u00e9l r\u00f6videbb id\u0151 alatt tudja teljes\u00edteni a sz\u00e1ll\u00edt\u00e1sokat, amivel jav\u00edtja a term\u00e9kek \u00e1ruh\u00e1zi el\u00e9rhet\u0151s\u00e9g\u00e9t.<\/strong><!--more--><\/p>\n<div class=\"ads-in-post1\"><div id=\"gazdasagportal.hu_fullbanner_wideboard\"><\/div>\r\n<\/div>\n<p>\u201eA v\u00e1s\u00e1rl\u00f3i \u00e9lm\u00e9ny egyik alapvet\u0151 eleme az, hogy a term\u00e9kek folyamatosan el\u00e9rhet\u0151ek legyenek. A Tesco az\u00e9rt nyitotta polg\u00e1ri egys\u00e9g\u00e9t, hogy Debrecen, Eger, Kazincbarcika, Mez\u0151k\u00f6vesd, Miskolc, Ny\u00edregyh\u00e1za \u00e9s Tisza\u00fajv\u00e1ros v\u00e1s\u00e1rl\u00f3i sz\u00e1m\u00e1ra az eddigiekn\u00e9l is jobb el\u00e9rhet\u0151s\u00e9get, jobb v\u00e1s\u00e1rl\u00f3i \u00e9lm\u00e9nyt biztos\u00edtson\u201d \u2013 mondta R\u00e1cz G\u00e1bor. A Tesco disztrib\u00faci\u00f3s vezet\u0151je hozz\u00e1tette: \u201ea polg\u00e1ri eloszt\u00f3k\u00f6zpont k\u00e9pes gyorsabban reag\u00e1lni a k\u00f6rzet 16 \u00e1ruh\u00e1z\u00e1nak ig\u00e9nyeire, saj\u00e1t \u00e1ruk\u00e9szlet\u00e9b\u0151l pedig az eddigin\u00e9l r\u00f6videbb id\u0151 alatt tudja teljes\u00edteni a sz\u00e1ll\u00edt\u00e1sokat, ezzel is jav\u00edtva a legn\u00e9pszer\u0171bb term\u00e9kek \u00e1ruh\u00e1zi el\u00e9rhet\u0151s\u00e9g\u00e9t \u00e9s a kiszolg\u00e1l\u00e1s min\u0151s\u00e9g\u00e9t\u201d.<br \/>\n<script async src=\"\/\/pagead2.googlesyndication.com\/pagead\/js\/adsbygoogle.js\"><\/script><br \/>\n<!-- 640x400 --><br \/>\n<ins class=\"adsbygoogle\"\n     style=\"display:inline-block;width:640px;height:400px\"\n     data-ad-client=\"ca-pub-1959107119989764\"\n     data-ad-slot=\"6491857550\"><\/ins><br \/>\n<script>\n(adsbygoogle = window.adsbygoogle || []).push({});\n<\/script><br \/>\nAz \u00e1ruh\u00e1zl\u00e1ncnak ez az els\u0151, saj\u00e1t m\u0171k\u00f6dtet\u00e9s\u0171 region\u00e1lis eloszt\u00f3k\u00f6zpontja; az \u00e1ruh\u00e1zak \u00e9s a polg\u00e1ri egys\u00e9g ell\u00e1t\u00e1s\u00e1\u00e9rt r\u00e9szben a gy\u00e1li \u00e9s a herceghalmi logisztikai k\u00f6zpontok felelnek, az \u00e1ru jelent\u0151sebb r\u00e9sz\u00e9t pedig a sz\u00e1ll\u00edt\u00f3k k\u00f6zvetlen\u00fcl Polg\u00e1r region\u00e1lis rakt\u00e1r\u00e1ba fogj\u00e1k besz\u00e1ll\u00edtani. A polg\u00e1ri eloszt\u00f3k\u00f6zpont 22 \u00faj munkahelyet teremtett \u00e9s alapvet\u0151en sz\u00e1raz\u00e1rut sz\u00e1ll\u00edt az \u00e1ruh\u00e1zakba. A Tesco tervei szerint a mostani l\u00e9p\u00e9s az els\u0151 f\u00e1zis, a k\u00f6zelj\u00f6v\u0151ben tov\u00e1bb k\u00edv\u00e1nja b\u0151v\u00edteni mind a rakt\u00e1r kapacit\u00e1s\u00e1t, mind pedig a munkaer\u0151 l\u00e9tsz\u00e1mot.<br \/>\n<div class=\"ads-in-post2\"><script async src=\"https:\/\/pagead2.googlesyndication.com\/pagead\/js\/adsbygoogle.js\"><\/script>\r\n<ins class=\"adsbygoogle\"\r\n     style=\"display:block\"\r\n     data-ad-format=\"fluid\"\r\n     data-ad-layout-key=\"-6t+ed+2i-1n-4w\"\r\n     data-ad-client=\"ca-pub-1959107119989764\"\r\n     data-ad-slot=\"4008251320\"><\/ins>\r\n<script>\r\n     (adsbygoogle = window.adsbygoogle || []).push({});\r\n<\/script><\/div>\n","protected":false},"excerpt":{"rendered":"<p>November elej\u00e9n megkezdte m\u0171k\u00f6d\u00e9s\u00e9t a Tesco els\u0151, saj\u00e1t m\u0171k\u00f6dtet\u00e9s\u0171 \u00e9szakkeleti region\u00e1lis eloszt\u00f3k\u00f6zpontja a Polg\u00e1ri Ipari Parkban. Az \u00faj egys\u00e9g k\u00e9pes lesz gyorsan reag\u00e1lni a k\u00f6rzet 16 \u00e1ruh\u00e1z\u00e1nak ig\u00e9nyeire, saj\u00e1t \u00e1ruk\u00e9szlet\u00e9b\u0151l az eddigin\u00e9l r\u00f6videbb id\u0151 alatt tudja teljes\u00edteni a sz\u00e1ll\u00edt\u00e1sokat, amivel jav\u00edtja a term\u00e9kek \u00e1ruh\u00e1zi el\u00e9rhet\u0151s\u00e9g\u00e9t.<\/p>\n","protected":false},"author":1,"featured_media":0,"comment_status":"closed","ping_status":"open","sticky":false,"template":"","format":"standard","meta":[],"categories":[19],"tags":[],"_links":{"self":[{"href":"https:\/\/gazdasagportal.hu\/index.php\/wp-json\/wp\/v2\/posts\/121258"}],"collection":[{"href":"https:\/\/gazdasagportal.hu\/index.php\/wp-json\/wp\/v2\/posts"}],"about":[{"href":"https:\/\/gazdasagportal.hu\/index.php\/wp-json\/wp\/v2\/types\/post"}],"author":[{"embeddable":true,"href":"https:\/\/gazdasagportal.hu\/index.php\/wp-json\/wp\/v2\/users\/1"}],"replies":[{"embeddable":true,"href":"https:\/\/gazdasagportal.hu\/index.php\/wp-json\/wp\/v2\/comments?post=121258"}],"version-history":[{"count":1,"href":"https:\/\/gazdasagportal.hu\/index.php\/wp-json\/wp\/v2\/posts\/121258\/revisions"}],"predecessor-version":[{"id":121259,"href":"https:\/\/gazdasagportal.hu\/index.php\/wp-json\/wp\/v2\/posts\/121258\/revisions\/121259"}],"wp:attachment":[{"href":"https:\/\/gazdasagportal.hu\/index.php\/wp-json\/wp\/v2\/media?parent=121258"}],"wp:term":[{"taxonomy":"category","embeddable":true,"href":"https:\/\/gazdasagportal.hu\/index.php\/wp-json\/wp\/v2\/categories?post=121258"},{"taxonomy":"post_tag","embeddable":true,"href":"https:\/\/gazdasagportal.hu\/index.php\/wp-json\/wp\/v2\/tags?post=121258"}],"curies":[{"name":"wp","href":"https:\/\/api.w.org\/{rel}","templated":true}]}}