{"id":121248,"date":"2019-11-13T08:31:53","date_gmt":"2019-11-13T07:31:53","guid":{"rendered":"http:\/\/gazdasagportal.hu\/?p=121248"},"modified":"2019-11-13T08:31:53","modified_gmt":"2019-11-13T07:31:53","slug":"a-tesla-berlinben-epiti-meg-elso-europai-gyarat","status":"publish","type":"post","link":"https:\/\/gazdasagportal.hu\/index.php\/a-tesla-berlinben-epiti-meg-elso-europai-gyarat\/","title":{"rendered":"A Tesla Berlinben \u00e9p\u00edti meg els\u0151 eur\u00f3pai gy\u00e1r\u00e1t"},"content":{"rendered":"<p><strong>Berlin mellett \u00e9p\u00edti fel els\u0151 eur\u00f3pai \u00fczem\u00e9t a Tesla &#8211; jelentette be Elon Musk, az elektromos aut\u00f3kat gy\u00e1rt\u00f3 amerikai t\u00e1rsas\u00e1g vezet\u0151je a n\u00e9met f\u0151v\u00e1rosban kedd este.<\/strong><!--more--><\/p>\n<div class=\"ads-in-post1\"><div id=\"gazdasagportal.hu_fullbanner_wideboard\"><\/div>\r\n<\/div>\n<p>    Elon Musk a Bild c\u00edm\u0171 lap \u00e9s aut\u00f3s magazinja, az Auto Bild k\u00f6z\u00f6s aut\u00f3ipari elismer\u00e9se, a Das Goldene Lenkrad (Az arany korm\u00e1nyker\u00e9k) nev\u0171 d\u00edj \u00e1tad\u00f3 g\u00e1l\u00e1j\u00e1n elmondta, hogy a k\u00e9sz\u00fcl\u0151 \u00faj berlin-brandenburgi nemzetk\u00f6zi rep\u00fcl\u0151t\u00e9r (BER)  k\u00f6zel\u00e9ben \u00e9p\u00edtik fel els\u0151 eur\u00f3pai &#8211; \u00e9s a sanghaji \u00fczem ut\u00e1n m\u00e1sodik Amerik\u00e1n k\u00edv\u00fcli &#8211; gy\u00e1rukat.<br \/>\n    Az \u00fczemben akkumul\u00e1torokat \u00e9s meghajt\u00e1si rendszereket gy\u00e1rtanak majd \u00e9s kocsikat szerelnek \u00f6ssze. Az els\u0151 aut\u00f3 a Model Y lesz &#8211; k\u00f6z\u00f6lte Elon Musk.<br \/>\n    A Der Tagesspiegel c\u00edm\u0171 lap szerint a v\u00e1llalat k\u00e9pvisel\u0151i h\u00f3napok \u00f3ta t\u00e1rgyaltak a Berlin k\u00f6r\u00fcl elter\u00fcl\u0151 Brandenburg tartom\u00e1ny korm\u00e1ny\u00e1val a beruh\u00e1z\u00e1sr\u00f3l, \u00e9s Elon Musk kedden \u00edrt al\u00e1 hivatalos meg\u00e1llapod\u00e1st J\u00f6rg Steinbach gazdas\u00e1gi miniszterrel.<br \/>\n    Az \u00fczemet a Gr\u00fcnheide nev\u0171 telep\u00fcl\u00e9sn\u00e9l \u00e9p\u00edtik fel, amely a berlini v\u00e1roshat\u00e1rt\u00f3l nagyj\u00e1b\u00f3l 10 kilom\u00e9terre d\u00e9lkeletre fekszik, \u00e9s kor\u00e1bban a BMW egy v\u00e9g\u00fcl meg nem val\u00f3s\u00edtott beruh\u00e1z\u00e1s\u00e1nak helysz\u00ednek\u00e9nt is sz\u00f3ba ker\u00fclt.<br \/>\n<script async src=\"\/\/pagead2.googlesyndication.com\/pagead\/js\/adsbygoogle.js\"><\/script><br \/>\n<!-- 640x400 --><br \/>\n<ins class=\"adsbygoogle\"\n     style=\"display:inline-block;width:640px;height:400px\"\n     data-ad-client=\"ca-pub-1959107119989764\"\n     data-ad-slot=\"6491857550\"><\/ins><br \/>\n<script>\n(adsbygoogle = window.adsbygoogle || []).push({});\n<\/script><br \/>\n    A Gigafactory 4 nev\u0171 Tesla-gy\u00e1r 10 ezer \u00faj munkahelyet jelent a t\u00e9rs\u00e9gnek. Az \u00fczemmel egy\u00fctt egy m\u00e9rn\u00f6ki \u00e9s egy formatervez\u00e9si k\u00f6zpontot is kialak\u00edtanak. A termel\u00e9s megkezd\u00e9s\u00e9re m\u00e9g nincs hivatalos id\u0151pont, val\u00f3sz\u00edn\u0171leg 2021 v\u00e9g\u00e9t c\u00e9lozz\u00e1k majd meg.<br \/>\n    Az \u00fczem a sanghaji Gigafactory 3 p\u00e9ld\u00e1j\u00e1t k\u00f6vetheti. A k\u00ednai nagyv\u00e1rosn\u00e1l egy \u00e9vn\u00e9l r\u00f6videbb id\u0151 alatt \u00e9p\u00edtettek Tesla-gy\u00e1rat, amely nemr\u00e9giben kapta meg a m\u0171k\u00f6d\u00e9si enged\u00e9lyt, \u00e9s \u00e9vi 150 ezer darabos kapacit\u00e1ssal kezdi meg a termel\u00e9st &#8211; \u00edrta a Der Tagesspiegel.<br \/>\n    A Tesl\u00e1n\u00e1l \u00e9vek \u00f3ta tervezik egy eur\u00f3pai gy\u00e1r fel\u00e9p\u00edt\u00e9s\u00e9t. N\u00e9metorsz\u00e1gb\u00f3l t\u00f6bb aut\u00f3ipari fellegv\u00e1r, p\u00e9ld\u00e1ul Bajororsz\u00e1g \u00e9s Als\u00f3-Sz\u00e1szorsz\u00e1g, az Audi \u00e9s a BMW, illetve a Volkswagen haz\u00e1ja igyekezett megszerezni a beruh\u00e1z\u00e1st, \u00e9s \u00e1gazati elemz\u0151i k\u00f6r\u00f6kben nemigen sz\u00e1moltak azzal, hogy befut\u00f3 lehet a sz\u00e1mottev\u0151 j\u00e1rm\u0171iparral nem rendelkez\u0151 Berlin-Brandenburg r\u00e9gi\u00f3.<br \/>\n    A Tesla a harmadik negyed\u00e9vben rekordsz\u00e1m\u00fa, 97 ezer aut\u00f3t sz\u00e1ll\u00edtott le megrendel\u0151inek, 2 sz\u00e1zal\u00e9kkal t\u00f6bbet, mint az el\u0151z\u0151 negyed\u00e9vben. A Tesla k\u00edn\u00e1lat\u00e1ban szerepl\u0151 h\u00e1rom modellb\u0151l a k\u00e9t dr\u00e1g\u00e1bb t\u00edpus, a Model S \u00e9s a Model X \u00e9rt\u00e9kes\u00edt\u00e9se 1,4 sz\u00e1zal\u00e9kkal cs\u00f6kkent, a &#8222;t\u00f6megterm\u00e9knek&#8221; sz\u00e1nt Model 3 elad\u00e1sai pedig 2,6 sz\u00e1zal\u00e9kkal n\u0151ttek.<br \/>\n    A t\u00e1rsas\u00e1g a szeptemberrel v\u00e9get \u00e9rt negyed\u00e9vben 6,3 milli\u00e1rd doll\u00e1r (1915 milli\u00e1rd forint) bev\u00e9telre tett szert, ami 8 sz\u00e1zal\u00e9kkal kevesebb az egy \u00e9vvel kor\u00e1bbin\u00e1l. Nyeres\u00e9ge 342 milli\u00f3 doll\u00e1rt tett, ami ugyan 34 sz\u00e1zal\u00e9kkal kevesebb az egy \u00e9vvel kor\u00e1bbi 516 milli\u00f3 doll\u00e1rn\u00e1l, de \u00edgy is meglepet\u00e9s, mert elemz\u0151k vesztes\u00e9gere sz\u00e1m\u00edtottak. A Tesla kilenc\u00e9ves t\u0151zsdei t\u00f6rt\u00e9net\u00e9ben ez volt az \u00f6t\u00f6dik nyeres\u00e9ges negyed\u00e9v, az \u00f6sszes t\u00f6bbi vesztes\u00e9ges volt.(MTI)<br \/>\n<div class=\"ads-in-post2\"><script async src=\"https:\/\/pagead2.googlesyndication.com\/pagead\/js\/adsbygoogle.js\"><\/script>\r\n<ins class=\"adsbygoogle\"\r\n     style=\"display:block\"\r\n     data-ad-format=\"fluid\"\r\n     data-ad-layout-key=\"-6t+ed+2i-1n-4w\"\r\n     data-ad-client=\"ca-pub-1959107119989764\"\r\n     data-ad-slot=\"4008251320\"><\/ins>\r\n<script>\r\n     (adsbygoogle = window.adsbygoogle || []).push({});\r\n<\/script><\/div>\n","protected":false},"excerpt":{"rendered":"<p>Berlin mellett \u00e9p\u00edti fel els\u0151 eur\u00f3pai \u00fczem\u00e9t a Tesla &#8211; jelentette be Elon Musk, az elektromos aut\u00f3kat gy\u00e1rt\u00f3 amerikai t\u00e1rsas\u00e1g vezet\u0151je a n\u00e9met f\u0151v\u00e1rosban kedd este.<\/p>\n","protected":false},"author":1,"featured_media":28360,"comment_status":"closed","ping_status":"open","sticky":false,"template":"","format":"standard","meta":[],"categories":[146,8,246],"tags":[],"_links":{"self":[{"href":"https:\/\/gazdasagportal.hu\/index.php\/wp-json\/wp\/v2\/posts\/121248"}],"collection":[{"href":"https:\/\/gazdasagportal.hu\/index.php\/wp-json\/wp\/v2\/posts"}],"about":[{"href":"https:\/\/gazdasagportal.hu\/index.php\/wp-json\/wp\/v2\/types\/post"}],"author":[{"embeddable":true,"href":"https:\/\/gazdasagportal.hu\/index.php\/wp-json\/wp\/v2\/users\/1"}],"replies":[{"embeddable":true,"href":"https:\/\/gazdasagportal.hu\/index.php\/wp-json\/wp\/v2\/comments?post=121248"}],"version-history":[{"count":1,"href":"https:\/\/gazdasagportal.hu\/index.php\/wp-json\/wp\/v2\/posts\/121248\/revisions"}],"predecessor-version":[{"id":121249,"href":"https:\/\/gazdasagportal.hu\/index.php\/wp-json\/wp\/v2\/posts\/121248\/revisions\/121249"}],"wp:featuredmedia":[{"embeddable":true,"href":"https:\/\/gazdasagportal.hu\/index.php\/wp-json\/wp\/v2\/media\/28360"}],"wp:attachment":[{"href":"https:\/\/gazdasagportal.hu\/index.php\/wp-json\/wp\/v2\/media?parent=121248"}],"wp:term":[{"taxonomy":"category","embeddable":true,"href":"https:\/\/gazdasagportal.hu\/index.php\/wp-json\/wp\/v2\/categories?post=121248"},{"taxonomy":"post_tag","embeddable":true,"href":"https:\/\/gazdasagportal.hu\/index.php\/wp-json\/wp\/v2\/tags?post=121248"}],"curies":[{"name":"wp","href":"https:\/\/api.w.org\/{rel}","templated":true}]}}