{"id":121192,"date":"2019-11-09T20:00:58","date_gmt":"2019-11-09T19:00:58","guid":{"rendered":"http:\/\/gazdasagportal.hu\/?p=121192"},"modified":"2019-11-09T20:00:58","modified_gmt":"2019-11-09T19:00:58","slug":"tovabbra-is-elony-a-nyelvvizsga-a-felsooktatasi-felveteli-eljaras-soran","status":"publish","type":"post","link":"https:\/\/gazdasagportal.hu\/index.php\/tovabbra-is-elony-a-nyelvvizsga-a-felsooktatasi-felveteli-eljaras-soran\/","title":{"rendered":"Tov\u00e1bbra is el\u0151ny a nyelvvizsga a fels\u0151oktat\u00e1si felv\u00e9teli elj\u00e1r\u00e1s sor\u00e1n"},"content":{"rendered":"<p><strong>Azok a di\u00e1kok, akik most jelentkeznek a fels\u0151oktat\u00e1sba, \u00e9s m\u00e1r rendelkeznek nyelvvizsg\u00e1val, tov\u00e1bbra is el\u0151nyt \u00e9lveznek a felv\u00e9teli elj\u00e1r\u00e1s sor\u00e1n, ez\u00e9rt a tud\u00e1s\u00e9rt jelent\u0151s t\u00f6bbletpont j\u00e1r majd &#8211; mondta Schanda Tam\u00e1s, az Innov\u00e1ci\u00f3s \u00e9s Technol\u00f3giai Miniszt\u00e9rium (ITM) parlamenti \u00e1llamtitk\u00e1ra szombaton, Budapesten.<\/strong><!--more--><\/p>\n<div class=\"ads-in-post1\"><div id=\"gazdasagportal.hu_fullbanner_wideboard\"><\/div>\r\n<\/div>\n<p>    Schanda Tam\u00e1s eml\u00e9keztetett a korm\u00e1ny e heti d\u00f6nt\u00e9s\u00e9re, amellyel az ITM javaslat\u00e1ra visszavonta, hogy a fels\u0151oktat\u00e1si tanulm\u00e1nyok megkezd\u00e9s\u00e9nek felt\u00e9tele egy k\u00f6z\u00e9pfok\u00fa nyelvvizsga legyen 2020-t\u00f3l. Ez nem jelenti ugyanakkor azt, hogy a korm\u00e1ny ne lenne elk\u00f6telezett az idegennyelv-tud\u00e1s fejleszt\u00e9se ir\u00e1nt, ez ugyanis nagyban szolg\u00e1lja a fiatalok versenyk\u00e9pess\u00e9g\u00e9t &#8211; hangs\u00falyozta.<br \/>\n    Ismertette: a mostani fels\u0151oktat\u00e1si elj\u00e1r\u00e1s sor\u00e1n a komplex k\u00f6z\u00e9pfok\u00fa nyelvvizsga ut\u00e1n 28 t\u00f6bbletpont, a fels\u0151fok\u00fa nyelvvizsga ut\u00e1n 40 t\u00f6bbletpont j\u00e1r majd.<br \/>\n    Hangs\u00falyozta: az\u00e9rt sem szenvednek h\u00e1tr\u00e1nyt azok, akik a 2020-as nyelvvizsg\u00e1t m\u00e1r letett\u00e9k, mert a diplom\u00e1hoz tov\u00e1bbra is sz\u00fcks\u00e9g lesz r\u00e1, illetve a fels\u0151fok\u00fa tanulm\u00e1nyok alatt is \u00f3ri\u00e1si el\u0151nyt jelent, hiszen \u00edgy k\u00f6nnyen megismerhetik a leg\u00fajabb k\u00fclf\u00f6ldi kutat\u00e1si eredm\u00e9nyeket, sz\u00e9lesebb k\u00f6rb\u0151l v\u00e1logathatnak szakirodalmat, \u00e9s a nemzetk\u00f6zi tudom\u00e1nyos v\u00e9rkering\u00e9sbe ak\u00e1r \u00f6szt\u00f6nd\u00edj-lehet\u0151s\u00e9gek kiakn\u00e1z\u00e1s\u00e1val, ak\u00e1r konferenci\u00e1kon val\u00f3 r\u00e9szv\u00e9tellel egyszer\u0171bben bekapcsol\u00f3dhatnak.<br \/>\n<script async src=\"\/\/pagead2.googlesyndication.com\/pagead\/js\/adsbygoogle.js\"><\/script><br \/>\n<!-- 640x400 --><br \/>\n<ins class=\"adsbygoogle\"\n     style=\"display:inline-block;width:640px;height:400px\"\n     data-ad-client=\"ca-pub-1959107119989764\"\n     data-ad-slot=\"6491857550\"><\/ins><br \/>\n<script>\n(adsbygoogle = window.adsbygoogle || []).push({});\n<\/script><br \/>\n    Kit\u00e9rt arra is: a szint\u00e9n felv\u00e9teli felt\u00e9telk\u00e9nt el\u0151\u00edrt egy emelt szint\u0171 \u00e9retts\u00e9gi tov\u00e1bbra is megmarad. A szab\u00e1lyokat pontos\u00edtj\u00e1k, \u00e9s m\u00e1r az els\u0151 ilyen vizsg\u00e1\u00e9rt j\u00e1r 50 pluszpont, akkor, ha 45 sz\u00e1zal\u00e9kos eredm\u00e9nyt \u00e9r el a di\u00e1k &#8211; mondta. Emelt szint\u0171 \u00e9retts\u00e9gi vizsg\u00e1\u00e9rt tov\u00e1bbra is maximum 100 t\u00f6bbletpontot lehet szerezni &#8211; jelezte Schanda Tam\u00e1s.<br \/>\n    Az \u00e1llamtitk\u00e1r k\u00e9t kiv\u00e9telt r\u00f6gz\u00edtett: akiknek m\u00e1r van diplom\u00e1juk, azoknak nem sz\u00fcks\u00e9ges emelt szint\u0171 \u00e9retts\u00e9git tenni\u00fck, a fels\u0151fok\u00fa oklev\u00e9l tulajdonk\u00e9ppen kiv\u00e1ltja azt a m\u00e1soddiplom\u00e1s k\u00e9pz\u00e9sre val\u00f3 jelentkez\u00e9skor.<br \/>\n    Nem sz\u00fcks\u00e9ges emelt szint\u0171 \u00e9retts\u00e9git tenni azon k\u00e9pz\u00e9sekn\u00e9l, amelyekn\u00e9l a felv\u00e9teli pontsz\u00e1mot kiz\u00e1r\u00f3lag a gyakorlati vizsga eredm\u00e9ny\u00e9b\u0151l sz\u00e1m\u00edtj\u00e1k. Ez a m\u0171v\u00e9szeti k\u00e9pz\u00e9s valamennyi szakj\u00e1t, a m\u0171v\u00e9szetk\u00f6zvet\u00edt\u00e9si k\u00e9pz\u00e9si ter\u00fclet szakjait, az edz\u0151 alapszakot \u00e9s a m\u0171v\u00e9szeti osztatlan tan\u00e1rszakot \u00e9rinti  &#8211; k\u00f6z\u00f6lte.<br \/>\n    Schanda Tam\u00e1s kit\u00e9rt azokra a korm\u00e1nyzati int\u00e9zked\u00e9sekre is, amelyek a nyelvtud\u00e1s fejleszt\u00e9s\u00e9t szolg\u00e1lj\u00e1k, \u00edgy arra, hogy 2018 \u00f3ta a 35 \u00e9v alattiaknak visszat\u00e9r\u00edtik egy sikeres nyelvvizsga \u00e1r\u00e1t. Eml\u00e9keztetett a diplomament\u0151 programra, amelynek k\u00f6sz\u00f6nhet\u0151en t\u00f6bb ezren tettek nyelvvizsg\u00e1t \u00e9s kapt\u00e1k meg diplom\u00e1jukat, illetve az okt\u00f3ber 1-t\u0151l a nyelvtanul\u00e1st t\u00e1mogat\u00f3 di\u00e1khitelre, amelyet f\u00e9lmilli\u00f3 forint \u00e9rt\u00e9kben lehet ig\u00e9nybe venni. A fentiek mellett a 9. \u00e9s 11. oszt\u00e1lyos tanul\u00f3k 2020-t\u00f3l k\u00e9tszer k\u00e9thetes k\u00fclf\u00f6ldi tanulm\u00e1ny\u00faton vehetnek r\u00e9szt.<br \/>\n    Horv\u00e1th Zita fels\u0151oktat\u00e1si helyettes \u00e1llamtitk\u00e1r elmondta, december 19-20. k\u00f6r\u00fcl jelenik meg a fels\u0151oktat\u00e1si felv\u00e9teli t\u00e1j\u00e9koztat\u00f3, amely r\u00e9szletesen ismerteti a v\u00e1ltoz\u00e1sokat is. A felv\u00e9teli t\u00e1j\u00e9koztat\u00f3 kiz\u00e1r\u00f3lag elektronikus form\u00e1ban lesz el\u00e9rhet\u0151, \u00e9s \u00edgy is lehet majd jelentkezni. Az \u00f6sszes fels\u0151oktat\u00e1si int\u00e9zm\u00e9ny meghirdetett k\u00e9pz\u00e9seit l\u00e1tni fogj\u00e1k a fiatalok, bele\u00e9rtve azokat a ponthat\u00e1rokat is, amelyeket a miniszt\u00e9rium hat\u00e1roz meg &#8211; jelezte a helyettes \u00e1llamtitk\u00e1r. A pontsz\u00e1mokban mark\u00e1ns elt\u00e9r\u00e9sre az el\u0151z\u0151 \u00e9vekhez k\u00e9pest nem sz\u00e1m\u00edtanak &#8211; mondta Horv\u00e1th Zita az MTI k\u00e9rd\u00e9s\u00e9re.<br \/>\n    A p\u00f3tk\u00f6tet szint\u00e9n a szok\u00e1sos id\u0151pontban, azaz janu\u00e1r 31-t\u0151l lesz el\u00e9rhet\u0151. A tov\u00e1bbi t\u00e1j\u00e9koz\u00f3d\u00e1st seg\u00edti a 2020. febru\u00e1r 15-i jelentkez\u00e9si hat\u00e1rid\u0151 el\u0151tt a janu\u00e1rban rendezend\u0151 Educatio oktat\u00e1si szakki\u00e1ll\u00edt\u00e1s is &#8211; k\u00f6z\u00f6lte a helyettes \u00e1llamtitk\u00e1r.(MTI)<br \/>\n<div class=\"ads-in-post2\"><script async src=\"https:\/\/pagead2.googlesyndication.com\/pagead\/js\/adsbygoogle.js\"><\/script>\r\n<ins class=\"adsbygoogle\"\r\n     style=\"display:block\"\r\n     data-ad-format=\"fluid\"\r\n     data-ad-layout-key=\"-6t+ed+2i-1n-4w\"\r\n     data-ad-client=\"ca-pub-1959107119989764\"\r\n     data-ad-slot=\"4008251320\"><\/ins>\r\n<script>\r\n     (adsbygoogle = window.adsbygoogle || []).push({});\r\n<\/script><\/div>\n","protected":false},"excerpt":{"rendered":"<p>Azok a di\u00e1kok, akik most jelentkeznek a fels\u0151oktat\u00e1sba, \u00e9s m\u00e1r rendelkeznek nyelvvizsg\u00e1val, tov\u00e1bbra is el\u0151nyt \u00e9lveznek a felv\u00e9teli elj\u00e1r\u00e1s sor\u00e1n, ez\u00e9rt a tud\u00e1s\u00e9rt jelent\u0151s t\u00f6bbletpont j\u00e1r majd &#8211; mondta Schanda Tam\u00e1s, az Innov\u00e1ci\u00f3s \u00e9s Technol\u00f3giai Miniszt\u00e9rium (ITM) parlamenti \u00e1llamtitk\u00e1ra szombaton, Budapesten.<\/p>\n","protected":false},"author":1001003,"featured_media":0,"comment_status":"closed","ping_status":"open","sticky":false,"template":"","format":"standard","meta":[],"categories":[4],"tags":[],"_links":{"self":[{"href":"https:\/\/gazdasagportal.hu\/index.php\/wp-json\/wp\/v2\/posts\/121192"}],"collection":[{"href":"https:\/\/gazdasagportal.hu\/index.php\/wp-json\/wp\/v2\/posts"}],"about":[{"href":"https:\/\/gazdasagportal.hu\/index.php\/wp-json\/wp\/v2\/types\/post"}],"author":[{"embeddable":true,"href":"https:\/\/gazdasagportal.hu\/index.php\/wp-json\/wp\/v2\/users\/1001003"}],"replies":[{"embeddable":true,"href":"https:\/\/gazdasagportal.hu\/index.php\/wp-json\/wp\/v2\/comments?post=121192"}],"version-history":[{"count":1,"href":"https:\/\/gazdasagportal.hu\/index.php\/wp-json\/wp\/v2\/posts\/121192\/revisions"}],"predecessor-version":[{"id":121193,"href":"https:\/\/gazdasagportal.hu\/index.php\/wp-json\/wp\/v2\/posts\/121192\/revisions\/121193"}],"wp:attachment":[{"href":"https:\/\/gazdasagportal.hu\/index.php\/wp-json\/wp\/v2\/media?parent=121192"}],"wp:term":[{"taxonomy":"category","embeddable":true,"href":"https:\/\/gazdasagportal.hu\/index.php\/wp-json\/wp\/v2\/categories?post=121192"},{"taxonomy":"post_tag","embeddable":true,"href":"https:\/\/gazdasagportal.hu\/index.php\/wp-json\/wp\/v2\/tags?post=121192"}],"curies":[{"name":"wp","href":"https:\/\/api.w.org\/{rel}","templated":true}]}}